{"id":114849,"date":"2026-01-27T09:25:07","date_gmt":"2026-01-27T09:25:07","guid":{"rendered":"https:\/\/www.europesays.com\/lv\/114849\/"},"modified":"2026-01-27T09:25:07","modified_gmt":"2026-01-27T09:25:07","slug":"pec-treneru-iniciativas-sakta-lieta-pret-sportisti-par-apmelosanu","status":"publish","type":"post","link":"https:\/\/www.europesays.com\/lv\/114849\/","title":{"rendered":"P\u0113c treneru iniciat\u012bvas s\u0101kta lieta pret sportisti par apmelo\u0161anu"},"content":{"rendered":"<p>Trenere ar\u012b l\u016bdza visas puses, kuras port\u0101lam ir sniegu\u0161as koment\u0101rus par iesp\u0113jamo vardarb\u012bbu, v\u0113rsties policij\u0101, lai treneri var aizst\u0101v\u0113ties pret \u0161iem apvainojumiem korekt\u0101 un tiesisk\u0101 veid\u0101.<\/p>\n<p>Tikm\u0113r Kellara a\u0123ent\u016brai LETA nor\u0101d\u012bja, ka ir tikai viena no &#8220;AnythingGOEs&#8221; autor\u0113m, kas piev\u0113rsusies Step\u010denko lietai, kuras atspogu\u013co\u0161ana ir &#8220;process ar vair\u0101kiem l\u012bdzstr\u0101dniekiem un redakcion\u0101lu p\u0101rskat\u012b\u0161anu pirms public\u0113\u0161anas&#8221;. Medijs \u0161ai lietai piev\u0113rsa uzman\u012bbu p\u0113c tam, kad Step\u010denko v\u0113rsa Kellaras uzman\u012bbu uz aps\u016bdz\u012bb\u0101m.<\/p>\n<p>Kellara apstiprin\u0101ja, ka vi\u0146a atsevi\u0161\u0137i str\u0101d\u0101jot ar Lambj\u0113lu un \u0160veices slido\u0161anas skolu, ta\u010du \u0161ie projekti nav saist\u012bti ar dai\u013cslido\u0161anas mediju. &#8220;&#8221;AnythingGOEs&#8221; redakcijas komandai nav nek\u0101das saist\u012bbas ar Lambj\u0113lu vai vi\u0146a slido\u0161anas skolu,&#8221; uzsv\u0113ra Kellara.<\/p>\n<p>Pag\u0101ju\u0161aj\u0101 gad\u0101 apvainojumus pret treneriem s\u0101ka izmekl\u0113t ar\u012b Starptautisk\u0101 Slido\u0161anas asoci\u0101cija (ISU). Neskatoties uz izmekl\u0113\u0161an\u0101m, igaunis Reinsalu bija Latvijas deleg\u0101cijas vad\u012bt\u0101js janv\u0101r\u012b \u0160ef\u012bld\u0101 notiku\u0161aj\u0101 Eiropas \u010dempion\u0101t\u0101.<\/p>\n<p>&#8220;Kristal Ice&#8221; treneri Reinsalu un Kova\u013ckova ir Latvijas dai\u013cslidot\u0101ja Fedira Ku\u013ci\u0161a treneri, un vi\u0146u kl\u0101tb\u016btne pl\u0101nota ar\u012b febru\u0101r\u012b gaid\u0101maj\u0101s ziemas olimpiskaj\u0101s sp\u0113l\u0113s. Kova\u013ckova akredit\u0113ta k\u0101 Latvijas deleg\u0101cijas p\u0101rst\u0101ve, bet Reinsalu, kur\u0161 pal\u012bdz ar\u012b Igaunijas dai\u013cslidot\u0101jiem, citas valsts deleg\u0101cijas sast\u0101v\u0101.<\/p>\n<p>19 gadus vec\u0101 Step\u010denko, kura start\u0113jusi tr\u012bs pasaules un divos Eiropas \u010dempion\u0101tos, p\u0113c iepriek\u0161\u0113j\u0101s sezonas \u0161obr\u012bd neturpina sportistes karjeru. Ruden\u012b Step\u010denko neatsauc\u0101s a\u0123ent\u016bras LETA aicin\u0101jumam izkl\u0101st\u012bt lietas apst\u0101k\u013cus.<\/p>\n","protected":false},"excerpt":{"rendered":"Trenere ar\u012b l\u016bdza visas puses, kuras port\u0101lam ir sniegu\u0161as koment\u0101rus par iesp\u0113jamo vardarb\u012bbu, v\u0113rsties policij\u0101, lai treneri var&hellip;\n","protected":false},"author":2,"featured_media":114850,"comment_status":"","ping_status":"","sticky":false,"template":"","format":"standard","meta":{"footnotes":""},"categories":[17],"tags":[1295,11246,35,39,38,36,37,34,40,26696,26695,3965,26697,67],"class_list":{"0":"post-114849","1":"post","2":"type-post","3":"status-publish","4":"format-standard","5":"has-post-thumbnail","7":"category-sports","8":"tag-dailslidosana","9":"tag-fedirs-kuliss","10":"tag-latvia","11":"tag-latvian","12":"tag-latviesu","13":"tag-latviesu-valoda","14":"tag-latviesuvaloda","15":"tag-latvija","16":"tag-lv","17":"tag-olga-kovalkova","18":"tag-raimo-reinsalu","19":"tag-skandali-sporta-pasaule","20":"tag-sofja-stepcenko","21":"tag-sports"},"share_on_mastodon":{"url":"https:\/\/pubeurope.com\/@lv\/115966346751156674","error":""},"_links":{"self":[{"href":"https:\/\/www.europesays.com\/lv\/wp-json\/wp\/v2\/posts\/114849","targetHints":{"allow":["GET"]}}],"collection":[{"href":"https:\/\/www.europesays.com\/lv\/wp-json\/wp\/v2\/posts"}],"about":[{"href":"https:\/\/www.europesays.com\/lv\/wp-json\/wp\/v2\/types\/post"}],"author":[{"embeddable":true,"href":"https:\/\/www.europesays.com\/lv\/wp-json\/wp\/v2\/users\/2"}],"replies":[{"embeddable":true,"href":"https:\/\/www.europesays.com\/lv\/wp-json\/wp\/v2\/comments?post=114849"}],"version-history":[{"count":0,"href":"https:\/\/www.europesays.com\/lv\/wp-json\/wp\/v2\/posts\/114849\/revisions"}],"wp:featuredmedia":[{"embeddable":true,"href":"https:\/\/www.europesays.com\/lv\/wp-json\/wp\/v2\/media\/114850"}],"wp:attachment":[{"href":"https:\/\/www.europesays.com\/lv\/wp-json\/wp\/v2\/media?parent=114849"}],"wp:term":[{"taxonomy":"category","embeddable":true,"href":"https:\/\/www.europesays.com\/lv\/wp-json\/wp\/v2\/categories?post=114849"},{"taxonomy":"post_tag","embeddable":true,"href":"https:\/\/www.europesays.com\/lv\/wp-json\/wp\/v2\/tags?post=114849"}],"curies":[{"name":"wp","href":"https:\/\/api.w.org\/{rel}","templated":true}]}}