{"id":114861,"date":"2026-01-27T09:58:12","date_gmt":"2026-01-27T09:58:12","guid":{"rendered":"https:\/\/www.europesays.com\/lv\/114861\/"},"modified":"2026-01-27T09:58:12","modified_gmt":"2026-01-27T09:58:12","slug":"foto-%e2%9f%a9-raudaju-un-skatijos-ka-man-delam-dur-deninos-divu-mammu-pieredze-tukuma-slimnicas-bernu-nodala","status":"publish","type":"post","link":"https:\/\/www.europesays.com\/lv\/114861\/","title":{"rendered":"FOTO \u27e9 &#8220;Raud\u0101ju un skat\u012bjos, k\u0101 man d\u0113lam dur deni\u0146os.&#8221; Divu mammu pieredze Tukuma slimn\u012bcas B\u0113rnu noda\u013c\u0101"},"content":{"rendered":"<p>Janv\u0101ra s\u0101kum\u0101 L\u012bgas \u010detrus m\u0113ne\u0161us vecajam b\u0113rnam paaugstin\u0101jusies temperat\u016bra. Abi devu\u0161ies p\u0113c pal\u012bdz\u012bbas uz Tukuma slimn\u012bcas B\u0113rnu noda\u013cu. K\u0101 sarun\u0101 ar TVNET+ apgalvo sieviete, slimn\u012bc\u0101 katetra ievieto\u0161anas laik\u0101 b\u0113rns ticis sadurst\u012bts l\u012bdz raibiem zilumiem un asi\u0146ain\u0101m marl\u0113m, bez p\u0101rbaud\u0113m un skaidrojuma tika ievad\u012btas z\u0101les. T\u0101 teikt, ja nu b\u0113rnam ausis s\u0101p. Vi\u0146a gan nav vien\u012bg\u0101, kas publiski s\u016bdz\u0113jusies par pavir\u0161o attieksmi no \u0161\u012bs noda\u013cas person\u0101la puses.<\/p>\n","protected":false},"excerpt":{"rendered":"Janv\u0101ra s\u0101kum\u0101 L\u012bgas \u010detrus m\u0113ne\u0161us vecajam b\u0113rnam paaugstin\u0101jusies temperat\u016bra. Abi devu\u0161ies p\u0113c pal\u012bdz\u012bbas uz Tukuma slimn\u012bcas B\u0113rnu noda\u013cu.&hellip;\n","protected":false},"author":2,"featured_media":114862,"comment_status":"","ping_status":"","sticky":false,"template":"","format":"standard","meta":{"footnotes":""},"categories":[12],"tags":[23,9854,9819,28,29,32,33,22,30,31,35,39,38,36,37,34,40,20,26,27,24,25,900,181,787,691,21],"class_list":{"0":"post-114861","1":"post","2":"type-post","3":"status-publish","4":"format-standard","5":"has-post-thumbnail","7":"category-latvija","8":"tag-aktualitates","9":"tag-apollo-lv-redakcija-iesaka","10":"tag-arsti","11":"tag-breaking-news","12":"tag-breakingnews","13":"tag-featured-news","14":"tag-featurednews","15":"tag-headlines","16":"tag-latest-news","17":"tag-latestnews","18":"tag-latvia","19":"tag-latvian","20":"tag-latviesu","21":"tag-latviesu-valoda","22":"tag-latviesuvaloda","23":"tag-latvija","24":"tag-lv","25":"tag-news","26":"tag-popularakas-zinas","27":"tag-popularakaszinas","28":"tag-top-stories","29":"tag-topstories","30":"tag-tvnet-cilvekstasti","31":"tag-veseliba","32":"tag-veselibas-aprupe","33":"tag-veselibas-inspekcija","34":"tag-zinas"},"share_on_mastodon":{"url":"https:\/\/pubeurope.com\/@lv\/115966476478889756","error":""},"_links":{"self":[{"href":"https:\/\/www.europesays.com\/lv\/wp-json\/wp\/v2\/posts\/114861","targetHints":{"allow":["GET"]}}],"collection":[{"href":"https:\/\/www.europesays.com\/lv\/wp-json\/wp\/v2\/posts"}],"about":[{"href":"https:\/\/www.europesays.com\/lv\/wp-json\/wp\/v2\/types\/post"}],"author":[{"embeddable":true,"href":"https:\/\/www.europesays.com\/lv\/wp-json\/wp\/v2\/users\/2"}],"replies":[{"embeddable":true,"href":"https:\/\/www.europesays.com\/lv\/wp-json\/wp\/v2\/comments?post=114861"}],"version-history":[{"count":0,"href":"https:\/\/www.europesays.com\/lv\/wp-json\/wp\/v2\/posts\/114861\/revisions"}],"wp:featuredmedia":[{"embeddable":true,"href":"https:\/\/www.europesays.com\/lv\/wp-json\/wp\/v2\/media\/114862"}],"wp:attachment":[{"href":"https:\/\/www.europesays.com\/lv\/wp-json\/wp\/v2\/media?parent=114861"}],"wp:term":[{"taxonomy":"category","embeddable":true,"href":"https:\/\/www.europesays.com\/lv\/wp-json\/wp\/v2\/categories?post=114861"},{"taxonomy":"post_tag","embeddable":true,"href":"https:\/\/www.europesays.com\/lv\/wp-json\/wp\/v2\/tags?post=114861"}],"curies":[{"name":"wp","href":"https:\/\/api.w.org\/{rel}","templated":true}]}}