{"id":114865,"date":"2026-01-27T10:04:11","date_gmt":"2026-01-27T10:04:11","guid":{"rendered":"https:\/\/www.europesays.com\/lv\/114865\/"},"modified":"2026-01-27T10:04:11","modified_gmt":"2026-01-27T10:04:11","slug":"uznemeja-lubkas-slepkaviba-apsudzetais-teiks-pedejo-vardu","status":"publish","type":"post","link":"https:\/\/www.europesays.com\/lv\/114865\/","title":{"rendered":"Uz\u0146\u0113m\u0113ja \u013bubkas slepkav\u012bb\u0101 aps\u016bdz\u0113tais teiks p\u0113d\u0113jo v\u0101rdu"},"content":{"rendered":"<p>Tiesu debat\u0113s prokurors l\u016bdzis piespriests aps\u016bdz\u0113tajam 18 gadu un se\u0161u m\u0113ne\u0161u cietumsodu, un prob\u0101cijas uzraudz\u012bbu uz tr\u012bs gadiem.<\/p>\n<p>T\u0101pat prokurors l\u016bdz piedz\u012bt no aps\u016bdz\u0113t\u0101 noziedz\u012bga nodar\u012bjuma izdar\u012b\u0161anas priek\u0161meta &#8211; automa\u0161\u012bnas &#8211; v\u0113rt\u012bbu 5600 eiro apm\u0113r\u0101, k\u0101 ar\u012b valsts lab\u0101 3100 eiro saist\u012bb\u0101 ar Tiesu administr\u0101cijas izmaks\u0101to valsts kompens\u0101ciju cietu\u0161ajiem.<\/p>\n<p>Prokurors ar\u012b l\u016bdzis apmierin\u0101t cietu\u0161o kompens\u0101cijas pieteikumu un piedz\u012bt mor\u0101lo kait\u0113jumu 100 000 eiro un mantisko zaud\u0113jumu 4953 eiro saist\u012bb\u0101 ar juridisk\u0101s pal\u012bdz\u012bbas snieg\u0161anu.<\/p>\n<p>Liet\u0101 aps\u016bdz\u0113ts 1975. gad\u0101 dzimu\u0161ais Haits, kuram tiek inkrimin\u0113ta <a href=\"https:\/\/www.apollo.lv\/term\/566969\/slepkaviba\" class=\"topicLink\" target=\"_blank\" rel=\"nofollow noopener\">slepkav\u012bba<\/a> pastiprino\u0161os apst\u0101k\u013cos un \u0161aujamiero\u010da ieg\u0101de, glab\u0101\u0161ana, n\u0113s\u0101\u0161ana, p\u0101rvad\u0101\u0161ana vai realiz\u0113\u0161ana bez attiec\u012bgas at\u013caujas.<\/p>\n<p>Maksim\u0101lais sods par slepkav\u012bbu pastiprino\u0161os apst\u0101k\u013cos ir m\u016b\u017ea ieslodz\u012bjums.<\/p>\n<p>Savuk\u0101rt 1991. gad\u0101 dzimu\u0161o Konstant\u012bnu Belokurovu, kur\u0161 Haitu aizveda no notikuma vietas, aps\u016bdz par l\u012bdzdal\u012bbu slepkav\u012bb\u0101 pastiprino\u0161os apst\u0101k\u013cos, k\u0101 ar\u012b par somas nozag\u0161anu no \u013bubkas automa\u0161\u012bnas. Vi\u0146a lieta izdal\u012bta cit\u0101 krimin\u0101lproces\u0101 un <a href=\"https:\/\/www.apollo.lv\/term\/556762\/tiesas\" class=\"topicLink\" target=\"_blank\" rel=\"nofollow noopener\">tiesas<\/a> process turpin\u0101s.<\/p>\n","protected":false},"excerpt":{"rendered":"Tiesu debat\u0113s prokurors l\u016bdzis piespriests aps\u016bdz\u0113tajam 18 gadu un se\u0161u m\u0113ne\u0161u cietumsodu, un prob\u0101cijas uzraudz\u012bbu uz tr\u012bs gadiem.&hellip;\n","protected":false},"author":2,"featured_media":90202,"comment_status":"","ping_status":"","sticky":false,"template":"","format":"standard","meta":{"footnotes":""},"categories":[12],"tags":[23,14082,28,29,32,33,22,30,31,35,39,38,36,37,34,40,20,26,27,595,314,375,18411,24,25,21],"class_list":{"0":"post-114865","1":"post","2":"type-post","3":"status-publish","4":"format-standard","5":"has-post-thumbnail","7":"category-latvija","8":"tag-aktualitates","9":"tag-andra-lubkas-slepkaviba","10":"tag-breaking-news","11":"tag-breakingnews","12":"tag-featured-news","13":"tag-featurednews","14":"tag-headlines","15":"tag-latest-news","16":"tag-latestnews","17":"tag-latvia","18":"tag-latvian","19":"tag-latviesu","20":"tag-latviesu-valoda","21":"tag-latviesuvaloda","22":"tag-latvija","23":"tag-lv","24":"tag-news","25":"tag-popularakas-zinas","26":"tag-popularakaszinas","27":"tag-slepkaviba","28":"tag-slepkavibas","29":"tag-tiesa","30":"tag-tiesas","31":"tag-top-stories","32":"tag-topstories","33":"tag-zinas"},"share_on_mastodon":{"url":"https:\/\/pubeurope.com\/@lv\/115966500078243367","error":""},"_links":{"self":[{"href":"https:\/\/www.europesays.com\/lv\/wp-json\/wp\/v2\/posts\/114865","targetHints":{"allow":["GET"]}}],"collection":[{"href":"https:\/\/www.europesays.com\/lv\/wp-json\/wp\/v2\/posts"}],"about":[{"href":"https:\/\/www.europesays.com\/lv\/wp-json\/wp\/v2\/types\/post"}],"author":[{"embeddable":true,"href":"https:\/\/www.europesays.com\/lv\/wp-json\/wp\/v2\/users\/2"}],"replies":[{"embeddable":true,"href":"https:\/\/www.europesays.com\/lv\/wp-json\/wp\/v2\/comments?post=114865"}],"version-history":[{"count":0,"href":"https:\/\/www.europesays.com\/lv\/wp-json\/wp\/v2\/posts\/114865\/revisions"}],"wp:featuredmedia":[{"embeddable":true,"href":"https:\/\/www.europesays.com\/lv\/wp-json\/wp\/v2\/media\/90202"}],"wp:attachment":[{"href":"https:\/\/www.europesays.com\/lv\/wp-json\/wp\/v2\/media?parent=114865"}],"wp:term":[{"taxonomy":"category","embeddable":true,"href":"https:\/\/www.europesays.com\/lv\/wp-json\/wp\/v2\/categories?post=114865"},{"taxonomy":"post_tag","embeddable":true,"href":"https:\/\/www.europesays.com\/lv\/wp-json\/wp\/v2\/tags?post=114865"}],"curies":[{"name":"wp","href":"https:\/\/api.w.org\/{rel}","templated":true}]}}