{"id":114885,"date":"2026-01-27T10:37:12","date_gmt":"2026-01-27T10:37:12","guid":{"rendered":"https:\/\/www.europesays.com\/lv\/114885\/"},"modified":"2026-01-27T10:37:12","modified_gmt":"2026-01-27T10:37:12","slug":"hadzars-ar-red-bull-neoficiali-atrakais-barselonas-f1-testu-pirmaja-diena-f1lv-blogs","status":"publish","type":"post","link":"https:\/\/www.europesays.com\/lv\/114885\/","title":{"rendered":"Had\u017e\u0101rs ar &#8216;Red Bull&#8217; neofici\u0101li \u0101tr\u0101kais Barselonas F1 testu pirmaj\u0101 dien\u0101 : F1LV Blogs"},"content":{"rendered":"<p>Pirm\u0101 F1 pirmssezonas testu diena Barselon\u0101 nosl\u0113gusies ar p\u0101rliecino\u0161u \u201cRed Bull\u201d jaunpien\u0101c\u0113ja \u012azaka Had\u017e\u0101ra dominanci. Fran\u010du pilots dienas nosl\u0113gum\u0101 uzr\u0101d\u012bja neofici\u0101li \u0101tr\u0101ko ap\u013ca laiku 1:18,159, k\u013c\u016bstot par vienu no diviem brauc\u0113jiem, kam izdev\u0101s apli nobraukt zem 1 min\u016btes un 19 sekund\u0113m.<\/p>\n<p>Lai gan pirmaj\u0101 testu f\u0101z\u0113 ap\u013cu laiki nav galvenais r\u0101d\u012bt\u0101js, jo komandas fokus\u0113jas uz datu v\u0101k\u0161anu, sp\u0113k\u0101 st\u0101joties jaunajiem tehniskajiem noteikumiem, Had\u017e\u0101ra sniegums gan r\u012bta, gan p\u0113cpusdienas sesij\u0101s bija stabils un \u0101trs. Otraj\u0101 viet\u0101 ierindoj\u0101s D\u017eord\u017es Rasels ar \u201cMercedes\u201d, atpaliekot no l\u012bdera par pussekundi, savuk\u0101rt lab\u0101ko trijnieku nosl\u0113dza Franko Kolapinto no \u201cAlpine\u201d vien\u012bbas, kas \u0161ogad izmantos \u201cMercedes\u201d motorus.<\/p>\n<blockquote class=\"twitter-tweet\">\n<p dir=\"ltr\" lang=\"en\">And the 2026 Shakedown is under way\u2026 \ud83d\udc40<\/p>\n<p>Three teams waste no time in taking to the track!<a href=\"https:\/\/twitter.com\/hashtag\/F1?src=hash&amp;ref_src=twsrc%5Etfw\" rel=\"nofollow noopener\" target=\"_blank\">#F1<\/a> <a href=\"https:\/\/t.co\/nGNiHns8cs\" rel=\"nofollow\">pic.twitter.com\/nGNiHns8cs<\/a><\/p>\n<p>\u2014 Formula 1 (@F1) <a href=\"https:\/\/twitter.com\/F1\/status\/2015710762925174995?ref_src=twsrc%5Etfw\" rel=\"nofollow noopener\" target=\"_blank\">January 26, 2026<\/a><\/p>\n<\/blockquote>\n<p>Diena neiztika bez starpgad\u012bjumiem \u2013 tras\u0113 divas reizes tika izk\u0101rti sarkanie karogi, kad tehnisku probl\u0113mu d\u0113\u013c apst\u0101j\u0101s Kolapinto un \u201cAudi\u201d p\u0101rst\u0101vis Gabriels Bortoleto. \u0160\u012b diena bija v\u0113sturiska ar\u012b ar \u201cCadillac\u201d z\u012bmola debiju F1 aprit\u0113. No r\u012bta pie jaun\u0101 sp\u0113krata st\u016bres s\u0113d\u0101s Valteri Botass, bet p\u0113cpusdien\u0101 savus pirmos ap\u013cus jaun\u0101s komandas sast\u0101v\u0101 veica Serhio Peress. Iztur\u012bbas zi\u0146\u0101 visra\u017e\u012bg\u0101k\u0101 diena izv\u0113rt\u0101s Estebanam Okonam un \u201cHaas\u201d komandai, kuri pieveica aptuveni 150 ap\u013cus, nodro\u0161inot v\u0113rt\u012bgu inform\u0101ciju par jauno \u0161asiju un dzin\u0113ju darb\u012bbu.<\/p>\n<blockquote class=\"twitter-tweet\">\n<p dir=\"ltr\" lang=\"en\">Volume up! \ud83d\udd0a<\/p>\n<p>Here\u2019s a first look at Audi on track in Barcelona \ud83d\udc4b<a href=\"https:\/\/twitter.com\/hashtag\/F1?src=hash&amp;ref_src=twsrc%5Etfw\" rel=\"nofollow noopener\" target=\"_blank\">#F1<\/a> <a href=\"https:\/\/t.co\/VVhJWvAAL9\" rel=\"nofollow\">pic.twitter.com\/VVhJWvAAL9<\/a><\/p>\n<p>\u2014 Formula 1 (@F1) <a href=\"https:\/\/twitter.com\/F1\/status\/2015823546010710072?ref_src=twsrc%5Etfw\" rel=\"nofollow noopener\" target=\"_blank\">January 26, 2026<\/a><\/p>\n<\/blockquote>\n<p>Ar\u012b \u201cMercedes\u201d nometne var b\u016bt apmierin\u0101ta ar paveikto apjomu, jo vi\u0146u piloti Rasels un Kimi Antonelli veica otro liel\u0101ko distanci. T\u0101 k\u0101 testi Barselon\u0101 norisin\u0101s aiz sl\u0113gt\u0101m durv\u012bm un bez ofici\u0101las laika kontroles tie\u0161raides, inform\u0101cija par tras\u0113 notieko\u0161o ir ierobe\u017eota, ta\u010du pirmie secin\u0101jumi liecina, ka jaun\u0101s \u0113ras formulas ir \u0101tras, lai gan komand\u0101m v\u0113l priek\u0161\u0101 liels darbs pie uzticam\u012bbas uzlabo\u0161anas. N\u0101kam\u0101 testu diena s\u0101ksies otrdienas r\u012bt\u0101, kad tras\u0113 pl\u0101no par\u0101d\u012bties ar\u012b \u201cMcLaren\u201d un \u201cFerrari\u201d vien\u012bbas, kuras pirmo dienu izlaida.<\/p>\n<p>R\u012bta sesija:<\/p>\n<p><a href=\"https:\/\/www.europesays.com\/lv\/wp-content\/uploads\/2026\/01\/01-res.jpg\"><img fetchpriority=\"high\" decoding=\"async\" class=\"alignnone size-full wp-image-75456\" src=\"https:\/\/www.europesays.com\/lv\/wp-content\/uploads\/2026\/01\/01-res.jpg\" alt=\"\" width=\"678\" height=\"373\"  \/><\/a><\/p>\n<p>P\u0113cpusdienas sesija:<\/p>\n<p><a href=\"https:\/\/www.europesays.com\/lv\/wp-content\/uploads\/2026\/01\/02-res.jpg\"><img loading=\"lazy\" decoding=\"async\" class=\"alignnone size-full wp-image-75457\" src=\"https:\/\/www.europesays.com\/lv\/wp-content\/uploads\/2026\/01\/02-res.jpg\" alt=\"\" width=\"641\" height=\"474\"  \/><\/a><\/p>\n<p><a href=\"https:\/\/www.patreon.com\/collection\/823319\" rel=\"nofollow noopener\" target=\"_blank\"><img loading=\"lazy\" decoding=\"async\" class=\"aligncenter size-full wp-image-74708\" src=\"https:\/\/www.europesays.com\/lv\/wp-content\/uploads\/2026\/01\/Banner300x250px.jpg\" alt=\"\" width=\"300\" height=\"250\"\/><\/a><script async src=\"https:\/\/platform.twitter.com\/widgets.js\" charset=\"utf-8\"><\/script><\/p>\n","protected":false},"excerpt":{"rendered":"Pirm\u0101 F1 pirmssezonas testu diena Barselon\u0101 nosl\u0113gusies ar p\u0101rliecino\u0161u \u201cRed Bull\u201d jaunpien\u0101c\u0113ja \u012azaka Had\u017e\u0101ra dominanci. Fran\u010du pilots dienas&hellip;\n","protected":false},"author":2,"featured_media":114886,"comment_status":"","ping_status":"","sticky":false,"template":"","format":"standard","meta":{"footnotes":""},"categories":[17],"tags":[26311,8771,35,39,38,36,37,34,40,4177,67],"class_list":{"0":"post-114885","1":"post","2":"type-post","3":"status-publish","4":"format-standard","5":"has-post-thumbnail","7":"category-sports","8":"tag-f1-testi","9":"tag-izaks-hadzars","10":"tag-latvia","11":"tag-latvian","12":"tag-latviesu","13":"tag-latviesu-valoda","14":"tag-latviesuvaloda","15":"tag-latvija","16":"tag-lv","17":"tag-red-bull","18":"tag-sports"},"share_on_mastodon":{"url":"https:\/\/pubeurope.com\/@lv\/115966629865587694","error":""},"_links":{"self":[{"href":"https:\/\/www.europesays.com\/lv\/wp-json\/wp\/v2\/posts\/114885","targetHints":{"allow":["GET"]}}],"collection":[{"href":"https:\/\/www.europesays.com\/lv\/wp-json\/wp\/v2\/posts"}],"about":[{"href":"https:\/\/www.europesays.com\/lv\/wp-json\/wp\/v2\/types\/post"}],"author":[{"embeddable":true,"href":"https:\/\/www.europesays.com\/lv\/wp-json\/wp\/v2\/users\/2"}],"replies":[{"embeddable":true,"href":"https:\/\/www.europesays.com\/lv\/wp-json\/wp\/v2\/comments?post=114885"}],"version-history":[{"count":0,"href":"https:\/\/www.europesays.com\/lv\/wp-json\/wp\/v2\/posts\/114885\/revisions"}],"wp:featuredmedia":[{"embeddable":true,"href":"https:\/\/www.europesays.com\/lv\/wp-json\/wp\/v2\/media\/114886"}],"wp:attachment":[{"href":"https:\/\/www.europesays.com\/lv\/wp-json\/wp\/v2\/media?parent=114885"}],"wp:term":[{"taxonomy":"category","embeddable":true,"href":"https:\/\/www.europesays.com\/lv\/wp-json\/wp\/v2\/categories?post=114885"},{"taxonomy":"post_tag","embeddable":true,"href":"https:\/\/www.europesays.com\/lv\/wp-json\/wp\/v2\/tags?post=114885"}],"curies":[{"name":"wp","href":"https:\/\/api.w.org\/{rel}","templated":true}]}}