{"id":114898,"date":"2026-01-27T10:46:09","date_gmt":"2026-01-27T10:46:09","guid":{"rendered":"https:\/\/www.europesays.com\/lv\/114898\/"},"modified":"2026-01-27T10:46:09","modified_gmt":"2026-01-27T10:46:09","slug":"latvija-gaidams-ziemas-lielakais-sals-saks-aizsalt-rigas-licis","status":"publish","type":"post","link":"https:\/\/www.europesays.com\/lv\/114898\/","title":{"rendered":"Latvij\u0101 gaid\u0101ms ziemas liel\u0101kais sals \u2013 s\u0101ks aizsalt R\u012bgas l\u012bcis"},"content":{"rendered":"<p>Tuv\u0101kaj\u0101s dien\u0101s Eiropas zieme\u013cos pastiprin\u0101sies anticiklons un Baltijas valst\u012bs iepl\u016bd\u012bs aukst\u0101ks gaiss no Arktikas. Janv\u0101ra p\u0113d\u0113j\u0101 tre\u0161dien\u0101 Latvijas gal\u0113jos dienvidos stipri snigs, p\u0113c tam nokri\u0161\u0146u b\u016bs maz un sniega sega nek\u013c\u016bs biez\u0101ka, bet palielin\u0101sies ledus biezums up\u0113s un ezeros, s\u0101ks aizsalt R\u012bgas l\u012bcis, ledus veido\u0161an\u0101s pastiprin\u0101sies ar\u012b atkl\u0101t\u0101 j\u016br\u0101 pie Kurzemes.<\/p>\n<p>Barg\u0101kais sals gaid\u0101ms no 30. janv\u0101ra. Paredzams, ka liel\u0101 valsts da\u013c\u0101 gaisa temperat\u016bra nakt\u012bs nosl\u012bd\u0113s zem -20 gr\u0101diem un viet\u0101m austrumos var sasniegt -30 gr\u0101dus. Reiz\u0113m ar\u012b dienas vid\u016b gaisa temperat\u016bra da\u017eviet Latvij\u0101, iesp\u0113jams, sv\u0101rst\u012bsies ap -20 gr\u0101diem.<\/p>\n<p>Prognozes gan var main\u012bties, jo anticiklons var atk\u0101pties ciklona priek\u0161\u0101. \u0160\u0101d\u0101 gad\u012bjum\u0101 m\u0101ko\u0146u un v\u0113ja d\u0113\u013c sals b\u016bs maz\u0101ks.<\/p>\n<p>L\u012bdz \u0161im zem\u0101k\u0101 gaisa temperat\u016bra, kas \u0161oziem re\u0123istr\u0113ta Latvijas Vides, \u0123eolo\u0123ijas un meteorolo\u0123ijas centra nov\u0113rojumu t\u012bkl\u0101, ir -24,6 gr\u0101di 25. janv\u0101ra r\u012bt\u0101 Madon\u0101 un -24,7 gr\u0101di 20. -21. janv\u0101ra nakt\u012b Daugavpil\u012b.<\/p>\n<p>Saska\u0146\u0101 ar Eiropas Vid\u0113ja termi\u0146a laika progno\u017eu centra datiem \u0161\u012b un n\u0101kam\u0101 ned\u0113\u013ca Latvij\u0101 b\u016bs 6-10 gr\u0101dus aukst\u0101ka par normu.<\/p>\n<p>Vienlaic\u012bgi 4. febru\u0101r\u012b nosl\u0113gsies gada tum\u0161\u0101kais ceturksnis jeb sol\u0101r\u0101 <a href=\"https:\/\/ciklons.tvnet.lv\/term\/556459\/ziema\" class=\"topicLink\" target=\"_blank\" rel=\"nofollow noopener\">ziema<\/a>, un 5. febru\u0101ris b\u016bs sol\u0101r\u0101 pavasara pirm\u0101 diena. Astronomiskais pavasaris iest\u0101sies 20. mart\u0101, bet meteorolo\u0123iskais pavasaris s\u0101ksies tad, kad diennakts vid\u0113j\u0101 gaisa temperat\u016bra vismaz piecas dienas p\u0113c k\u0101rtas p\u0101rsniegs nulles atz\u012bmi.<\/p>\n","protected":false},"excerpt":{"rendered":"Tuv\u0101kaj\u0101s dien\u0101s Eiropas zieme\u013cos pastiprin\u0101sies anticiklons un Baltijas valst\u012bs iepl\u016bd\u012bs aukst\u0101ks gaiss no Arktikas. Janv\u0101ra p\u0113d\u0113j\u0101 tre\u0161dien\u0101 Latvijas&hellip;\n","protected":false},"author":2,"featured_media":114899,"comment_status":"","ping_status":"","sticky":false,"template":"","format":"standard","meta":{"footnotes":""},"categories":[12],"tags":[5869,23,28,29,32,33,22,396,397,30,31,35,39,38,36,37,34,40,20,26,27,24,25,21],"class_list":{"0":"post-114898","1":"post","2":"type-post","3":"status-publish","4":"format-standard","5":"has-post-thumbnail","7":"category-latvija","8":"tag-ziema","9":"tag-aktualitates","10":"tag-breaking-news","11":"tag-breakingnews","12":"tag-featured-news","13":"tag-featurednews","14":"tag-headlines","15":"tag-laika-zinas","16":"tag-laikapstakli","17":"tag-latest-news","18":"tag-latestnews","19":"tag-latvia","20":"tag-latvian","21":"tag-latviesu","22":"tag-latviesu-valoda","23":"tag-latviesuvaloda","24":"tag-latvija","25":"tag-lv","26":"tag-news","27":"tag-popularakas-zinas","28":"tag-popularakaszinas","29":"tag-top-stories","30":"tag-topstories","31":"tag-zinas"},"share_on_mastodon":{"url":"https:\/\/pubeurope.com\/@lv\/115966665259970495","error":""},"_links":{"self":[{"href":"https:\/\/www.europesays.com\/lv\/wp-json\/wp\/v2\/posts\/114898","targetHints":{"allow":["GET"]}}],"collection":[{"href":"https:\/\/www.europesays.com\/lv\/wp-json\/wp\/v2\/posts"}],"about":[{"href":"https:\/\/www.europesays.com\/lv\/wp-json\/wp\/v2\/types\/post"}],"author":[{"embeddable":true,"href":"https:\/\/www.europesays.com\/lv\/wp-json\/wp\/v2\/users\/2"}],"replies":[{"embeddable":true,"href":"https:\/\/www.europesays.com\/lv\/wp-json\/wp\/v2\/comments?post=114898"}],"version-history":[{"count":0,"href":"https:\/\/www.europesays.com\/lv\/wp-json\/wp\/v2\/posts\/114898\/revisions"}],"wp:featuredmedia":[{"embeddable":true,"href":"https:\/\/www.europesays.com\/lv\/wp-json\/wp\/v2\/media\/114899"}],"wp:attachment":[{"href":"https:\/\/www.europesays.com\/lv\/wp-json\/wp\/v2\/media?parent=114898"}],"wp:term":[{"taxonomy":"category","embeddable":true,"href":"https:\/\/www.europesays.com\/lv\/wp-json\/wp\/v2\/categories?post=114898"},{"taxonomy":"post_tag","embeddable":true,"href":"https:\/\/www.europesays.com\/lv\/wp-json\/wp\/v2\/tags?post=114898"}],"curies":[{"name":"wp","href":"https:\/\/api.w.org\/{rel}","templated":true}]}}