{"id":114910,"date":"2026-01-27T10:59:08","date_gmt":"2026-01-27T10:59:08","guid":{"rendered":"https:\/\/www.europesays.com\/lv\/114910\/"},"modified":"2026-01-27T10:59:08","modified_gmt":"2026-01-27T10:59:08","slug":"pardomas-latvijas-republikas-starptautiskas-atzisanas-diena","status":"publish","type":"post","link":"https:\/\/www.europesays.com\/lv\/114910\/","title":{"rendered":"P\u0101rdomas Latvijas Republikas starptautisk\u0101s atz\u012b\u0161anas dien\u0101"},"content":{"rendered":"<p>\u0160obr\u012bd pilnties\u012bgu atz\u012b\u0161anu bauda mazliet maz\u0101k par divsimt valst\u012bm, un tad ir k\u0101ds ducis ar ast\u012bti t\u0101du valstu, kuras ir da\u013c\u0113ji atz\u012btas, nemaz ner\u0113\u0137inot tautas, lielas tautas, kur\u0101m nav savas valsts. St\u0101voklis starp sp\u0113ju b\u016bt neatkar\u012bgiem un starptautisku atz\u012b\u0161anu ar\u012b var vilkties gadiem un gadu desmitiem ilgi, bet m\u016bsu zemei tas nebija nemaz tik gar\u0161 laika zi\u0146\u0101, gr\u016bts gan.<\/p>\n<p>K\u0101 m\u016bsu sen\u010di p\u0101rk\u0101pa sunim un astei, lai b\u016btu m\u016bsu valsts<\/p>\n<p>V\u0113sturnieki saka, ka v\u0113l Pirm\u0101 pasaules kara s\u0101kum\u0101 latvie\u0161i bija gana loj\u0101li Krievijas imp\u0113rijas pavalstnieki, kaut bija ar\u012b neviens vien gr\u016btums un p\u0101rbaud\u012bjums. T\u0101 gan m\u016bsu zem\u0113 daudzos aspektos bija cit\u0101d\u0101ka nek\u0101 t\u0101s mantiniece PSRS un \u0161odienas Krievija. Iemeslu starp\u0101 domin\u0113jo\u0161ais ir tas, ka latvie\u0161i k\u0101 tauta v\u0113l nebija non\u0101ku\u0161i taj\u0101 politisk\u0101s att\u012bst\u012bbas punkt\u0101, kad vairums v\u0113l\u0113tos savu valsti. Lik\u0101s, ka pietiks ar autonomiju.<\/p>\n<p>Pirmais pasaules kar\u0161 m\u016bsu zemi un tautu sk\u0101ra \u013coti smagi. K\u0101 v\u0113sturnieki saka, m\u016bsu zemi post\u012bjumu zi\u0146\u0101 apsteidza vien Be\u013c\u0123ija, bet tautas zudumu zi\u0146\u0101 \u2013 Serbija, un tie nav sasniegumi, p\u0113c kuriem dz\u012bties. Te ir runa par smagiem kauju zaud\u0113jumiem, b\u0113g\u013cu gaitu briesm\u0101m un \u0161ausm\u0101m un nezin\u0101m\u0101 kl\u0101tb\u016btni kop\u0161 1915. gada pavasara, kad \u0137eizarisk\u0101s V\u0101cijas karasp\u0113ks strauji ien\u0101ca m\u016bsu zem\u0113 un ie\u0146\u0113ma teju visu Latvijas teritoriju Daugavas kreisaj\u0101 krast\u0101 l\u012bdz miera l\u012bgumiem 1920. gada vasar\u0101. Proti, pieci gari cie\u0161anu un daudzu, daudzu zaud\u0113jumu gadi.<\/p>\n<p>Dzimtu p\u0113tnieki vairum\u0101 Latvijas dzimtu to skaidri paman\u012bs, ka l\u012bdz Pirmajam pasaules karam ir kuplas \u0123imenes, p\u0113c tam r\u0101d\u012bt\u0101ji ir jau krietni zem\u0101ki.<\/p>\n<p>Sp\u0113ja piecelties un visu atkal atjaunot m\u016bsu sen\u010dus padara par patiesi god\u0101jamiem varo\u0146iem, kas p\u0101rvar\u0113ja kara un post\u012bjumu sekas un sp\u0113ja izveidot un nosarg\u0101t savu valsti ne tikai uz vietas, bet 1921. gada 26. janv\u0101r\u012b, t\u0101tad pirms 105 gadiem, ar\u012b pan\u0101kt t\u0101s starptautisku atz\u012b\u0161anu.<\/p>\n<p>\u0145emot v\u0113r\u0101 to, ka ar\u012b tolaik ne tuvu vis\u0101m taut\u0101m bija sava valsts, \u0161o atz\u012b\u0161anu starpkaru Latvij\u0101 pamatoti svin\u0113ja ar br\u012bvdienu.<\/p>\n<p>V\u0113l viens suns, lai m\u0113s nepazaud\u0113tu savu valsti<\/p>\n<p>M\u016bsu valsts starpkaru posm\u0101 var\u0113ja past\u0101v\u0113t diezgan ierobe\u017eotu laiku. Tom\u0113r notika lielas lietas, tai skait\u0101 \u2013 piedzima un uzauga paaudze, kurai br\u012bv\u0101 Latvija bija personiska pieredze, kas gadu gait\u0101 neizpl\u0113n\u0113ja, ar\u012b ar Otr\u0101 pasaules kara un t\u0101 seku briesm\u0101m un gr\u016btumiem.<\/p>\n<p>J\u0101, m\u0113s zaud\u0113j\u0101m savu valsti k\u0101 teritoriju un iesp\u0113ju b\u016bt tautas kop\u012bb\u0101, bet visus okup\u0101cijas gadus Latvija palika k\u0101 da\u013c\u0113ji atz\u012bta valsts. Vair\u0101k\u0101s Rietumu valst\u012bs un, kas \u012bpa\u0161i svar\u012bgi, Amerikas Savienotaj\u0101s Valst\u012bs turpin\u0101ja darboties Latvijas v\u0113stniec\u012bbas, m\u016bsu valsts starptautisk\u0101 atz\u012b\u0161ana nebija pazaud\u0113ta.<\/p>\n<p>\u0160\u012b p\u0113ctec\u012bba jeb kontinuit\u0101te ir viens no iz\u0161\u0137iro\u0161ajiem faktoriem, k\u0101p\u0113c p\u0113c teju pusgadsimta okup\u0101cijas m\u016bsu zeme un valsts nebija kaut kas t\u0101ds, par ko neviens nekad neb\u016btu dzird\u0113jis vai zin\u0101jis. J\u0101, aukst\u0101 kara laik\u0101 m\u016bs okup\u0113jus\u012b PSRS \u013coti intens\u012bvi str\u0101d\u0101ja, lai ne tikai pagaisin\u0101tu no latvie\u0161u atmi\u0146\u0101m br\u012bvo Latviju, bet ar\u012b pan\u0101ktu, ka v\u0113stniec\u012bbas tiktu aizv\u0113rtas. Tom\u0113r tas t\u0101 nenotika, un bija daudz latvie\u0161u \u0101rzem\u0113s, kuriem arvien bija Latvijas Republikas izsniegta pase.<\/p>\n<p>Teju piecdesmit gadi ir ilgs laiks cilv\u0113ka dz\u012bv\u0113 \u2013 var pasp\u0113t gan b\u0113rnus izaudzin\u0101t, gan k\u013c\u016bt par vecvec\u0101kiem. T\u0101p\u0113c daudziem Latvijas nedraugiem m\u016bsu diplom\u0101tisk\u0101s p\u0101rst\u0101vniec\u012bbas lik\u0101s vien laika jaut\u0101jums. Un tom\u0113r \u2013 tie\u0161i vi\u0146u iedomas bija laika nosac\u012btas.<\/p>\n<p>Vai aste vicina suni?<\/p>\n<p>Pirms k\u0101da notikuma \u012bsteno\u0161an\u0101s ir da\u017e\u0101das idejas, kas izr\u0101d\u0101s neder\u012bgas, un ir k\u0101das lietas, par kur\u0101m iepriek\u0161 nevar\u0113ja pat iedom\u0101ties. T\u0101 ir ar\u012b valsts liet\u0101s.<\/p>\n<p>Un te nav j\u0101mekl\u0113 p\u0101rlieku t\u0101lu. Tie, kas atceras tre\u0161\u0101s atmodas un s\u0101kotn\u0113jos eiforijas pilnos gadus p\u0113c neatkar\u012bbas atg\u016b\u0161anas, var god\u012bgi atz\u012bt, ka ir tik daudz k\u0101 t\u0101da, ko m\u0113s nevar\u0113j\u0101m iedom\u0101ties toreiz. Protams, ir ar\u012b pa k\u0101dai pieviltai cer\u012bbai. Kaut kas no t\u0101 visa ir bijis pamatoti, bet kaut kas cits ir laikmeta un apk\u0101rt\u0113j\u0101s pasaules nosac\u012bts.<\/p>\n<p>M\u0113s toreiz nezin\u0101j\u0101m, ka m\u016bs piemekl\u0113s smaga pasaules m\u0113roga finan\u0161u kr\u012bze, kuras ietekm\u0113 tik daudz tautie\u0161u dosies ekonomisk\u0101 emigr\u0101cij\u0101. M\u0113s nezin\u0101j\u0101m, ka l\u012bdz daudz maz sak\u0101rtotai ekonomikai neb\u016bs viegli ejams ce\u013c\u0161. M\u0113s ar\u012b nezin\u0101j\u0101m, cik svar\u012bgi ir skat\u012bties pa\u0161iem uz saviem politi\u0137iem, nevis vaininiekus mekl\u0113t kaut kur aiz m\u016bsu robe\u017e\u0101m.<\/p>\n<p>Diem\u017e\u0113l da\u013ca m\u016bsu tautie\u0161u ir v\u012blu\u0161ies. Dom\u0101ju, ka vi\u0146i vair\u0101k fokus\u0113jas uz neveiksm\u0113m, nevis sasniegumiem. Protams, ir paaudze, kas nesp\u0113ja piel\u0101goties. Protams, ir apst\u0101k\u013ci, kas k\u0101diem bija patie\u0161\u0101m par gr\u016btu. Un tom\u0113r \u2013 es esmu piln\u012bgi p\u0101rliecin\u0101ts, ka tikai k\u0101ds naivs vai patie\u0161\u0101m ideolo\u0123iski ieregul\u0113ts cilv\u0113ks grib\u0113tu no \u0161odienas Latvijas doties uz okup\u0113to Latviju pirms 50 gadiem. T\u0101 bija ne tikai okup\u0113ta, bet ar\u012b bez daudz\u0101m un da\u017e\u0101d\u0101m kr\u0101s\u0101m un dz\u012bves prieka.<\/p>\n<p>Latvijas starptautisk\u0101s atz\u012b\u0161anas aug\u013ci \u2013 k\u0101 draudz\u012bgi luncino\u0161a su\u0146a aste vis\u0101 pasaul\u0113<\/p>\n<p>J\u0101, mums vairs nav br\u012bva diena 26. janv\u0101r\u012b Latvijas starptautisk\u0101s atz\u012b\u0161anas svin\u0113\u0161anai. Un varb\u016bt ar\u012b nevajag. Tom\u0113r iemeslu t\u0101dai b\u016btu pietiekami.<\/p>\n<p>Vispirms \u2013 m\u016bsu valsts teritorija jebkur\u0101 pasaules kart\u0113 ir mazliet cit\u0101d\u0101k iez\u012bm\u0113ta nek\u0101 zemes ap mums. Daudzi to gan nepamana un var m\u0113\u0123in\u0101t to ar\u012b noniecin\u0101t. Tom\u0113r t\u0101 nav maza lieta.<\/p>\n<p>Te var pievienot ar\u012b t\u0101du nelielu, bet gana pat\u012bkamu niansi, ka sava valsts noz\u012bm\u0113 ar\u012b savus sportistus da\u017e\u0101d\u0101s starptautisk\u0101s sacens\u012bb\u0101s. Un te liel\u0101kais sp\u0113ks ir emocion\u0101laj\u0101 l\u0101di\u0146\u0101, kas pag\u0101ju\u0161aj\u0101 gad\u0101 no tik t\u0101l\u0101s Austr\u0101lijas mums atnesa priec\u012bgo zi\u0146u par m\u016bsu pludmales volejbola d\u0101mu pan\u0101kumiem. Te bija ne tikai prieks par ab\u0101m \u010dempion\u0113m, kas tur\u0113ja augsti m\u016bsu karogu, bet ar\u012b par Austr\u0101lijas latvie\u0161iem, kurus Latvijas v\u0101rds atkal veda kop\u0101 un iepriecin\u0101ja.<\/p>\n<p>Visbeidzot \u2013 starptautiska atz\u012b\u0161ana noz\u012bm\u0113 ar\u012b to, ka m\u0113s varam sl\u0113gt da\u017e\u0101dus aizsardz\u012bbas l\u012bgumus. Ja starpkaru Latvijas \u0101rpolitiku iedzina st\u016br\u012b PSRS agres\u012bvajai politikai l\u012bdzsp\u0113l\u0113jo\u0161\u0101 nacistu ekspansija, kurai mums nebija pretl\u012bdzek\u013cu, tad \u0161obr\u012bd Latvija ir pasaul\u0113 sp\u0113c\u012bg\u0101k\u0101s aizsardz\u012bbas alianses \u2013 NATO \u2013 sast\u0101vda\u013ca, un tas mums dod pamatu daudz cer\u012bg\u0101k skat\u012bties n\u0101kotn\u0113.<\/p>\n<p>Pasaul\u0113 ir gana kuplas tautas, kuras nev\u0113las vai nevar nostiprin\u0101ties par neatkar\u012bg\u0101m valst\u012bm, un pietiekami vietu, kas ir sevi pasludin\u0101ju\u0161as par neatkar\u012bg\u0101m, bet kaut k\u0101da iemesla d\u0113\u013c patiesi neatkar\u012bgas nav k\u013cuvu\u0161as. M\u0113s Latvij\u0101 esam lutin\u0101ti, jo mums ir sava valsts, m\u0113s esam tauta, kas v\u0113las b\u016bt valsts, un m\u016bs par valsti ir atzinu\u0161as citas valstis. Un nu jau 105 gadus. Dievs, sv\u0113t\u012b Latviju!<\/p>\n","protected":false},"excerpt":{"rendered":"\u0160obr\u012bd pilnties\u012bgu atz\u012b\u0161anu bauda mazliet maz\u0101k par divsimt valst\u012bm, un tad ir k\u0101ds ducis ar ast\u012bti t\u0101du valstu,&hellip;\n","protected":false},"author":2,"featured_media":114911,"comment_status":"","ping_status":"","sticky":false,"template":"","format":"standard","meta":{"footnotes":""},"categories":[5],"tags":[23,28,29,47,32,33,22,381,64,30,31,35,39,38,36,37,34,40,20,385,26,27,172,382,384,383,24,25,21],"class_list":{"0":"post-114910","1":"post","2":"type-post","3":"status-publish","4":"format-standard","5":"has-post-thumbnail","7":"category-aktualitates","8":"tag-aktualitates","9":"tag-breaking-news","10":"tag-breakingnews","11":"tag-ekonomika","12":"tag-featured-news","13":"tag-featurednews","14":"tag-headlines","15":"tag-jaunumi","16":"tag-kultura","17":"tag-latest-news","18":"tag-latestnews","19":"tag-latvia","20":"tag-latvian","21":"tag-latviesu","22":"tag-latviesu-valoda","23":"tag-latviesuvaloda","24":"tag-latvija","25":"tag-lv","26":"tag-news","27":"tag-pieriga","28":"tag-popularakas-zinas","29":"tag-popularakaszinas","30":"tag-riga","31":"tag-sabiedriba","32":"tag-sludinajumi","33":"tag-sports-afisa","34":"tag-top-stories","35":"tag-topstories","36":"tag-zinas"},"share_on_mastodon":{"url":"https:\/\/pubeurope.com\/@lv\/115966716338555749","error":""},"_links":{"self":[{"href":"https:\/\/www.europesays.com\/lv\/wp-json\/wp\/v2\/posts\/114910","targetHints":{"allow":["GET"]}}],"collection":[{"href":"https:\/\/www.europesays.com\/lv\/wp-json\/wp\/v2\/posts"}],"about":[{"href":"https:\/\/www.europesays.com\/lv\/wp-json\/wp\/v2\/types\/post"}],"author":[{"embeddable":true,"href":"https:\/\/www.europesays.com\/lv\/wp-json\/wp\/v2\/users\/2"}],"replies":[{"embeddable":true,"href":"https:\/\/www.europesays.com\/lv\/wp-json\/wp\/v2\/comments?post=114910"}],"version-history":[{"count":0,"href":"https:\/\/www.europesays.com\/lv\/wp-json\/wp\/v2\/posts\/114910\/revisions"}],"wp:featuredmedia":[{"embeddable":true,"href":"https:\/\/www.europesays.com\/lv\/wp-json\/wp\/v2\/media\/114911"}],"wp:attachment":[{"href":"https:\/\/www.europesays.com\/lv\/wp-json\/wp\/v2\/media?parent=114910"}],"wp:term":[{"taxonomy":"category","embeddable":true,"href":"https:\/\/www.europesays.com\/lv\/wp-json\/wp\/v2\/categories?post=114910"},{"taxonomy":"post_tag","embeddable":true,"href":"https:\/\/www.europesays.com\/lv\/wp-json\/wp\/v2\/tags?post=114910"}],"curies":[{"name":"wp","href":"https:\/\/api.w.org\/{rel}","templated":true}]}}