{"id":114917,"date":"2026-01-27T11:07:07","date_gmt":"2026-01-27T11:07:07","guid":{"rendered":"https:\/\/www.europesays.com\/lv\/114917\/"},"modified":"2026-01-27T11:07:07","modified_gmt":"2026-01-27T11:07:07","slug":"darzins-ieskice-ka-latvijas-izlase-koriges-sastavu-abola-iztrukuma-del","status":"publish","type":"post","link":"https:\/\/www.europesays.com\/lv\/114917\/","title":{"rendered":"D\u0101rzi\u0146\u0161 ieskic\u0113, k\u0101 Latvijas izlase kori\u0123\u0113s sast\u0101vu \u0100bola iztr\u016bkuma d\u0113\u013c"},"content":{"rendered":"<p>Latvijas izlases treneris atzina, ka \u0100bolam bija paredz\u0113ts vair\u0101k nek\u0101 20 min\u016b\u0161u ilgs sp\u0113les laiks katr\u0101 ma\u010d\u0101. L\u012bdz ar to vado\u0161\u0101 centra uzbruc\u0113ja iztr\u016bkums komandai b\u016bs \u013coti j\u016btams.<\/p>\n<p>&#8220;Analo\u0123ijas run\u0101jot \u2013 hokeja komand\u0101 \u010detri centra uzbruc\u0113ji ir k\u0101 \u010detri rite\u0146i ma\u0161\u012bnai. Tas ir \u013coti svar\u012bgi. Ja tev p\u0113c p\u0101ris ned\u0113\u013c\u0101m ir j\u0101brauc formul\u0101 (F-1), tad tu gribi, lai visi rite\u0146i ir stabili,&#8221; t\u0113laini sac\u012bja D\u0101rzi\u0146\u0161.<\/p>\n<p>Treneris uzsv\u0113ra, ka centra uzbruc\u0113js ir komandas mugurkauls. &#8220;Izkr\u012btot Rodim, m\u0113s sliecamies, ka Zemgus vair\u0101k sp\u0113l\u0113s centra poz\u012bcij\u0101. Pirm\u0101s idejas bija, ka Zemgus sp\u0113l\u0113s mal\u0101, lai l\u012bderiem saglab\u0101tu sp\u0113les laiku.&#8221;<\/p>\n<p>Latvijas hokejisti Mil\u0101nas un Kort\u012bnas olimpiskaj\u0101s sp\u0113l\u0113s C grup\u0101 tiksies ar ASV, V\u0101ciju un D\u0101niju.<\/p>\n<p>A grup\u0101 sp\u0113kosies Kan\u0101da, \u010cehija, \u0160veice un Francija, bet B grup\u0101 c\u012bn\u012bsies Somija, Zviedrija, Slov\u0101kija un It\u0101lija.<\/p>\n<p>Katras grupas uzvar\u0113t\u0101ja un lab\u0101k\u0101 no otr\u0101s vietas ieguv\u0113j\u0101m uzreiz kvalific\u0113sies ceturtda\u013cfin\u0101lam, bet p\u0101r\u0113j\u0101s vien\u012bbas c\u012bn\u012bsies astotda\u013cfin\u0101l\u0101.<\/p>\n<p>Olimpiskais v\u012brie\u0161u hokeja turn\u012brs norisin\u0101sies no 11. l\u012bdz 22. febru\u0101rim.<\/p>\n","protected":false},"excerpt":{"rendered":"Latvijas izlases treneris atzina, ka \u0100bolam bija paredz\u0113ts vair\u0101k nek\u0101 20 min\u016b\u0161u ilgs sp\u0113les laiks katr\u0101 ma\u010d\u0101. L\u012bdz&hellip;\n","protected":false},"author":2,"featured_media":114918,"comment_status":"","ping_status":"","sticky":false,"template":"","format":"standard","meta":{"footnotes":""},"categories":[17],"tags":[836,394,721,35,39,38,36,37,34,2108,1532,18765,40,1500,1536,837,67,1906,527],"class_list":{"0":"post-114917","1":"post","2":"type-post","3":"status-publish","4":"format-standard","5":"has-post-thumbnail","7":"category-sports","8":"tag-hokeja-jaunumi","9":"tag-hokejs","10":"tag-hokejs-pasaule","11":"tag-latvia","12":"tag-latvian","13":"tag-latviesu","14":"tag-latviesu-valoda","15":"tag-latviesuvaloda","16":"tag-latvija","17":"tag-latvija-olimpiskajas-speles","18":"tag-latvijas-hokeja-izlase","19":"tag-lauris-darzins","20":"tag-lv","21":"tag-olimpiskas-speles","22":"tag-rihards-bukarts","23":"tag-rodrigo-abols","24":"tag-sports","25":"tag-zemgus-girgensons","26":"tag-ziemas-olimpiskas-speles"},"share_on_mastodon":{"url":"https:\/\/pubeurope.com\/@lv\/115966747806639081","error":""},"_links":{"self":[{"href":"https:\/\/www.europesays.com\/lv\/wp-json\/wp\/v2\/posts\/114917","targetHints":{"allow":["GET"]}}],"collection":[{"href":"https:\/\/www.europesays.com\/lv\/wp-json\/wp\/v2\/posts"}],"about":[{"href":"https:\/\/www.europesays.com\/lv\/wp-json\/wp\/v2\/types\/post"}],"author":[{"embeddable":true,"href":"https:\/\/www.europesays.com\/lv\/wp-json\/wp\/v2\/users\/2"}],"replies":[{"embeddable":true,"href":"https:\/\/www.europesays.com\/lv\/wp-json\/wp\/v2\/comments?post=114917"}],"version-history":[{"count":0,"href":"https:\/\/www.europesays.com\/lv\/wp-json\/wp\/v2\/posts\/114917\/revisions"}],"wp:featuredmedia":[{"embeddable":true,"href":"https:\/\/www.europesays.com\/lv\/wp-json\/wp\/v2\/media\/114918"}],"wp:attachment":[{"href":"https:\/\/www.europesays.com\/lv\/wp-json\/wp\/v2\/media?parent=114917"}],"wp:term":[{"taxonomy":"category","embeddable":true,"href":"https:\/\/www.europesays.com\/lv\/wp-json\/wp\/v2\/categories?post=114917"},{"taxonomy":"post_tag","embeddable":true,"href":"https:\/\/www.europesays.com\/lv\/wp-json\/wp\/v2\/tags?post=114917"}],"curies":[{"name":"wp","href":"https:\/\/api.w.org\/{rel}","templated":true}]}}