{"id":114940,"date":"2026-01-27T11:30:07","date_gmt":"2026-01-27T11:30:07","guid":{"rendered":"https:\/\/www.europesays.com\/lv\/114940\/"},"modified":"2026-01-27T11:30:07","modified_gmt":"2026-01-27T11:30:07","slug":"medijs-nak-klaja-ar-informaciju-par-sumahera-veselibas-stavokli","status":"publish","type":"post","link":"https:\/\/www.europesays.com\/lv\/114940\/","title":{"rendered":"Medijs n\u0101k klaj\u0101 ar inform\u0101ciju par \u0160\u016bmahera vesel\u012bbas st\u0101vokli"},"content":{"rendered":"<p>2013. gada decembr\u012b \u0160\u016bmahers sl\u0113po\u0161anas negad\u012bjum\u0101 guva galvas traumas un kop\u0161 t\u0101 laika nav redz\u0113ts sabiedr\u012bb\u0101.<\/p>\n<p>P\u0113c sl\u0113po\u0161anas negad\u012bjuma \u0160\u016bmahers atrad\u0101s m\u0101ksl\u012bgaj\u0101 kom\u0101. 2014. gada septembr\u012b vi\u0146\u0161 tika nog\u0101d\u0101ts m\u0101j\u0101s.<\/p>\n<p>\u0160\u016bmahera \u0123imene le\u0123end\u0101r\u0101 V\u0101cijas autosportista vesel\u012bbas st\u0101vokli gadiem ilgi tur slepen\u012bb\u0101.<\/p>\n<p>Autosportistam pietuvin\u0101ti avoti atkl\u0101ju\u0161i, ka \u0160\u016bmahers tagad sp\u0113j s\u0113d\u0113t rati\u0146kr\u0113sl\u0101 un var p\u0101rvietoties pa savu 30 miljonu britu m\u0101rci\u0146u (34,5 miljoni eiro) v\u0113rto \u012bpa\u0161umu Ma\u013cork\u0101 un 50 miljonu m\u0101rci\u0146u (57,5 miljonu eiro) v\u0113rto rezidenci \u017den\u0113vas ezera krast\u0101.<\/p>\n<p>Par autosporta le\u0123endu r\u016bp\u0113jas vi\u0146a sieva Korina, ar kuru vi\u0146\u0161 ir prec\u0113jies 30 gadus, k\u0101 ar\u012b medm\u0101su un terapeitu komanda, kas vi\u0146u apr\u016bp\u0113 24 stundas diennakt\u012b, kas izmaks\u0101 desmitiem t\u016bksto\u0161u eiro ned\u0113\u013c\u0101.<\/p>\n<p>Baumas liecina, ka \u0160\u016bmahers, kur\u0161 tiek d\u0113v\u0113ts par pirmo miljardieri sportistu, cie\u0161 no pseidokomas jeb ieslodz\u012bjuma sindroma \u2013 st\u0101vok\u013ca, kur\u0101 pacients ir pie sama\u0146as un piln\u012bb\u0101 apzin\u0101s apk\u0101rt\u0113jo vidi, bet nesp\u0113j rea\u0123\u0113t cit\u0101di, k\u0101 vien mirk\u0161\u0137inot acis.<\/p>\n<p>&#8220;Ir saj\u016bta, ka vi\u0146\u0161 saprot da\u017eas lietas, kas notiek ap vi\u0146u, bet, iesp\u0113jams, ne visas,&#8221; atkl\u0101ja \u0160\u016bmaheram pietuvin\u0101ta persona.<\/p>\n<p>Patlaban 57 gadus vecais \u0160\u016bmahers autosportista karjer\u0101 k\u013cuva par septi\u0146k\u0101rt\u0113ju <a href=\"https:\/\/sports.tvnet.lv\/term\/64950\/f-1\" class=\"topicLink\" target=\"_blank\" rel=\"nofollow noopener\">F-1<\/a> \u010dempionu, kas ir sacens\u012bbu rekords (1994., 1995., 2000., 2001., 2002., 2003. un 2004. gad\u0101).<\/p>\n<p>Tikpat sezon\u0101s uzvar\u0113jis ar\u012b brits L\u016biss Hamiltons (2008., 2014., 2015., 2017., 2018., 2019. un 2020. gad\u0101).<\/p>\n<p>\u0160\u016bmahers ir vien\u012bgais, kur\u0161 F-1 \u010dempion\u0101t\u0101 sp\u0113jis uzvar\u0113t piecas sezonas p\u0113c k\u0101rtas.<\/p>\n","protected":false},"excerpt":{"rendered":"2013. gada decembr\u012b \u0160\u016bmahers sl\u0113po\u0161anas negad\u012bjum\u0101 guva galvas traumas un kop\u0161 t\u0101 laika nav redz\u0113ts sabiedr\u012bb\u0101. P\u0113c sl\u0113po\u0161anas&hellip;\n","protected":false},"author":2,"featured_media":114941,"comment_status":"","ping_status":"","sticky":false,"template":"","format":"standard","meta":{"footnotes":""},"categories":[17],"tags":[280,4182,2467,35,39,38,36,37,34,40,7334,67],"class_list":{"0":"post-114940","1":"post","2":"type-post","3":"status-publish","4":"format-standard","5":"has-post-thumbnail","7":"category-sports","8":"tag-autosports","9":"tag-f-1","10":"tag-formula-1","11":"tag-latvia","12":"tag-latvian","13":"tag-latviesu","14":"tag-latviesu-valoda","15":"tag-latviesuvaloda","16":"tag-latvija","17":"tag-lv","18":"tag-mihaels-sumahers","19":"tag-sports"},"share_on_mastodon":{"url":"https:\/\/pubeurope.com\/@lv\/115966838242916241","error":""},"_links":{"self":[{"href":"https:\/\/www.europesays.com\/lv\/wp-json\/wp\/v2\/posts\/114940","targetHints":{"allow":["GET"]}}],"collection":[{"href":"https:\/\/www.europesays.com\/lv\/wp-json\/wp\/v2\/posts"}],"about":[{"href":"https:\/\/www.europesays.com\/lv\/wp-json\/wp\/v2\/types\/post"}],"author":[{"embeddable":true,"href":"https:\/\/www.europesays.com\/lv\/wp-json\/wp\/v2\/users\/2"}],"replies":[{"embeddable":true,"href":"https:\/\/www.europesays.com\/lv\/wp-json\/wp\/v2\/comments?post=114940"}],"version-history":[{"count":0,"href":"https:\/\/www.europesays.com\/lv\/wp-json\/wp\/v2\/posts\/114940\/revisions"}],"wp:featuredmedia":[{"embeddable":true,"href":"https:\/\/www.europesays.com\/lv\/wp-json\/wp\/v2\/media\/114941"}],"wp:attachment":[{"href":"https:\/\/www.europesays.com\/lv\/wp-json\/wp\/v2\/media?parent=114940"}],"wp:term":[{"taxonomy":"category","embeddable":true,"href":"https:\/\/www.europesays.com\/lv\/wp-json\/wp\/v2\/categories?post=114940"},{"taxonomy":"post_tag","embeddable":true,"href":"https:\/\/www.europesays.com\/lv\/wp-json\/wp\/v2\/tags?post=114940"}],"curies":[{"name":"wp","href":"https:\/\/api.w.org\/{rel}","templated":true}]}}