{"id":114942,"date":"2026-01-27T11:36:15","date_gmt":"2026-01-27T11:36:15","guid":{"rendered":"https:\/\/www.europesays.com\/lv\/114942\/"},"modified":"2026-01-27T11:36:15","modified_gmt":"2026-01-27T11:36:15","slug":"vef-riga-un-porters-vienojas-par-sadarbibas-partrauksanu","status":"publish","type":"post","link":"https:\/\/www.europesays.com\/lv\/114942\/","title":{"rendered":"\u201cVEF R\u012bga\u201d un Porters vienojas par sadarb\u012bbas p\u0101rtrauk\u0161anu"},"content":{"rendered":"<blockquote class=\"twitter-tweet\" data-width=\"550\" data-dnt=\"true\">\n<p lang=\"lv\" dir=\"ltr\">Inform\u0113jam, ka p\u0113c abpus\u0113jas vieno\u0161an\u0101s esam p\u0101rtrauku\u0161i sadarb\u012bbu ar Zairu Porteru. \u26ab\ufe0f\u26aa\ufe0f\ud83c\udfc0<\/p>\n<p>\u201cVEF R\u012bga\u201d prezidents Gatis Jahovi\u010ds: \u201cPorters ir bijis viens no rezultat\u012bv\u0101kajiem sp\u0113l\u0113t\u0101jiem un individu\u0101li demonstr\u0113ja labu sniegumu, pal\u012bdzot izc\u012bn\u012bt vair\u0101kas uzvaras, bet komanda nav\u2026 <a href=\"https:\/\/t.co\/OszJICmnda\" rel=\"nofollow\">pic.twitter.com\/OszJICmnda<\/a><\/p>\n<p>\u2014 VEF R\u012bga (@vefriga) <a href=\"https:\/\/twitter.com\/vefriga\/status\/2015700664827990030?ref_src=twsrc%5Etfw\" rel=\"nofollow noopener\" target=\"_blank\">January 26, 2026<\/a><\/p>\n<\/blockquote>\n<p>Iepriek\u0161 26 gadus vecais Porters p\u0101rst\u0101v\u0113ja \u201cVitoria\u201d vien\u012bbu Portug\u0101l\u0113, kur viet\u0113j\u0101 \u010dempion\u0101t\u0101 vid\u0113ji sp\u0113l\u0113 guva 23,4 punktus, izc\u012bn\u012bja se\u0161as atl\u0113ku\u0161\u0101s bumbas zem groziem un atdeva 4,4 rezultat\u012bvas piesp\u0113les. Amerik\u0101nis bija Portug\u0101les sp\u0113c\u012bg\u0101k\u0101s l\u012bgas rezultat\u012bv\u0101kais sp\u0113l\u0113t\u0101js.<\/p>\n<p>Iepriek\u0161\u0113jo sezonu Porters ies\u0101ka Slov\u0101kij\u0101, kur \u201cIskra Svit\u201d komandas sast\u0101v\u0101 caurm\u0113r\u0101 ma\u010d\u0101 atz\u012bm\u0113j\u0101s ar 21,6 g\u016btiem punktiem, 3,8 atl\u0113ku\u0161aj\u0101m bumb\u0101m un 2,8 rezultat\u012bv\u0101m piesp\u0113l\u0113m.<\/p>\n<p class=\"tv3-fw-500\">Zi\u0146o par k\u013c\u016bdu rakst\u0101<\/p>\n<p class=\"d-md-block d-none\">Iez\u012bm\u0113 k\u013c\u016bdaino tekstu un spied Ctrl+Enter.<\/p>\n<p class=\"d-md-none d-block\">Iez\u012bm\u0113 k\u013c\u016bdaino tekstu un zi\u0146o par to!<\/p>\n<p>                <script async src=\"https:\/\/platform.twitter.com\/widgets.js\" charset=\"utf-8\"><\/script><\/p>\n","protected":false},"excerpt":{"rendered":"Inform\u0113jam, ka p\u0113c abpus\u0113jas vieno\u0161an\u0101s esam p\u0101rtrauku\u0161i sadarb\u012bbu ar Zairu Porteru. \u26ab\ufe0f\u26aa\ufe0f\ud83c\udfc0 \u201cVEF R\u012bga\u201d prezidents Gatis Jahovi\u010ds: \u201cPorters&hellip;\n","protected":false},"author":2,"featured_media":114943,"comment_status":"","ping_status":"","sticky":false,"template":"","format":"standard","meta":{"footnotes":""},"categories":[17],"tags":[35,39,38,36,37,34,40,67,1618],"class_list":{"0":"post-114942","1":"post","2":"type-post","3":"status-publish","4":"format-standard","5":"has-post-thumbnail","7":"category-sports","8":"tag-latvia","9":"tag-latvian","10":"tag-latviesu","11":"tag-latviesu-valoda","12":"tag-latviesuvaloda","13":"tag-latvija","14":"tag-lv","15":"tag-sports","16":"tag-vef-riga"},"share_on_mastodon":{"url":"https:\/\/pubeurope.com\/@lv\/115966861825279696","error":""},"_links":{"self":[{"href":"https:\/\/www.europesays.com\/lv\/wp-json\/wp\/v2\/posts\/114942","targetHints":{"allow":["GET"]}}],"collection":[{"href":"https:\/\/www.europesays.com\/lv\/wp-json\/wp\/v2\/posts"}],"about":[{"href":"https:\/\/www.europesays.com\/lv\/wp-json\/wp\/v2\/types\/post"}],"author":[{"embeddable":true,"href":"https:\/\/www.europesays.com\/lv\/wp-json\/wp\/v2\/users\/2"}],"replies":[{"embeddable":true,"href":"https:\/\/www.europesays.com\/lv\/wp-json\/wp\/v2\/comments?post=114942"}],"version-history":[{"count":0,"href":"https:\/\/www.europesays.com\/lv\/wp-json\/wp\/v2\/posts\/114942\/revisions"}],"wp:featuredmedia":[{"embeddable":true,"href":"https:\/\/www.europesays.com\/lv\/wp-json\/wp\/v2\/media\/114943"}],"wp:attachment":[{"href":"https:\/\/www.europesays.com\/lv\/wp-json\/wp\/v2\/media?parent=114942"}],"wp:term":[{"taxonomy":"category","embeddable":true,"href":"https:\/\/www.europesays.com\/lv\/wp-json\/wp\/v2\/categories?post=114942"},{"taxonomy":"post_tag","embeddable":true,"href":"https:\/\/www.europesays.com\/lv\/wp-json\/wp\/v2\/tags?post=114942"}],"curies":[{"name":"wp","href":"https:\/\/api.w.org\/{rel}","templated":true}]}}