{"id":114958,"date":"2026-01-27T11:48:06","date_gmt":"2026-01-27T11:48:06","guid":{"rendered":"https:\/\/www.europesays.com\/lv\/114958\/"},"modified":"2026-01-27T11:48:06","modified_gmt":"2026-01-27T11:48:06","slug":"video-%e2%9f%a9-nhl-speletaju-soda-par-nepiedieniga-zesta-radisanu","status":"publish","type":"post","link":"https:\/\/www.europesays.com\/lv\/114958\/","title":{"rendered":"VIDEO \u27e9 NHL sp\u0113l\u0113t\u0101ju soda par nepiedien\u012bga \u017eesta r\u0101d\u012b\u0161anu"},"content":{"rendered":"<p>&#8220;Maple Leafs&#8221; sv\u0113tdien sav\u0101 laukum\u0101 ar rezult\u0101tu 1:4 piek\u0101p\u0101s NHL sezonas l\u012bdervien\u012bbai Kolor\u0101do &#8220;Avalanche&#8221;. Toronto komanda piedz\u012bvoja sesto zaud\u0113jumu p\u0113d\u0113jo septi\u0146u ma\u010du nogriezn\u012b.<\/p>\n<p>\u0160\u012b bija piekt\u0101 sp\u0113le p\u0113c k\u0101rtas, kur\u0101 29 gadus vecais N\u012blanders nepiedal\u012bj\u0101s traumas d\u0113\u013c. Zviedrijas hokejists ar 37 sp\u0113l\u0113s sakr\u0101tiem 48 punktiem (17+31) \u0161osezon ir &#8220;Maple Leafs&#8221; rezultat\u012bv\u0101kais sp\u0113l\u0113t\u0101js.<\/p>\n<p>Br\u012bd\u012b, kad sp\u0113les gait\u0101 &#8220;Maple Leafs&#8221; atrad\u0101s 0:3 iedzin\u0113jos, telev\u012bzijas transl\u0101cijas re\u017eisors \u0113ter\u0101 palaida Toronto kluba traum\u0113tos sp\u0113l\u0113t\u0101jus, kuri ma\u010du v\u0113roja skat\u012bt\u0101ju trib\u012bn\u0113s.<\/p>\n<p>N\u012blanders tie\u0161aj\u0101 \u0113ter\u0101 kameras virzien\u0101 par\u0101d\u012bja vid\u0113jo pirkstu. Par \u0161o nepiedien\u012bgo \u017eestu Zviedrijas hokejistam piespriests 5000 ASV dol\u0101ru naudas sods.<\/p>\n<p>&#8220;Maple Leafs&#8221; l\u012bderim piespriests maksim\u0101lais sods, k\u0101du paredz NHL un NHL Sp\u0113l\u0113t\u0101ju asoci\u0101cijas kolekt\u012bvais darba l\u012bgums. N\u012blandera soda nauda non\u0101ks Sp\u0113l\u0113t\u0101ju \u0101rk\u0101rtas pal\u012bdz\u012bbas fonda kas\u0113.<\/p>\n<p>N\u012blanders publiski atvainojies par savu r\u012bc\u012bbu. Zviedrijas hokejista alga \u0161osezon ir 11,5 miljoni ASV dol\u0101ru. 2024. gad\u0101 ar &#8220;Maple Leafs&#8221; vi\u0146\u0161 vienoj\u0101s par asto\u0146u gadu un 92 miljonu dol\u0101ru kontraktu.<\/p>\n<p>\u0160osezon N\u012blanders ir starp Top 10 vislab\u0101k atalgotajiem NHL sp\u0113l\u0113t\u0101jiem. Tikai asto\u0146iem sp\u0113l\u0113t\u0101jiem \u0161osezon ir liel\u0101ka alga nek\u0101 &#8220;Maple Leafs&#8221; l\u012bderim.<\/p>\n<p>&#8220;Maple Leafs&#8221;, kas tiek uzskat\u012bta par v\u0113rt\u012bg\u0101ko NHL komandu, ar 57 punktiem 52 ma\u010dos patlaban ie\u0146em tikai 11. vietu Austrumu konferences kopv\u0113rt\u0113jum\u0101.<\/p>\n","protected":false},"excerpt":{"rendered":"&#8220;Maple Leafs&#8221; sv\u0113tdien sav\u0101 laukum\u0101 ar rezult\u0101tu 1:4 piek\u0101p\u0101s NHL sezonas l\u012bdervien\u012bbai Kolor\u0101do &#8220;Avalanche&#8221;. Toronto komanda piedz\u012bvoja sesto&hellip;\n","protected":false},"author":2,"featured_media":114959,"comment_status":"","ping_status":"","sticky":false,"template":"","format":"standard","meta":{"footnotes":""},"categories":[17],"tags":[836,394,721,35,39,38,36,37,34,40,67,10285],"class_list":{"0":"post-114958","1":"post","2":"type-post","3":"status-publish","4":"format-standard","5":"has-post-thumbnail","7":"category-sports","8":"tag-hokeja-jaunumi","9":"tag-hokejs","10":"tag-hokejs-pasaule","11":"tag-latvia","12":"tag-latvian","13":"tag-latviesu","14":"tag-latviesu-valoda","15":"tag-latviesuvaloda","16":"tag-latvija","17":"tag-lv","18":"tag-sports","19":"tag-toronto-maple-leafs"},"share_on_mastodon":{"url":"https:\/\/pubeurope.com\/@lv\/115966909048515725","error":""},"_links":{"self":[{"href":"https:\/\/www.europesays.com\/lv\/wp-json\/wp\/v2\/posts\/114958","targetHints":{"allow":["GET"]}}],"collection":[{"href":"https:\/\/www.europesays.com\/lv\/wp-json\/wp\/v2\/posts"}],"about":[{"href":"https:\/\/www.europesays.com\/lv\/wp-json\/wp\/v2\/types\/post"}],"author":[{"embeddable":true,"href":"https:\/\/www.europesays.com\/lv\/wp-json\/wp\/v2\/users\/2"}],"replies":[{"embeddable":true,"href":"https:\/\/www.europesays.com\/lv\/wp-json\/wp\/v2\/comments?post=114958"}],"version-history":[{"count":0,"href":"https:\/\/www.europesays.com\/lv\/wp-json\/wp\/v2\/posts\/114958\/revisions"}],"wp:featuredmedia":[{"embeddable":true,"href":"https:\/\/www.europesays.com\/lv\/wp-json\/wp\/v2\/media\/114959"}],"wp:attachment":[{"href":"https:\/\/www.europesays.com\/lv\/wp-json\/wp\/v2\/media?parent=114958"}],"wp:term":[{"taxonomy":"category","embeddable":true,"href":"https:\/\/www.europesays.com\/lv\/wp-json\/wp\/v2\/categories?post=114958"},{"taxonomy":"post_tag","embeddable":true,"href":"https:\/\/www.europesays.com\/lv\/wp-json\/wp\/v2\/tags?post=114958"}],"curies":[{"name":"wp","href":"https:\/\/api.w.org\/{rel}","templated":true}]}}