{"id":11497,"date":"2025-10-03T13:35:07","date_gmt":"2025-10-03T13:35:07","guid":{"rendered":"https:\/\/www.europesays.com\/lv\/11497\/"},"modified":"2025-10-03T13:35:07","modified_gmt":"2025-10-03T13:35:07","slug":"baltijas-liga-volejbola-sievietem-jaunaja-sezona-startes-tris-latvijas-klubi","status":"publish","type":"post","link":"https:\/\/www.europesays.com\/lv\/11497\/","title":{"rendered":"Baltijas l\u012bg\u0101 volejbol\u0101 sieviet\u0113m jaunaj\u0101 sezon\u0101 start\u0113s tr\u012bs Latvijas klubi"},"content":{"rendered":"<p>BLVS sacens\u012bbas sestdien s\u0101ksies ar abu R\u012bgas komandu RSU un RVS\/LU volejbolistu c\u012b\u0146u.<\/p>\n<p>RSU komandas galven\u0101 trenere Inguna Minusa st\u0101sta, ka \u0101rvalstu klubos sp\u0113l\u0113s m\u0101sas Karmena un Katr\u012bna Strukas, An\u017eelika Ivanova un Bonija Runce, Alise Jur\u0161\u0101ne-Pi\u0146\u0137e ir beigusi profesion\u0101l\u0101s volejbolistes gaitas, bet no RSU Nacion\u0101l\u0101s l\u012bgas komandas ir pievienoju\u0161\u0101s Loreta Martinsone, Ginta Leveika, Annija Veigelte, Roberta Lei\u0161avniece un Anastasija Postnova.<\/p>\n<p>No Nacion\u0101l\u0101s l\u012bgas komand\u0101m ir pievienoju\u0161\u0101s Em\u012blija Tralmaka un Katr\u012bna Ketlere, bet studijas RSU ir s\u0101kusi un komand\u0101 sp\u0113l\u0113s Be\u013c\u0123ij\u0101 sp\u0113l\u0113jus\u012b Anna Cepur\u012bte, RVS\/LU komand\u0101 sp\u0113l\u0113jus\u012b Simona Mitiakina un daugavpiliete Eva Elizabete Brok\u0101ne. Komandai iesp\u0113ju robe\u017e\u0101s pal\u012bdz\u0113s ar\u012b pirm\u0101 tempa sp\u0113l\u0113t\u0101ja Monta Urb\u0101ne.<\/p>\n<p>\u201c\u0160ogad ir gr\u016bt\u0101k prognoz\u0113t rezult\u0101tus, bet m\u0113r\u0137iem j\u0101b\u016bt visaugst\u0101kajiem,\u201d par sezonas m\u0113r\u0137iem saka Minusa. \u201cPirmais m\u0113r\u0137is ir Latvijas kausa fin\u0101ls. Esam se\u0161as komandas, m\u0113s ar \u201cM\u0101rupi\u201d esam izs\u0113tas un sacens\u012bbas s\u0101ksim ar pusfin\u0101lu.\u201d<\/p>\n<p>Vi\u0146a min, ka Baltijas l\u012bg\u0101 uzdevums ir iek\u013c\u016bt fin\u0101l\u010detriniek\u0101, bet Latvijas \u010dempion\u0101t\u0101 ir j\u0101aizst\u0101v \u010dempio\u0146u tituls.<\/p>\n<p>\u201cMums \u0161ogad ir pievienoju\u0161\u0101s jaunas sp\u0113l\u0113t\u0101jas no RVS sist\u0113mas. Poz\u012bcijas, kur\u0101s mums ir paliku\u0161as iepriek\u0161\u0113j\u0101s sezonas sp\u0113l\u0113t\u0101jas, ir diagon\u0101l\u0101 sp\u0113l\u0113t\u0101ja un \u201cotrie tempi\u201d,\u201d par izmai\u0146\u0101m sav\u0101 komand\u0101 run\u0101 RVS\/LU komandas galvenais treneris Arvils Kei\u0161s.<\/p>\n<p class=\"ad-desc ad-desc-main\">Saturs turpin\u0101s p\u0113c rekl\u0101mas<\/p>\n<p class=\"ad-desc ad-desc-sec\">Rekl\u0101ma<\/p>\n<p>\u201cAbas c\u0113l\u0101jas \u2013 Katr\u012bna Laura Zari\u0146a un Ksenija Nesterova \u2013 ir jaunas, ar\u012b \u201clibero\u201d. Mums ir pievienoju\u0161\u0101s ar\u012b jaunas pirm\u0101 tempa sp\u0113l\u0113t\u0101jas, jo p\u0113c pag\u0101ju\u0161\u0101s sezonas Marta Beatrise Gintere ir devusies uz \u0101rzem\u0113m, bet Simona Mitiakina ir p\u0101rg\u0101jusi uz RSU komandu,\u201d st\u0101sta Kei\u0161s, izsakot prieku, ka papildin\u0101jumu ir izdevies nol\u016bkot RVS sist\u0113m\u0101.<\/p>\n<p>K\u0101 fizisk\u0101s sagatavot\u012bbas treneris un fizioterapeits vien\u0101 person\u0101 klubam ir pievienojies Roni Rekola, kur\u0161 str\u0101d\u0101 ar\u012b Latvijas sievie\u0161u izlas\u0113.<\/p>\n<p>\u201cLatvijas kaus\u0101 un Latvijas \u010dempion\u0101t\u0101 m\u0113r\u0137is \u0161osezon ir tikt fin\u0101l\u0101, bet Baltijas l\u012bg\u0101 \u2013 izc\u012bn\u012bt vietu fin\u0101l\u010detriniek\u0101,\u201d m\u0113r\u0137us formul\u0113 treneris.<\/p>\n<p>\u0160osezon l\u012bg\u0101 start\u0113s ar\u012b Latvijas U-18 izlase\/\u201dR\u012bgas Volejbola skola\u201d (Latvijas U18 izlase\/RVS) un Lietuvas U-18 izlase, ab\u0101m gatavojoties n\u0101kam\u0101 gada Eiropas \u010dempion\u0101ta fin\u0101lturn\u012bram, kas notiks Latvij\u0101 un Lietuv\u0101.<\/p>\n<p>\u201cKomandas izveido\u0161anas m\u0113r\u0137is, pirmk\u0101rt, ir gatavoties n\u0101kamaj\u0101 vasar\u0101 Latvij\u0101 un Lietuv\u0101 notieko\u0161ajam U18 Eiropas \u010dempion\u0101ta fin\u0101lturn\u012bram,\u201d komandas iesaist\u012b\u0161anu Baltijas l\u012bg\u0101 argument\u0113 Latvijas U18 izlase\/RVS galvenais treneris Dani\u0113le Mario Kaprioti.<\/p>\n<p>\u201cOtrk\u0101rt, \u0161\u012b ir iesp\u0113ja pabeigt sp\u0113l\u0113t\u0101ju monitoringa programmu, k\u0101 galvenais uzdevums bija atrast sp\u0113l\u0113t\u0101jas un sekm\u0113t vi\u0146u progresu, k\u0101 ar\u012b p\u0101rbaud\u012bt sp\u0113l\u0113t\u0101jas, kas k\u0101du dienu var tikt iesaist\u012btas Latvijas izlas\u0113.\u201d<\/p>\n<p>\u201cL\u0113mums iesaist\u012bt Latvijas U18 izlase\/RVS vien\u012bbu Baltijas l\u012bgas \u010dempion\u0101t\u0101 \u013caus volejbolist\u0113m sp\u0113l\u0113t vi\u0146\u0101m augst\u0101 l\u012bmen\u012b,\u201d skaidro Kaprioti.<\/p>\n<p>\u201cLatvijas U18 izlase\/RVS komandas dal\u012bba Baltijas l\u012bg\u0101 ir p\u0113d\u0113jo divu \u2013 triju gadu kop\u0101 ar LVF veikt\u0101 monitoringa projekta n\u0101kamais solis.\u201d<\/p>\n<p>Vi\u0146\u0161 skaidro, ka \u0161is ir m\u0113\u0123in\u0101jums izveidot komandu, kur\u0101 sp\u0113l\u0113t\u0101jas var progres\u0113t nedaudz profesion\u0101l\u0101k\u0101 veid\u0101. Vi\u0146\u0161 atg\u0101dina, ka sp\u0113l\u0113t\u0101ju monitoringa projekts, kas sadarb\u012bb\u0101 ar LVF s\u0101k\u0101s ar monitoringa dien\u0101m un re\u0123ion\u0101laj\u0101m izlas\u0113m, \u013c\u0101va izveidot lielu sp\u0113l\u0113t\u0101ju datub\u0101zi, kas katru gadu tiek atjaunin\u0101ta.<\/p>\n<p>\u201c\u0160\u012b ir \u010detru l\u012bme\u0146u sp\u0113l\u0113t\u0101ju monitoringa da\u013ca,\u201d par projektu st\u0101sta Kaprioti. \u201cAtkar\u012bb\u0101 no sp\u0113l\u0113ju vecuma katr\u0101 l\u012bmen\u012b ir 24-28 sp\u0113l\u0113t\u0101jas.\u201d<\/p>\n<p>Kaprioti uzsver, ka Baltijas l\u012bgas komandas sp\u0113l\u0113t\u0101jas ir atrastas monitoring\u0101, \u0146emot v\u0113r\u0101 antropometrisk\u0101s, fizisk\u0101s un tehnisk\u0101s kvalit\u0101tes, bet da\u017eas sp\u0113l\u0113t\u0101jas projekta ietvaros var main\u012bt savu poz\u012bciju laukum\u0101, lai sp\u0113l\u0113t\u0101jas v\u0113l\u0101k var\u0113tu iesp\u0113jami lab\u0101k pal\u012bdz\u0113t Latvijas pieaugu\u0161o izlasei.<\/p>\n<p>Jaun\u0101s komandas izlasei tehniskais direktors jeb galvenais treneris b\u016bs Kaprioti, vi\u0146am pal\u012bdz\u0113s Raivis Miz\u0101ns, k\u0101 ar\u012b fizisk\u0101s sagatavot\u012bbas treneris Rekola, treneris Arvils Kei\u0161s un statisti\u0137is Vladimirs Visockis, kuri str\u0101d\u0101 ar\u012b Latvijas pieaugu\u0161o izlas\u0113.<\/p>\n<p>\u201cGalvenais sezonas m\u0113r\u0137is ir pan\u0101kt sp\u0113l\u0113t\u0101ju tehnisko, taktisko un fizisko progresu,\u201d par uzdevumiem sezonai saka It\u0101lijas speci\u0101lists. \u201cOtrs uzdevums ir saprast par iesp\u0113jamo sp\u0113l\u0113t\u0101ju poz\u012bciju mai\u0146u, dom\u0101jot par pieaugu\u0161o izlasi. Un tre\u0161ais uzdevums ir rad\u012bt pamatu Latvijas U-18 izlasei, kas j\u016blij\u0101 aizvad\u012bs fin\u0101lturn\u012bru.\u201d<\/p>\n<p>Vi\u0146\u0161 skaidro, ka \u0161\u012b komanda, kas sp\u0113l\u0113s Baltijas l\u012bg\u0101, nav visa Latvijas U18 izlase. Ir ar\u012b citas sp\u0113l\u0113t\u0101jas Latvij\u0101, kur\u0101m sezonas laik\u0101 tiks sekots l\u012bdzi.<\/p>\n<p>Kaprioti nor\u0101da, ka komanda Baltijas l\u012bg\u0101 b\u016bs pamats, kam atkar\u012bb\u0101 no sp\u0113l\u0113t\u0101ju progresa kl\u0101t n\u0101ks 6-10 sp\u0113l\u0113t\u0101jas izlases papla\u0161in\u0101taj\u0101 kandid\u0101\u0161u sarakst\u0101.<\/p>\n<p>\u201c\u0160\u012b perioda laik\u0101 b\u016bs ar\u012b \u012bsa treni\u0146nometne, kur\u0101 piedal\u012bsies visas izlases kandid\u0101tes. No 23. l\u012bdz 25. oktobrim pie mums brauks norv\u0113\u0123ietes, un mums b\u016bs kop\u0113ja treni\u0146nometne,\u201d par pl\u0101niem run\u0101 Kaprioti.<\/p>\n<p>Iepriek\u0161\u0113j\u0101 sezon\u0101 par \u010dempion\u0113m k\u013cuva Igaunijas vien\u012bba \u201cRae Spordikool\/Viaston\u201d, sudraba meda\u013cas izc\u012bn\u012bja Lietuvas vien\u012bba \u201cKaunas-VDU\u201d, bet bronzas meda\u013cas \u2013 \u201cR\u012bgas Stradi\u0146a Universit\u0101te\u201d\/\u201dMurj\u0101\u0146u Sporta \u0123imn\u0101zija\u201d (RSU\/MS\u0122) komanda.<\/p>\n","protected":false},"excerpt":{"rendered":"BLVS sacens\u012bbas sestdien s\u0101ksies ar abu R\u012bgas komandu RSU un RVS\/LU volejbolistu c\u012b\u0146u. RSU komandas galven\u0101 trenere Inguna&hellip;\n","protected":false},"author":2,"featured_media":11498,"comment_status":"","ping_status":"","sticky":false,"template":"","format":"standard","meta":{"footnotes":""},"categories":[17],"tags":[35,39,38,36,37,34,40,67,1208],"class_list":{"0":"post-11497","1":"post","2":"type-post","3":"status-publish","4":"format-standard","5":"has-post-thumbnail","7":"category-sports","8":"tag-latvia","9":"tag-latvian","10":"tag-latviesu","11":"tag-latviesu-valoda","12":"tag-latviesuvaloda","13":"tag-latvija","14":"tag-lv","15":"tag-sports","16":"tag-volejbols"},"share_on_mastodon":{"url":"","error":""},"_links":{"self":[{"href":"https:\/\/www.europesays.com\/lv\/wp-json\/wp\/v2\/posts\/11497","targetHints":{"allow":["GET"]}}],"collection":[{"href":"https:\/\/www.europesays.com\/lv\/wp-json\/wp\/v2\/posts"}],"about":[{"href":"https:\/\/www.europesays.com\/lv\/wp-json\/wp\/v2\/types\/post"}],"author":[{"embeddable":true,"href":"https:\/\/www.europesays.com\/lv\/wp-json\/wp\/v2\/users\/2"}],"replies":[{"embeddable":true,"href":"https:\/\/www.europesays.com\/lv\/wp-json\/wp\/v2\/comments?post=11497"}],"version-history":[{"count":0,"href":"https:\/\/www.europesays.com\/lv\/wp-json\/wp\/v2\/posts\/11497\/revisions"}],"wp:featuredmedia":[{"embeddable":true,"href":"https:\/\/www.europesays.com\/lv\/wp-json\/wp\/v2\/media\/11498"}],"wp:attachment":[{"href":"https:\/\/www.europesays.com\/lv\/wp-json\/wp\/v2\/media?parent=11497"}],"wp:term":[{"taxonomy":"category","embeddable":true,"href":"https:\/\/www.europesays.com\/lv\/wp-json\/wp\/v2\/categories?post=11497"},{"taxonomy":"post_tag","embeddable":true,"href":"https:\/\/www.europesays.com\/lv\/wp-json\/wp\/v2\/tags?post=11497"}],"curies":[{"name":"wp","href":"https:\/\/api.w.org\/{rel}","templated":true}]}}