{"id":115008,"date":"2026-01-27T12:46:12","date_gmt":"2026-01-27T12:46:12","guid":{"rendered":"https:\/\/www.europesays.com\/lv\/115008\/"},"modified":"2026-01-27T12:46:12","modified_gmt":"2026-01-27T12:46:12","slug":"siltumapgades-uznemumus-aicinas-janvara-rekiniem-piemerot-atlikto-maksajumu","status":"publish","type":"post","link":"https:\/\/www.europesays.com\/lv\/115008\/","title":{"rendered":"Siltumapg\u0101des uz\u0146\u0113mumus aicin\u0101s janv\u0101ra r\u0113\u0137iniem piem\u0113rot atlikto maks\u0101jumu"},"content":{"rendered":"<p>Vi\u0146\u0161 ar\u012b atz\u012bm\u0113, ka kop\u0101 ar LM un pa\u0161vald\u012bb\u0101m sekos l\u012bdzi, lai m\u0101jok\u013ca pabalstam pieejamie l\u012bdzek\u013ci ir pietiekami, k\u0101 ar\u012b aicin\u0101s siltumapg\u0101des uz\u0146\u0113mumus \u013caut nor\u0113\u0137in\u0101ties par pat\u0113r\u0113to siltumener\u0123iju l\u012bdz n\u0101kamajai apkures sezonai, nepiem\u0113rojot papildu maksu.<\/p>\n<p>Ministrij\u0101 piebilst, lai pal\u012bdz\u0113tu iedz\u012bvot\u0101jiem, \u012bpa\u0161i mazaizsarg\u0101tajiem iedz\u012bvot\u0101jiem, Latvij\u0101 darbojas m\u0101jok\u013ca pabalsta meh\u0101nisms, kuru nodro\u0161ina pa\u0161vald\u012bbu soci\u0101lie dienesti. Tas paredz, ka m\u0101jsaimniec\u012bbas, kuru ien\u0101kumi ir nepietiekami un kur\u0101m ir gr\u016bt\u012bbas segt izdevumus par m\u0101jokli, var v\u0113rsties pa\u0161vald\u012bbas soci\u0101laj\u0101 dienest\u0101, lai izv\u0113rt\u0113tu iesp\u0113ju sa\u0146emt m\u0101jok\u013ca pabalstu. No 2026. gada 1. janv\u0101ra papla\u0161in\u0101ts iedz\u012bvot\u0101ju loks, kas kvalific\u0113jas min\u0113tajam atbalstam.<\/p>\n<p>KEM ar\u012b min, ka, apzinoties, ka liel\u0101ki apkures r\u0113\u0137ini noz\u012bm\u0113, ka \u0161o atbalsta meh\u0101nismu b\u016bs nepiecie\u0161ams izmantot liel\u0101k\u0101 m\u0113r\u0101, jo var\u0113tu palielin\u0101ties gan sa\u0146\u0113m\u0113ju skaits, gan apr\u0113\u0137in\u0101to pabalstu apm\u0113ri, KEM, LM un LPS p\u0101rrun\u0101ja m\u0101jok\u013ca pabalsta pie\u0161\u0137ir\u0161anas procesu, k\u0101 ar\u012b izmaksu tendences p\u0113d\u0113jos gados. Tik\u0161an\u0101s laik\u0101 pan\u0101kta vieno\u0161an\u0101s, ka gad\u012bjum\u0101, ja iedz\u012bvot\u0101ju piepras\u012bjums p\u0113c \u0161\u012b atbalsta pieaugs, KEM un LM kop\u012bgi virz\u012bs piepras\u012bjumu papildu valsts finans\u0113juma pie\u0161\u0137ir\u0161anai soci\u0101l\u0101 atbalsta nep\u0101rtraukt\u012bbas nodro\u0161in\u0101\u0161anai.<\/p>\n","protected":false},"excerpt":{"rendered":"Vi\u0146\u0161 ar\u012b atz\u012bm\u0113, ka kop\u0101 ar LM un pa\u0161vald\u012bb\u0101m sekos l\u012bdzi, lai m\u0101jok\u013ca pabalstam pieejamie l\u012bdzek\u013ci ir pietiekami,&hellip;\n","protected":false},"author":2,"featured_media":115009,"comment_status":"","ping_status":"","sticky":false,"template":"","format":"standard","meta":{"footnotes":""},"categories":[5],"tags":[5869,23,28,29,32,33,22,5477,30,31,35,39,38,36,37,34,5063,40,20,26,27,1679,3655,24,25,21],"class_list":{"0":"post-115008","1":"post","2":"type-post","3":"status-publish","4":"format-standard","5":"has-post-thumbnail","7":"category-aktualitates","8":"tag-ziema","9":"tag-aktualitates","10":"tag-breaking-news","11":"tag-breakingnews","12":"tag-featured-news","13":"tag-featurednews","14":"tag-headlines","15":"tag-klimata-un-energetikas-ministrija","16":"tag-latest-news","17":"tag-latestnews","18":"tag-latvia","19":"tag-latvian","20":"tag-latviesu","21":"tag-latviesu-valoda","22":"tag-latviesuvaloda","23":"tag-latvija","24":"tag-latvijas-pasvaldibu-savieniba","25":"tag-lv","26":"tag-news","27":"tag-popularakas-zinas","28":"tag-popularakaszinas","29":"tag-siltumenergija","30":"tag-siltumenergijas-tarifs","31":"tag-top-stories","32":"tag-topstories","33":"tag-zinas"},"share_on_mastodon":{"url":"https:\/\/pubeurope.com\/@lv\/115967137093868803","error":""},"_links":{"self":[{"href":"https:\/\/www.europesays.com\/lv\/wp-json\/wp\/v2\/posts\/115008","targetHints":{"allow":["GET"]}}],"collection":[{"href":"https:\/\/www.europesays.com\/lv\/wp-json\/wp\/v2\/posts"}],"about":[{"href":"https:\/\/www.europesays.com\/lv\/wp-json\/wp\/v2\/types\/post"}],"author":[{"embeddable":true,"href":"https:\/\/www.europesays.com\/lv\/wp-json\/wp\/v2\/users\/2"}],"replies":[{"embeddable":true,"href":"https:\/\/www.europesays.com\/lv\/wp-json\/wp\/v2\/comments?post=115008"}],"version-history":[{"count":0,"href":"https:\/\/www.europesays.com\/lv\/wp-json\/wp\/v2\/posts\/115008\/revisions"}],"wp:featuredmedia":[{"embeddable":true,"href":"https:\/\/www.europesays.com\/lv\/wp-json\/wp\/v2\/media\/115009"}],"wp:attachment":[{"href":"https:\/\/www.europesays.com\/lv\/wp-json\/wp\/v2\/media?parent=115008"}],"wp:term":[{"taxonomy":"category","embeddable":true,"href":"https:\/\/www.europesays.com\/lv\/wp-json\/wp\/v2\/categories?post=115008"},{"taxonomy":"post_tag","embeddable":true,"href":"https:\/\/www.europesays.com\/lv\/wp-json\/wp\/v2\/tags?post=115008"}],"curies":[{"name":"wp","href":"https:\/\/api.w.org\/{rel}","templated":true}]}}