{"id":115030,"date":"2026-01-27T13:04:12","date_gmt":"2026-01-27T13:04:12","guid":{"rendered":"https:\/\/www.europesays.com\/lv\/115030\/"},"modified":"2026-01-27T13:04:12","modified_gmt":"2026-01-27T13:04:12","slug":"nato-generalsekretars-kritize-aicinajumus-veidot-eiropas-armiju","status":"publish","type":"post","link":"https:\/\/www.europesays.com\/lv\/115030\/","title":{"rendered":"NATO \u0123ener\u0101lsekret\u0101rs kritiz\u0113 aicin\u0101jumus veidot Eiropas armiju &#8211;"},"content":{"rendered":"<p style=\"text-align: justify;\">NATO \u0123ener\u0101lsekret\u0101rs Marks Rute (Mark Rutte) 26.janv\u0101r\u012b noraid\u012bja da\u017eu vado\u0161o Eiropas politi\u0137u aicin\u0101jumus dibin\u0101t atsevi\u0161\u0137u Eiropas armiju, raksta zi\u0146u a\u0123ent\u016bra <a href=\"https:\/\/www.reuters.com\/world\/nato-boss-rutte-slaps-down-calls-european-army-prompted-by-trump-fears-2026-01-26\/\" target=\"_blank\" rel=\"noopener nofollow\">\u201cReuters.\u201d<\/a><\/p>\n<p style=\"text-align: justify;\">Eiropas armijas idejas izteik\u0161anu veicin\u0101ja ASV prezidenta Donalda Trampa (Donald Trump) pazi\u0146ojumi par iesp\u0113jamu Grenlandes ie\u0146em\u0161anu, kas savuk\u0101rt rad\u012bja ba\u017eas par NATO vienot\u012bbu. Rute jaun\u0101s armijas idejas aizst\u0101vjiem nor\u0101d\u012bja, ka vi\u0146i var turpin\u0101t sap\u0146ot, un sac;ija, ka Krievijas diktators Vladimirs Putins b\u016btu tikai priec\u012bgs par \u0161\u0101du pl\u0101nu, jo tas nov\u0101jin\u0101tu katras atsevi\u0161\u0137\u0101s valsts armiju.<\/p>\n<p style=\"text-align: justify;\">Run\u0101jot Eiropas Parlamenta Brisel\u0113, Rute sac\u012bja, ka Eiropas valst\u012bm b\u016btu j\u0101turpina uz\u0146emties vair\u0101k atbild\u012bbas par savu dro\u0161\u012bbu, k\u0101 to pras\u012bjis ar\u012b ASV prezidents Donalds Tramps (Donald Trump), bet<\/p>\n<blockquote>\n<p style=\"text-align: center;\">tas ir j\u0101dara transatlantisk\u0101s alianses ietvaros.<\/p>\n<\/blockquote>\n<p style=\"text-align: justify;\">Par iesp\u0113ju veidot vienotu Eiropas armiju p\u0113d\u0113j\u0101s ned\u0113\u013cas run\u0101ju\u0161i Sp\u0101nijas \u0101rlietu ministrs Hos\u0113 Manuels Albaress (Jose Manuel Albares) un ES aizsardz\u012bbas komis\u0101rs Andrjus Kubi\u013cus (Andrius Kubilius). Rute konkr\u0113ti neatsauc\u0101s uz k\u0101du no ierosin\u0101jumiem, bet noraid\u012bja iedeju kopum\u0101, uzst\u0101jot, ka Tramps un ASV joproj\u0101m saglab\u0101 savas saist\u012bbas pret NATO, neskatoties uz ASV prezidenta izteikumiem pret alianses dal\u012bbvalstis D\u0101niju, kuras pak\u013caut\u012bb\u0101 ir ar\u012b amerik\u0101\u0146u iek\u0101rot\u0101 Grenlande.<\/p>\n<p style=\"text-align: justify;\">Rute sac\u012bja, ka tad, ja eiropie\u0161i patiesi v\u0113las dar\u012bt lietas vieni, tas izmaks\u0101s daudz vair\u0101k nek\u0101 5% no IKP, ko NATO dal\u012bbvalstis ap\u0146\u0113mu\u0161\u0101s velt\u012bt aizsardz\u012bbas bud\u017eetam. Vi\u0146\u0161 uzsv\u0113ra, ka tad ir j\u0101veido pa\u0161iem savs kodolarsen\u0101ls, kas izmaks\u0101s miljardiem eiro, un t\u0101d\u0101 gad\u012bjum\u0101 tiks zaud\u0113ts b\u016btisks dro\u0161\u012bbas garants, kas \u0161aj\u0101 gad\u012bjum\u0101 ir ASV kodolsp\u0113jas.<\/p>\n<p style=\"text-align: justify;\"><a href=\"https:\/\/bnn.lv\/mazai-valstij-iluzijas-ir-bistamas-pabriks-par-latvijas-drosibu-69978\" target=\"_blank\" rel=\"noopener nofollow\">Lasiet ar\u012b: Mazai valstij il\u016bzijas ir b\u012bstamas \u2013 Pabriks par Latvijas dro\u0161\u012bbu<\/a><\/p>\n","protected":false},"excerpt":{"rendered":"NATO \u0123ener\u0101lsekret\u0101rs Marks Rute (Mark Rutte) 26.janv\u0101r\u012b noraid\u012bja da\u017eu vado\u0161o Eiropas politi\u0137u aicin\u0101jumus dibin\u0101t atsevi\u0161\u0137u Eiropas armiju, raksta&hellip;\n","protected":false},"author":2,"featured_media":115031,"comment_status":"","ping_status":"","sticky":false,"template":"","format":"standard","meta":{"footnotes":""},"categories":[5],"tags":[1546,23,292,28,29,542,334,514,32,33,22,21937,30,31,35,39,38,36,37,34,40,7126,71,20,26,27,25884,24,25,21],"class_list":{"0":"post-115030","1":"post","2":"type-post","3":"status-publish","4":"format-standard","5":"has-post-thumbnail","7":"category-aktualitates","8":"tag-aizsardziba","9":"tag-aktualitates","10":"tag-asv","11":"tag-breaking-news","12":"tag-breakingnews","13":"tag-donalds-tramps","14":"tag-drosiba","15":"tag-eiropas-savieniba","16":"tag-featured-news","17":"tag-featurednews","18":"tag-headlines","19":"tag-kodolarsenals","20":"tag-latest-news","21":"tag-latestnews","22":"tag-latvia","23":"tag-latvian","24":"tag-latviesu","25":"tag-latviesu-valoda","26":"tag-latviesuvaloda","27":"tag-latvija","28":"tag-lv","29":"tag-marks-rute","30":"tag-nato","31":"tag-news","32":"tag-popularakas-zinas","33":"tag-popularakaszinas","34":"tag-svarigi","35":"tag-top-stories","36":"tag-topstories","37":"tag-zinas"},"share_on_mastodon":{"url":"https:\/\/pubeurope.com\/@lv\/115967207849728825","error":""},"_links":{"self":[{"href":"https:\/\/www.europesays.com\/lv\/wp-json\/wp\/v2\/posts\/115030","targetHints":{"allow":["GET"]}}],"collection":[{"href":"https:\/\/www.europesays.com\/lv\/wp-json\/wp\/v2\/posts"}],"about":[{"href":"https:\/\/www.europesays.com\/lv\/wp-json\/wp\/v2\/types\/post"}],"author":[{"embeddable":true,"href":"https:\/\/www.europesays.com\/lv\/wp-json\/wp\/v2\/users\/2"}],"replies":[{"embeddable":true,"href":"https:\/\/www.europesays.com\/lv\/wp-json\/wp\/v2\/comments?post=115030"}],"version-history":[{"count":0,"href":"https:\/\/www.europesays.com\/lv\/wp-json\/wp\/v2\/posts\/115030\/revisions"}],"wp:featuredmedia":[{"embeddable":true,"href":"https:\/\/www.europesays.com\/lv\/wp-json\/wp\/v2\/media\/115031"}],"wp:attachment":[{"href":"https:\/\/www.europesays.com\/lv\/wp-json\/wp\/v2\/media?parent=115030"}],"wp:term":[{"taxonomy":"category","embeddable":true,"href":"https:\/\/www.europesays.com\/lv\/wp-json\/wp\/v2\/categories?post=115030"},{"taxonomy":"post_tag","embeddable":true,"href":"https:\/\/www.europesays.com\/lv\/wp-json\/wp\/v2\/tags?post=115030"}],"curies":[{"name":"wp","href":"https:\/\/api.w.org\/{rel}","templated":true}]}}