{"id":115032,"date":"2026-01-27T13:06:08","date_gmt":"2026-01-27T13:06:08","guid":{"rendered":"https:\/\/www.europesays.com\/lv\/115032\/"},"modified":"2026-01-27T13:06:08","modified_gmt":"2026-01-27T13:06:08","slug":"malmanis-pamet-valmieru-basketbols-sportacentrs-com","status":"publish","type":"post","link":"https:\/\/www.europesays.com\/lv\/115032\/","title":{"rendered":"M\u0101lmanis pamet Valmieru \u2013 Basketbols \u2013 Sportacentrs.com"},"content":{"rendered":"<p>&#8220;No vienas puses, \u0161is br\u012bdis nav viegls &#8211; m\u016bsu komandu atst\u0101j sav\u0113jais, svar\u012bga komandas sast\u0101vda\u013ca, kur\u0161 deva b\u016btisku pienesumu gan laukum\u0101, gan \u0123\u0113rbtuv\u0113, un vi\u0146a kl\u0101tb\u016btne komand\u0101 noteikti pietr\u016bks. Taj\u0101 pa\u0161\u0101 laik\u0101 j\u016btam gandar\u012bjumu, ka tas, par ko run\u0101j\u0101m Rinalda pievieno\u0161an\u0101s br\u012bd\u012b, ir piepild\u012bjies &#8211; atgrie\u0161an\u0101s m\u0101j\u0101s un m\u016bsu l\u012bdzjut\u0113ju atbalsts k\u013cuva par restartu un pal\u012bdz\u0113ja vi\u0146am izmantot Valmieru k\u0101 pak\u0101pienu n\u0101kamajam solim karjer\u0101,&#8221; par \u0161\u0137ir\u0161anos teica valmierie\u0161u mened\u017eeris Valters V\u0113veris.<\/p>\n<p>&#8220;M\u016bsu vide bija platforma, kur\u0101 Rinalds sevi no jauna apliecin\u0101ja, piesaist\u012bja interesi no klubiem vair\u0101k\u0101s valst\u012bs un paaugstin\u0101ja savu v\u0113rt\u012bbu sp\u0113l\u0113t\u0101ju tirg\u016b. J\u0101uzsver ar\u012b, ka Rinaldam bija atv\u0113rtais l\u012bgums, un m\u0113s respekt\u0113jam vi\u0146a l\u0113mumu izmantot \u0161o iesp\u0113ju. Nov\u0113lam vi\u0146am veiksmi un izdo\u0161anos turpm\u0101kaj\u0101s karjeras gait\u0101s,&#8221; pauda V\u0113veris.<\/p>\n<p>29 gadus vecais M\u0101lmanis \u0161aj\u0101 Latvijas-Igaunijas l\u012bgas sezon\u0101 piedal\u012bj\u0101s 16 sp\u0113l\u0113s, vid\u0113ji laukum\u0101 pavadot 22 min\u016btes. M\u0101lmanis atz\u012bm\u0113j\u0101s ar 9,8 punktiem un 6,5 atl\u0113ku\u0161aj\u0101m bumb\u0101m.<\/p>\n<p>M\u0101lmanis karjer\u0101 sp\u0113l\u0113jis Sp\u0101nijas ACB l\u012bgas klubos &#8220;Baskonia&#8221;, ar kuru debit\u0113ja Eirol\u012bg\u0101, &#8220;Real Betis&#8221; un &#8220;Murcia&#8221;, bet iepriek\u0161\u0113j\u0101s sezonas pavad\u012bja kaimi\u0146os \u2013 Lietuvas klub\u0101 Klaip\u0113das &#8220;Nept\u016bnas&#8221; un Igaunijas klub\u0101 Tartu &#8220;Ulikool&#8221;. Pag\u0101ju\u0161aj\u0101 sezon\u0101 vi\u0146\u0161 p\u0101rst\u0101v\u0113ja &#8220;Liep\u0101ju&#8221;.<\/p>\n<p>Valmierie\u0161i ar 12 uzvar\u0101m un se\u0161iem zaud\u0113jumiem ie\u0146em sept\u012bto vietu apvienot\u0101s l\u012bgas kopv\u0113rt\u0113jum\u0101. N\u0101kam\u0101 sp\u0113le gaid\u0101ma otrdien, 3. febru\u0101r\u012b, sav\u0101 laukum\u0101 pret P\u0113rnavu. Pirms tam due\u013ci Zieme\u013cu l\u012bg\u0101 pret &#8220;TalTech&#8221; un Latvijas kaus\u0101 pret &#8220;R\u012bgas Ze\u013c\u013ciem&#8221;.<\/p>\n","protected":false},"excerpt":{"rendered":"&#8220;No vienas puses, \u0161is br\u012bdis nav viegls &#8211; m\u016bsu komandu atst\u0101j sav\u0113jais, svar\u012bga komandas sast\u0101vda\u013ca, kur\u0161 deva b\u016btisku&hellip;\n","protected":false},"author":2,"featured_media":115033,"comment_status":"","ping_status":"","sticky":false,"template":"","format":"standard","meta":{"footnotes":""},"categories":[17],"tags":[145,35,39,38,36,37,34,1313,1314,1312,40,67],"class_list":{"0":"post-115032","1":"post","2":"type-post","3":"status-publish","4":"format-standard","5":"has-post-thumbnail","7":"category-sports","8":"tag-basketbols","9":"tag-latvia","10":"tag-latvian","11":"tag-latviesu","12":"tag-latviesu-valoda","13":"tag-latviesuvaloda","14":"tag-latvija","15":"tag-latvijas-basketbola-liga","16":"tag-latvijas-basketbols","17":"tag-lbl","18":"tag-lv","19":"tag-sports"},"share_on_mastodon":{"url":"https:\/\/pubeurope.com\/@lv\/115967215732239410","error":""},"_links":{"self":[{"href":"https:\/\/www.europesays.com\/lv\/wp-json\/wp\/v2\/posts\/115032","targetHints":{"allow":["GET"]}}],"collection":[{"href":"https:\/\/www.europesays.com\/lv\/wp-json\/wp\/v2\/posts"}],"about":[{"href":"https:\/\/www.europesays.com\/lv\/wp-json\/wp\/v2\/types\/post"}],"author":[{"embeddable":true,"href":"https:\/\/www.europesays.com\/lv\/wp-json\/wp\/v2\/users\/2"}],"replies":[{"embeddable":true,"href":"https:\/\/www.europesays.com\/lv\/wp-json\/wp\/v2\/comments?post=115032"}],"version-history":[{"count":0,"href":"https:\/\/www.europesays.com\/lv\/wp-json\/wp\/v2\/posts\/115032\/revisions"}],"wp:featuredmedia":[{"embeddable":true,"href":"https:\/\/www.europesays.com\/lv\/wp-json\/wp\/v2\/media\/115033"}],"wp:attachment":[{"href":"https:\/\/www.europesays.com\/lv\/wp-json\/wp\/v2\/media?parent=115032"}],"wp:term":[{"taxonomy":"category","embeddable":true,"href":"https:\/\/www.europesays.com\/lv\/wp-json\/wp\/v2\/categories?post=115032"},{"taxonomy":"post_tag","embeddable":true,"href":"https:\/\/www.europesays.com\/lv\/wp-json\/wp\/v2\/tags?post=115032"}],"curies":[{"name":"wp","href":"https:\/\/api.w.org\/{rel}","templated":true}]}}