{"id":115048,"date":"2026-01-27T13:46:07","date_gmt":"2026-01-27T13:46:07","guid":{"rendered":"https:\/\/www.europesays.com\/lv\/115048\/"},"modified":"2026-01-27T13:46:07","modified_gmt":"2026-01-27T13:46:07","slug":"nakti-uz-tresdienu-valsts-dienvidos-stipri-snigs","status":"publish","type":"post","link":"https:\/\/www.europesays.com\/lv\/115048\/","title":{"rendered":"Nakt\u012b uz tre\u0161dienu valsts dienvidos stipri snigs"},"content":{"rendered":"<p>Sp\u0113c\u012bg\u0101k\u0101 snig\u0161ana gaid\u0101ma Lietuvas pierobe\u017e\u0101 Kurzem\u0113 un Zemgal\u0113, daudz snigs ar\u012b S\u0113lij\u0101 un Latgales dienvidos, sniega sega viet\u0101m k\u013c\u016bs par desmit centimetriem biez\u0101ka. Latvijas Vides, \u0123eolo\u0123ijas un meteorolo\u0123ijas centrs valsts dienvidos izsludin\u0101jis dzelten\u0101 l\u012bme\u0146a br\u012bdin\u0101jumu. Latvijas zieme\u013cu da\u013c\u0101 nav gaid\u0101mi b\u016btiski nokri\u0161\u0146i.<\/p>\n<p>Nakt\u012b uz tre\u0161dienu p\u016bt\u012bs m\u0113rens zieme\u013caustrumu v\u0113j\u0161, Zieme\u013ckurzem\u0113 pie R\u012bgas l\u012b\u010da ar br\u0101zm\u0101m l\u012bdz 16 metriem sekund\u0113. Gaisa temperat\u016bra b\u016bs -6..-11 gr\u0101di, valsts zieme\u013caustrumos &#8211; l\u012bdz -15 gr\u0101diem.<\/p>\n<p>Dien\u0101, s\u0101kot no zieme\u013crietumiem, m\u0101ko\u0146u k\u013c\u016bs maz\u0101k un daudzviet Latvij\u0101 sp\u012bd\u0113s saule. P\u0113cpusdien\u0101 snig\u0161ana turpin\u0101sies vairs tikai S\u0113lij\u0101 un Latgales dienvidu da\u013c\u0101. V\u0113j\u0161 putin\u0101s sniegu.<\/p>\n<p>Zieme\u013caustrumu v\u0113ja \u0101trums br\u0101zm\u0101s tre\u0161dien sasniegs 9-14 metrus sekund\u0113, R\u012bgas l\u012b\u010da Kurzemes piekrast\u0113 saglab\u0101sies br\u0101zmas l\u012bdz 16 metriem sekund\u0113. Maksim\u0101l\u0101 gaisa temperat\u016bra gaid\u0101ma no -5 gr\u0101diem Kurzemes piekrast\u0113 l\u012bdz -11 gr\u0101diem da\u017eviet Vidzem\u0113 un Latgal\u0113.<\/p>\n<p>R\u012bg\u0101 nakt\u012b gaid\u0101ms neliels sniegs, dienas gait\u0101 m\u0101ko\u0146u k\u013c\u016bs maz\u0101k. Zieme\u013caustrumu v\u0113ja \u0101trums br\u0101zm\u0101s br\u012b\u017eiem sasniegs 11 metrus sekund\u0113. Gaisa temperat\u016bra -10 gr\u0101di nakt\u012b un -8 gr\u0101di p\u0113cpusdien\u0101.<\/p>\n","protected":false},"excerpt":{"rendered":"Sp\u0113c\u012bg\u0101k\u0101 snig\u0161ana gaid\u0101ma Lietuvas pierobe\u017e\u0101 Kurzem\u0113 un Zemgal\u0113, daudz snigs ar\u012b S\u0113lij\u0101 un Latgales dienvidos, sniega sega viet\u0101m&hellip;\n","protected":false},"author":2,"featured_media":115049,"comment_status":"","ping_status":"","sticky":false,"template":"","format":"standard","meta":{"footnotes":""},"categories":[5],"tags":[23,28,29,32,33,22,1811,396,397,30,31,35,39,38,36,37,34,40,20,26,27,24,25,21],"class_list":{"0":"post-115048","1":"post","2":"type-post","3":"status-publish","4":"format-standard","5":"has-post-thumbnail","7":"category-aktualitates","8":"tag-aktualitates","9":"tag-breaking-news","10":"tag-breakingnews","11":"tag-featured-news","12":"tag-featurednews","13":"tag-headlines","14":"tag-laika-zina","15":"tag-laika-zinas","16":"tag-laikapstakli","17":"tag-latest-news","18":"tag-latestnews","19":"tag-latvia","20":"tag-latvian","21":"tag-latviesu","22":"tag-latviesu-valoda","23":"tag-latviesuvaloda","24":"tag-latvija","25":"tag-lv","26":"tag-news","27":"tag-popularakas-zinas","28":"tag-popularakaszinas","29":"tag-top-stories","30":"tag-topstories","31":"tag-zinas"},"share_on_mastodon":{"url":"https:\/\/pubeurope.com\/@lv\/115967372993961440","error":""},"_links":{"self":[{"href":"https:\/\/www.europesays.com\/lv\/wp-json\/wp\/v2\/posts\/115048","targetHints":{"allow":["GET"]}}],"collection":[{"href":"https:\/\/www.europesays.com\/lv\/wp-json\/wp\/v2\/posts"}],"about":[{"href":"https:\/\/www.europesays.com\/lv\/wp-json\/wp\/v2\/types\/post"}],"author":[{"embeddable":true,"href":"https:\/\/www.europesays.com\/lv\/wp-json\/wp\/v2\/users\/2"}],"replies":[{"embeddable":true,"href":"https:\/\/www.europesays.com\/lv\/wp-json\/wp\/v2\/comments?post=115048"}],"version-history":[{"count":0,"href":"https:\/\/www.europesays.com\/lv\/wp-json\/wp\/v2\/posts\/115048\/revisions"}],"wp:featuredmedia":[{"embeddable":true,"href":"https:\/\/www.europesays.com\/lv\/wp-json\/wp\/v2\/media\/115049"}],"wp:attachment":[{"href":"https:\/\/www.europesays.com\/lv\/wp-json\/wp\/v2\/media?parent=115048"}],"wp:term":[{"taxonomy":"category","embeddable":true,"href":"https:\/\/www.europesays.com\/lv\/wp-json\/wp\/v2\/categories?post=115048"},{"taxonomy":"post_tag","embeddable":true,"href":"https:\/\/www.europesays.com\/lv\/wp-json\/wp\/v2\/tags?post=115048"}],"curies":[{"name":"wp","href":"https:\/\/api.w.org\/{rel}","templated":true}]}}