{"id":115096,"date":"2026-01-27T15:03:07","date_gmt":"2026-01-27T15:03:07","guid":{"rendered":"https:\/\/www.europesays.com\/lv\/115096\/"},"modified":"2026-01-27T15:03:07","modified_gmt":"2026-01-27T15:03:07","slug":"visu-atbildibu-nevar-likt-tikai-uz-satiksmes-ministriju","status":"publish","type":"post","link":"https:\/\/www.europesays.com\/lv\/115096\/","title":{"rendered":"Visu atbild\u012bbu nevar likt tikai uz Satiksmes ministriju"},"content":{"rendered":"<p>T\u0101pat vair\u0101ki komisijas deput\u0101ti pauda viedokli, ka patlaban projekta \u012bsteno\u0161an\u0101 starp ministrij\u0101m nav koordin\u0101cijas un ar\u012b likuma pied\u0101v\u0101taj\u0101 versij\u0101 projekta p\u0101rvald\u012bb\u0101 nav sadal\u012btas kompetences, pilnv\u0113rt\u012bgi iesaistot visas ministrijas, ne tikai Satiksmes ministriju (SM).<\/p>\n<p>Tostarp komisijas vad\u012bt\u0101js Kaspars Bri\u0161kens (P) uzsv\u0113ra nepiecie\u0161am\u012bbu likum\u0101 noteikt premjera atbild\u012bbu par projekta kop\u0113jo vad\u012bbu, Finan\u0161u ministrijas (FM) atbild\u012bbu par projekta finans\u0113juma piesaisti, Ekonomikas ministrijas (EM) atbild\u012bbu par projekta komercializ\u0101ciju un taml\u012bdz\u012bgi.<\/p>\n<p>Bri\u0161kens nor\u0101d\u012bja, ka likum\u0101 j\u0101pan\u0101k pla\u0161\u0101ka visu ministriju iesaiste, nevis j\u0101uzliek visa atbild\u012bba SM. &#8220;Nevar b\u016bt t\u0101, ka SM viss j\u0101uz\u0146emas pa\u0161ai, bet p\u0101r\u0113j\u0101s ministrijas tikai piepal\u012bdz\u0113s. SM nav un nekad neb\u016bs tik pla\u0161as kompetences \u0161\u0101da projekta realiz\u0101cijai,&#8221; pauda Bri\u0161kens.<\/p>\n<p>Ar\u012b deput\u0101ts Andris Kulbergs (AS) uzsv\u0113ra, ka ar likumu j\u0101nosaka, ka FM p\u0101r\u0146em &#8220;Rail Baltica&#8221; projekta finan\u0161u vad\u012bbu, nevis ir tikai &#8220;atbalsta sniedz\u0113js&#8221; finans\u0113juma piesaist\u0113. T\u0101pat Kulberga ieskat\u0101 likumprojekt\u0101 nav noteikta konkr\u0113ta \u0100rlietu ministrijas (\u0100M) atbild\u012bba risin\u0101t starptautisk\u0101s koordin\u0101cijas jaut\u0101jumus.<\/p>\n","protected":false},"excerpt":{"rendered":"T\u0101pat vair\u0101ki komisijas deput\u0101ti pauda viedokli, ka patlaban projekta \u012bsteno\u0161an\u0101 starp ministrij\u0101m nav koordin\u0101cijas un ar\u012b likuma pied\u0101v\u0101taj\u0101&hellip;\n","protected":false},"author":2,"featured_media":115097,"comment_status":"","ping_status":"","sticky":false,"template":"","format":"standard","meta":{"footnotes":""},"categories":[5],"tags":[23,28,29,32,33,22,30,31,35,39,38,36,37,34,40,20,26,27,948,24,25,4957,21],"class_list":{"0":"post-115096","1":"post","2":"type-post","3":"status-publish","4":"format-standard","5":"has-post-thumbnail","7":"category-aktualitates","8":"tag-aktualitates","9":"tag-breaking-news","10":"tag-breakingnews","11":"tag-featured-news","12":"tag-featurednews","13":"tag-headlines","14":"tag-latest-news","15":"tag-latestnews","16":"tag-latvia","17":"tag-latvian","18":"tag-latviesu","19":"tag-latviesu-valoda","20":"tag-latviesuvaloda","21":"tag-latvija","22":"tag-lv","23":"tag-news","24":"tag-popularakas-zinas","25":"tag-popularakaszinas","26":"tag-rail-baltica","27":"tag-top-stories","28":"tag-topstories","29":"tag-transports","30":"tag-zinas"},"share_on_mastodon":{"url":"https:\/\/pubeurope.com\/@lv\/115967675811206988","error":""},"_links":{"self":[{"href":"https:\/\/www.europesays.com\/lv\/wp-json\/wp\/v2\/posts\/115096","targetHints":{"allow":["GET"]}}],"collection":[{"href":"https:\/\/www.europesays.com\/lv\/wp-json\/wp\/v2\/posts"}],"about":[{"href":"https:\/\/www.europesays.com\/lv\/wp-json\/wp\/v2\/types\/post"}],"author":[{"embeddable":true,"href":"https:\/\/www.europesays.com\/lv\/wp-json\/wp\/v2\/users\/2"}],"replies":[{"embeddable":true,"href":"https:\/\/www.europesays.com\/lv\/wp-json\/wp\/v2\/comments?post=115096"}],"version-history":[{"count":0,"href":"https:\/\/www.europesays.com\/lv\/wp-json\/wp\/v2\/posts\/115096\/revisions"}],"wp:featuredmedia":[{"embeddable":true,"href":"https:\/\/www.europesays.com\/lv\/wp-json\/wp\/v2\/media\/115097"}],"wp:attachment":[{"href":"https:\/\/www.europesays.com\/lv\/wp-json\/wp\/v2\/media?parent=115096"}],"wp:term":[{"taxonomy":"category","embeddable":true,"href":"https:\/\/www.europesays.com\/lv\/wp-json\/wp\/v2\/categories?post=115096"},{"taxonomy":"post_tag","embeddable":true,"href":"https:\/\/www.europesays.com\/lv\/wp-json\/wp\/v2\/tags?post=115096"}],"curies":[{"name":"wp","href":"https:\/\/api.w.org\/{rel}","templated":true}]}}