{"id":115103,"date":"2026-01-27T15:09:11","date_gmt":"2026-01-27T15:09:11","guid":{"rendered":"https:\/\/www.europesays.com\/lv\/115103\/"},"modified":"2026-01-27T15:09:11","modified_gmt":"2026-01-27T15:09:11","slug":"raimonds-pauls-grasas-tiesaties-par-koncerta-manai-dzimtenei-lietosanu-bez-atlaujas-lente-lv","status":"publish","type":"post","link":"https:\/\/www.europesays.com\/lv\/115103\/","title":{"rendered":"Raimonds Pauls gras\u0101s ties\u0101ties par koncerta \u201cManai dzimtenei\u201d lieto\u0161anu bez at\u013caujas\u00a0\u2014\u00a0Lente.lv"},"content":{"rendered":"<p>Pauls v\u0113r\u0161as pie advok\u0101ta, lai risin\u0101tu str\u012bdu par koncerta nosaukumu<\/p>\n<p>Maestro Raimonds Pauls ir nol\u0113mis v\u0113rsties ties\u0101, lai atrisin\u0101tu domstarp\u012bbas saist\u012bb\u0101 ar vi\u0146a v\u0101rd\u0101 nosaukto koncertu \u201cManai dzimtenei\u201d. K\u0101 zi\u0146o av\u012bze Diena, komponists 2026. gada 26. janv\u0101r\u012b izplat\u012bjis pazi\u0146ojumu, kur\u0101 atk\u0101rtoti stingri norobe\u017eojas no pas\u0101kuma, uzsverot, ka nav devis piekri\u0161anu sava v\u0101rda, uzv\u0101rda, att\u0113la vai pre\u010du z\u012bmes izmanto\u0161anai \u0161aj\u0101 projekt\u0101. Pauls uzskata, ka organizatori ilgsto\u0161i un pla\u0161i izmantoju\u0161i vi\u0146a v\u0101rdu atpaz\u012bstam\u012bbas veicin\u0101\u0161anai un rekl\u0101mai, radot mald\u012bgu priek\u0161statu par savu akt\u012bvu dal\u012bbu un iesaisti. Vi\u0146\u0161 nor\u0101d\u012bjis: \u201cMans v\u0101rds tur ir pielipin\u0101ts. \u013boti fal\u0161i.\u201d Lai situ\u0101ciju risin\u0101tu tiesisk\u0101 ce\u013c\u0101, Maestro ir v\u0113rsies pie advok\u0101ta.<\/p>\n<p>Str\u012bda c\u0113lonis: pre\u010du z\u012bmes re\u0123istr\u0101cija un maldino\u0161a inform\u0101cija<\/p>\n<p>Neskaidr\u012bbas radu\u0161\u0101s, jo s\u0101kotn\u0113ji pas\u0101kums tika reklam\u0113ts k\u0101 \u201cRaimonda Paula Dziesmu sv\u0113tki \u201cManai dzimtenei\u201d\u201d. SIA \u201cAUSS Media\u201d, kas pieder koncerta organizatoram J\u0101nim \u0136irsim, bija re\u0123istr\u0113jusi pre\u010du z\u012bmi \u201cRAIMONDA PAULA DZIESMU SV\u0112TKI Manai Dzimtenei\u201d. P\u0113c pla\u0161a mediju, juristu un sabiedr\u012bbas spiediena, \u0161\u012b pre\u010du z\u012bme ir dz\u0113sta. Raimonda Paula p\u0101rst\u0101vis, zv\u0113rin\u0101ts advok\u0101ts Ivo Kloti\u0146\u0161, pazi\u0146ojis, ka tiks izmantoti visi nepiecie\u0161amie tiesiskie l\u012bdzek\u013ci, lai aizsarg\u0101tu Maestro ties\u012bbas un intereses. Pauls uzsver, ka nekad nav devis piekri\u0161anu sava v\u0101rda izmanto\u0161anai \u0161\u0101d\u0101 kontekst\u0101 un uzskata, ka organizatori maldin\u0101ju\u0161i sabiedr\u012bbu.<\/p>\n<p>Organizatori maina nosaukumu, bet iecere paliek<\/p>\n<p>Rea\u0123\u0113jot uz Maestro pausto viedokli un publisko rezonansi, pas\u0101kuma organizatori pie\u0146\u0113mu\u0161i l\u0113mumu main\u012bt nosaukumu no \u201cRaimonda Paula Dziesmu sv\u0113tki \u201cManai dzimtenei\u201d\u201d uz vienk\u0101r\u0161i \u201cDziesmu sv\u0113tki \u201cManai dzimtenei\u201d\u201d. Neskatoties uz nosaukuma mai\u0146u, organizatori uzsver, ka pas\u0101kuma saturs un m\u0101ksliniecisk\u0101 koncepcija paliek nemain\u012bga. Koncerta r\u012bkot\u0101ji, biedr\u012bba \u201cManai Dzimtenei\u201d un SIA \u201cAUSS Media\u201d, aicina p\u0101rtraukt \u201cnomelno\u0161anas kampa\u0146u\u201d un sola, ka koncerts notiks. Vi\u0146i nor\u0101da, ka sarun\u0101 ar Raimondu Paulu 2024. gada novembr\u012b Maestro neiebilda pret koncerta ieceri, un decembr\u012b ar vi\u0146u tika p\u0101rrun\u0101ts pl\u0101notais repertu\u0101rs. R\u012bkot\u0101ji ar\u012b uzsver, ka Maestro nebija sol\u012bjis akt\u012bvu dal\u012bbu pas\u0101kum\u0101, un publiskaj\u0101 komunik\u0101cij\u0101 nav apgalvots, ka vi\u0146\u0161 piedal\u012bsies.<\/p>\n<p>M\u016bzikas profesion\u0101\u013cu ba\u017eas un noraid\u012bjumi<\/p>\n<p>Situ\u0101cija ir izrais\u012bjusi pla\u0161u rezonansi un sa\u0161utumu m\u016bzikas profesion\u0101\u013cu aprind\u0101s. Komponisti, m\u016bzi\u0137i, kordiri\u0123enti un producenti publiski nosod\u012bju\u0161i pas\u0101kumu k\u0101 \u201cne\u0113tisku, manipulat\u012bvu un mantraus\u012bgu pe\u013c\u0146as g\u016b\u0161anas projektu\u201d. Vi\u0146i aicina pa\u0161vald\u012bbas un Kult\u016bras ministriju izv\u0113rt\u0113t dal\u012bbu \u0161aj\u0101 pas\u0101kum\u0101 un ieguld\u012bjumus taj\u0101, norobe\u017eojoties no t\u0101 d\u0113v\u0113t\u0101 \u201cviltus Dziesmu sv\u0113tkiem\u201d. Tiek uzsv\u0113rts, ka Raimonds Pauls ir noraid\u012bjis savas piekri\u0161anas do\u0161anu \u0161\u0101dam pas\u0101kumam. Valmieras v\u012bru koris \u201cImanta\u201d jau 14. janv\u0101r\u012b pie\u0146\u0113mis l\u0113mumu atteikties no dal\u012bbas pas\u0101kum\u0101.<\/p>\n<p>Koncerta \u201cManai dzimtenei\u201d norise un v\u0113st\u012bjums<\/p>\n<p>Koncerts \u201cManai dzimtenei\u201d ir iecer\u0113ts k\u0101 velt\u012bjums Maestro Raimonda Paula 90. jubilejai un vi\u0146a dai\u013cradei. Tas pl\u0101nots 2026. gada 11. j\u016blij\u0101 Me\u017eaparka Lielaj\u0101 estr\u0101d\u0113, pulc\u0113jot vair\u0101k nek\u0101 13 000 dzied\u0101t\u0101ju no Latvijas un diasporas. Pas\u0101kum\u0101 skan\u0113s Maestro korm\u016bzikas dziesmas un \u012bpa\u0161i \u0161im koncertam rad\u012bti jauni ska\u0146darbu aran\u017e\u0113jumi. P\u0113c koncerta pl\u0101nota ar\u012b sadzied\u0101\u0161an\u0101s nakts ar popul\u0101r\u0101kaj\u0101m Raimonda Paula melodij\u0101m. R\u012bkot\u0101ji uzsver, ka sv\u0113tki \u201cManai dzimtenei\u201d top k\u0101 pilsoniska iniciat\u012bva un ka pas\u0101kumam gatavojas t\u016bksto\u0161iem dzied\u0101t\u0101ju, kuri tic Maestro m\u016b\u017ea devumam.<\/p>\n","protected":false},"excerpt":{"rendered":"Pauls v\u0113r\u0161as pie advok\u0101ta, lai risin\u0101tu str\u012bdu par koncerta nosaukumu Maestro Raimonds Pauls ir nol\u0113mis v\u0113rsties ties\u0101, lai&hellip;\n","protected":false},"author":2,"featured_media":115104,"comment_status":"","ping_status":"","sticky":false,"template":"","format":"standard","meta":{"footnotes":""},"categories":[5],"tags":[23,28,29,32,33,22,26732,202,30,31,35,39,38,36,37,34,40,17034,20,26,27,25343,2672,24,25,21],"class_list":{"0":"post-115103","1":"post","2":"type-post","3":"status-publish","4":"format-standard","5":"has-post-thumbnail","7":"category-aktualitates","8":"tag-aktualitates","9":"tag-breaking-news","10":"tag-breakingnews","11":"tag-featured-news","12":"tag-featurednews","13":"tag-headlines","14":"tag-juridiskie-soli","15":"tag-koncerts","16":"tag-latest-news","17":"tag-latestnews","18":"tag-latvia","19":"tag-latvian","20":"tag-latviesu","21":"tag-latviesu-valoda","22":"tag-latviesuvaloda","23":"tag-latvija","24":"tag-lv","25":"tag-manai-dzimtenei","26":"tag-news","27":"tag-popularakas-zinas","28":"tag-popularakaszinas","29":"tag-precu-zime","30":"tag-raimonds-pauls","31":"tag-top-stories","32":"tag-topstories","33":"tag-zinas"},"share_on_mastodon":{"url":"https:\/\/pubeurope.com\/@lv\/115967699354737083","error":""},"_links":{"self":[{"href":"https:\/\/www.europesays.com\/lv\/wp-json\/wp\/v2\/posts\/115103","targetHints":{"allow":["GET"]}}],"collection":[{"href":"https:\/\/www.europesays.com\/lv\/wp-json\/wp\/v2\/posts"}],"about":[{"href":"https:\/\/www.europesays.com\/lv\/wp-json\/wp\/v2\/types\/post"}],"author":[{"embeddable":true,"href":"https:\/\/www.europesays.com\/lv\/wp-json\/wp\/v2\/users\/2"}],"replies":[{"embeddable":true,"href":"https:\/\/www.europesays.com\/lv\/wp-json\/wp\/v2\/comments?post=115103"}],"version-history":[{"count":0,"href":"https:\/\/www.europesays.com\/lv\/wp-json\/wp\/v2\/posts\/115103\/revisions"}],"wp:featuredmedia":[{"embeddable":true,"href":"https:\/\/www.europesays.com\/lv\/wp-json\/wp\/v2\/media\/115104"}],"wp:attachment":[{"href":"https:\/\/www.europesays.com\/lv\/wp-json\/wp\/v2\/media?parent=115103"}],"wp:term":[{"taxonomy":"category","embeddable":true,"href":"https:\/\/www.europesays.com\/lv\/wp-json\/wp\/v2\/categories?post=115103"},{"taxonomy":"post_tag","embeddable":true,"href":"https:\/\/www.europesays.com\/lv\/wp-json\/wp\/v2\/tags?post=115103"}],"curies":[{"name":"wp","href":"https:\/\/api.w.org\/{rel}","templated":true}]}}