{"id":115107,"date":"2026-01-27T15:15:06","date_gmt":"2026-01-27T15:15:06","guid":{"rendered":"https:\/\/www.europesays.com\/lv\/115107\/"},"modified":"2026-01-27T15:15:06","modified_gmt":"2026-01-27T15:15:06","slug":"par-valsts-materialo-rezervju-administresanu-atbildigs-bus-possessor","status":"publish","type":"post","link":"https:\/\/www.europesays.com\/lv\/115107\/","title":{"rendered":"Par valsts materi\u0101lo rezervju administr\u0113\u0161anu atbild\u012bgs b\u016bs &#8220;Possessor&#8221;"},"content":{"rendered":"<p>K\u0101 p\u0113c s\u0113des \u017eurn\u0101listiem past\u0101st\u012bja Ministru prezidente <a href=\"https:\/\/www.tvnet.lv\/term\/695388\/evika-silina\" class=\"topicLink\" target=\"_blank\" rel=\"nofollow noopener\">Evika Sili\u0146a<\/a> (JV), \u0161odien sl\u0113gt\u0101 form\u0101t\u0101 apspriesti vair\u0101ki valstij noz\u012bm\u012bgi temati.<\/p>\n<p>Sili\u0146a uzsv\u0113ra, ka \u012bpa\u0161a uzman\u012bba velt\u012bta valsts materi\u0101laj\u0101m rezerv\u0113m. S\u0113d\u0113 pan\u0101kt\u0101 vieno\u0161an\u0101s paredz, ka rezerves tiks p\u0101rvald\u012btas centraliz\u0113ti, un par to administr\u0113\u0161anu b\u016bs atbild\u012bgs &#8220;Possessor&#8221;.<\/p>\n<p>P\u0113c vi\u0146as teikt\u0101, m\u0113r\u0137is ir izveidot caurskat\u0101mu sist\u0113mu, kur\u0101 re\u0101llaik\u0101 redzams, kur atrodas nepiecie\u0161am\u0101s rezerves un k\u0101 t\u0101s tiek novirz\u012btas. Premjere paskaidroja, ka \u0161\u012b sist\u0113ma darbotos l\u012bdz\u012bgi k\u0101 lietotnes, kur\u0101s iesp\u0113jams izsekot pas\u016bt\u012bjuma pieg\u0101dei.<\/p>\n<p>&#8220;Cilv\u0113kam b\u016btu j\u0101sp\u0113j redz\u0113t, kur konkr\u0113t\u0101 rezerve atrodas un k\u0101 t\u0101 tiek p\u0101rvietota. Savuk\u0101rt iepirkumi, glab\u0101\u0161ana un resursu pl\u0101no\u0161ana joproj\u0101m paliks nozares ministriju p\u0101rzi\u0146\u0101,&#8221; nor\u0101d\u012bja Sili\u0146a.<\/p>\n<p>&#8220;Possessor&#8221; savulaik tika izveidots uz Privatiz\u0101cijas a\u0123ent\u016bras b\u0101zes, tas pieder Latvijas valstij un 100% uz\u0146\u0113muma da\u013cu tur\u0113t\u0101js ir Ekonomikas ministrija.<\/p>\n<p>&#8220;Possessor&#8221; visp\u0101r\u0113jais strat\u0113\u0123iskais m\u0113r\u0137is ir atbilsto\u0161i dotajiem dele\u0123\u0113jumiem efekt\u012bvi p\u0101rvald\u012bt publiskos akt\u012bvus, k\u0101 ar\u012b valsts att\u012bst\u012bbai un dro\u0161\u012bbai noz\u012bm\u012bgus resursus un infrastrukt\u016bru, teikts uz\u0146\u0113muma m\u0101jaslap\u0101.<\/p>\n<p>Jau zi\u0146ots, ka \u0161odien notika Ministru kabineta Kr\u012bzes vad\u012bbas s\u0113de, kas turpm\u0101k b\u016bs galvenais form\u0101ts strat\u0113\u0123isku l\u0113mumu pie\u0146em\u0161anai kr\u012b\u017eu vad\u012bbas un valsts apdraud\u0113juma p\u0101rvar\u0113\u0161anas jom\u0101.<\/p>\n<p>L\u012bdz ar to turpm\u0101k, atbilsto\u0161i situ\u0101cijai, tiks sasauktas gan s\u0113des valsts aizsardz\u012bbas un dro\u0161\u012bbas pl\u0101no\u0161anas dokumentu izskat\u012b\u0161anai, gan m\u0101c\u012bbu s\u0113des gatav\u012bbas p\u0101rbaudei, gan s\u0113des re\u0101lu kr\u012b\u017eu situ\u0101ciju risin\u0101\u0161anai.<\/p>\n<p>Kr\u012bzes vad\u012bbas centrs savu darb\u012bbu s\u0101ka 2025. gada 1. j\u016blij\u0101, pak\u0101peniski p\u0101r\u0146emot l\u012bdz\u0161in\u0113jo kr\u012bzes vad\u012bbas funkciju nodro\u0161in\u0101\u0161anu.<\/p>\n","protected":false},"excerpt":{"rendered":"K\u0101 p\u0113c s\u0113des \u017eurn\u0101listiem past\u0101st\u012bja Ministru prezidente Evika Sili\u0146a (JV), \u0161odien sl\u0113gt\u0101 form\u0101t\u0101 apspriesti vair\u0101ki valstij noz\u012bm\u012bgi temati.&hellip;\n","protected":false},"author":2,"featured_media":115108,"comment_status":"","ping_status":"","sticky":false,"template":"","format":"standard","meta":{"footnotes":""},"categories":[5],"tags":[23,28,29,1249,32,33,22,26733,30,31,35,39,38,36,37,34,40,20,26,27,24,25,21],"class_list":{"0":"post-115107","1":"post","2":"type-post","3":"status-publish","4":"format-standard","5":"has-post-thumbnail","7":"category-aktualitates","8":"tag-aktualitates","9":"tag-breaking-news","10":"tag-breakingnews","11":"tag-evika-silina","12":"tag-featured-news","13":"tag-featurednews","14":"tag-headlines","15":"tag-krizes-vadibas-padome","16":"tag-latest-news","17":"tag-latestnews","18":"tag-latvia","19":"tag-latvian","20":"tag-latviesu","21":"tag-latviesu-valoda","22":"tag-latviesuvaloda","23":"tag-latvija","24":"tag-lv","25":"tag-news","26":"tag-popularakas-zinas","27":"tag-popularakaszinas","28":"tag-top-stories","29":"tag-topstories","30":"tag-zinas"},"share_on_mastodon":{"url":"https:\/\/pubeurope.com\/@lv\/115967722940114296","error":""},"_links":{"self":[{"href":"https:\/\/www.europesays.com\/lv\/wp-json\/wp\/v2\/posts\/115107","targetHints":{"allow":["GET"]}}],"collection":[{"href":"https:\/\/www.europesays.com\/lv\/wp-json\/wp\/v2\/posts"}],"about":[{"href":"https:\/\/www.europesays.com\/lv\/wp-json\/wp\/v2\/types\/post"}],"author":[{"embeddable":true,"href":"https:\/\/www.europesays.com\/lv\/wp-json\/wp\/v2\/users\/2"}],"replies":[{"embeddable":true,"href":"https:\/\/www.europesays.com\/lv\/wp-json\/wp\/v2\/comments?post=115107"}],"version-history":[{"count":0,"href":"https:\/\/www.europesays.com\/lv\/wp-json\/wp\/v2\/posts\/115107\/revisions"}],"wp:featuredmedia":[{"embeddable":true,"href":"https:\/\/www.europesays.com\/lv\/wp-json\/wp\/v2\/media\/115108"}],"wp:attachment":[{"href":"https:\/\/www.europesays.com\/lv\/wp-json\/wp\/v2\/media?parent=115107"}],"wp:term":[{"taxonomy":"category","embeddable":true,"href":"https:\/\/www.europesays.com\/lv\/wp-json\/wp\/v2\/categories?post=115107"},{"taxonomy":"post_tag","embeddable":true,"href":"https:\/\/www.europesays.com\/lv\/wp-json\/wp\/v2\/tags?post=115107"}],"curies":[{"name":"wp","href":"https:\/\/api.w.org\/{rel}","templated":true}]}}