{"id":115128,"date":"2026-01-27T15:44:04","date_gmt":"2026-01-27T15:44:04","guid":{"rendered":"https:\/\/www.europesays.com\/lv\/115128\/"},"modified":"2026-01-27T15:44:04","modified_gmt":"2026-01-27T15:44:04","slug":"asv-sniegs-garantijas-ukrainai-ja-ta-atteiksies-no-donbasa","status":"publish","type":"post","link":"https:\/\/www.europesays.com\/lv\/115128\/","title":{"rendered":"ASV sniegs garantijas Ukrainai, ja t\u0101 atteiksies no Donbasa"},"content":{"rendered":"<p>Va\u0161ingtona ar\u012b \u013c\u0101vusi noprast, ka t\u0101 var\u0113tu pied\u0101v\u0101t Ukrainai vair\u0101k iero\u010du, lai miera laik\u0101 stiprin\u0101tu t\u0101s armiju, ja Kijiva piekrit\u012bs atk\u0101pties no t\u0101s kontrol\u0113t\u0101s Doneckas apgabala da\u013cas.<\/p>\n<p>Ukrainas prezidents Volodimirs Zelenskis sv\u0113tdien pazi\u0146oja, ka ASV dokuments par dro\u0161\u012bbas garantij\u0101m Ukrainai ir &#8220;simtprocent\u012bgi gatavs&#8221;, un Kijiva gaida, kad Va\u0161ingtona noteiks laiku un vietu dokumenta parakst\u012b\u0161anai.<\/p>\n<blockquote class=\"quote ck-widget\" contenteditable=\"false\">\n<p>Zelenskis konsekventi uzst\u0101j, ka Ukrainas teritori\u0101l\u0101 integrit\u0101te ir j\u0101iev\u0113ro jebkur\u0101 miera l\u012bgum\u0101, kura m\u0113r\u0137is ir izbeigt karu.<\/p>\n<\/blockquote>\n<p><a href=\"https:\/\/www.tvnet.lv\/term\/8497\/ukraina\" class=\"topicLink\" target=\"_blank\" rel=\"nofollow noopener\">Ukraina<\/a> arvien vair\u0101k \u0161aub\u0101s, vai Va\u0161ingtona ap\u0146emsies sniegt dro\u0161\u012bbas garantijas, &#8220;Financial Times&#8221; sac\u012bja augsta ranga Ukrainas amatpersona, piebilstot, ka ASV &#8220;p\u0101rtrauc sarunas ikreiz, kad var parakst\u012bt dro\u0161\u012bbas garantijas&#8221;.<\/p>\n<p>Kijiva v\u0113las garantiju apstiprin\u0101jumu, pirms t\u0101 piek\u0101pjas teritoriju jaut\u0101jum\u0101.<\/p>\n<p>Tom\u0113r ASV uzskata, ka Ukrainai ir j\u0101atdod Donbass, lai izbeigtu karu, un neizdara spiedienu uz Krievijas diktatoru Vladimiru Putinu, lai tas atteiktos no \u0161\u012bs pras\u012bbas, nor\u0101da &#8220;Financial Times&#8221;.<\/p>\n<p>Cilv\u0113ks, kas p\u0101rzina ASV nost\u0101ju, laikrakstam sac\u012bja, ka Va\u0161ingtona &#8220;nem\u0113\u0123ina uzspiest Ukrainai nek\u0101das teritori\u0101las piek\u0101p\u0161an\u0101s&#8221;, piebilstot, ka dro\u0161\u012bbas garantijas ir atkar\u012bgas no abu pu\u0161u piekri\u0161anas miera l\u012bgumam.<\/p>\n<p>P\u0113c ned\u0113\u013cas nogal\u0113 notiku\u0161aj\u0101m sarun\u0101m Ab\u016b Dab\u012b Kremlis pirmdien pazi\u0146oja, ka teritoriju jaut\u0101jums joproj\u0101m ir b\u016btisks, lai pan\u0101ktu jebk\u0101du vieno\u0161anos par karadarb\u012bbas p\u0101rtrauk\u0161anu Ukrain\u0101.<\/p>\n<p>ASV vad\u012bto miera sarunu gait\u0101 Krievija piepras\u012bjusi, ka Ukrainas karasp\u0113ks ir j\u0101atvelk no Doneckas apgabala da\u013cas, ko Krievijas karasp\u0113kam nav izdevies sagr\u0101bt.<\/p>\n<blockquote class=\"quote ck-widget\" contenteditable=\"false\">\n<p>\u0160aj\u0101 teritorij\u0101 izveidotas sp\u0113c\u012bgas ukrai\u0146u aizsardz\u012bbas l\u012bnijas, un t\u0101s atdo\u0161ana pav\u0113rtu krieviem ce\u013cu t\u0101l\u0101kai uzbrukuma izv\u0113r\u0161anai rietumu virzien\u0101.<\/p>\n<\/blockquote>\n","protected":false},"excerpt":{"rendered":"Va\u0161ingtona ar\u012b \u013c\u0101vusi noprast, ka t\u0101 var\u0113tu pied\u0101v\u0101t Ukrainai vair\u0101k iero\u010du, lai miera laik\u0101 stiprin\u0101tu t\u0101s armiju, ja&hellip;\n","protected":false},"author":2,"featured_media":115129,"comment_status":"","ping_status":"","sticky":false,"template":"","format":"standard","meta":{"footnotes":""},"categories":[14],"tags":[23,57,28,29,32,33,22,74,30,31,35,39,38,36,37,34,40,20,26,27,24,25,276,54,55,56,21,58],"class_list":{"0":"post-115128","1":"post","2":"type-post","3":"status-publish","4":"format-standard","5":"has-post-thumbnail","7":"category-zinas-no-arvalstim","8":"tag-aktualitates","9":"tag-arvalstim","10":"tag-breaking-news","11":"tag-breakingnews","12":"tag-featured-news","13":"tag-featurednews","14":"tag-headlines","15":"tag-krievijas-iebrukums-ukraina","16":"tag-latest-news","17":"tag-latestnews","18":"tag-latvia","19":"tag-latvian","20":"tag-latviesu","21":"tag-latviesu-valoda","22":"tag-latviesuvaloda","23":"tag-latvija","24":"tag-lv","25":"tag-news","26":"tag-popularakas-zinas","27":"tag-popularakaszinas","28":"tag-top-stories","29":"tag-topstories","30":"tag-ukraina","31":"tag-world","32":"tag-world-news","33":"tag-worldnews","34":"tag-zinas","35":"tag-zinas-no-arvalstim"},"share_on_mastodon":{"url":"https:\/\/pubeurope.com\/@lv\/115967837017049242","error":""},"_links":{"self":[{"href":"https:\/\/www.europesays.com\/lv\/wp-json\/wp\/v2\/posts\/115128","targetHints":{"allow":["GET"]}}],"collection":[{"href":"https:\/\/www.europesays.com\/lv\/wp-json\/wp\/v2\/posts"}],"about":[{"href":"https:\/\/www.europesays.com\/lv\/wp-json\/wp\/v2\/types\/post"}],"author":[{"embeddable":true,"href":"https:\/\/www.europesays.com\/lv\/wp-json\/wp\/v2\/users\/2"}],"replies":[{"embeddable":true,"href":"https:\/\/www.europesays.com\/lv\/wp-json\/wp\/v2\/comments?post=115128"}],"version-history":[{"count":0,"href":"https:\/\/www.europesays.com\/lv\/wp-json\/wp\/v2\/posts\/115128\/revisions"}],"wp:featuredmedia":[{"embeddable":true,"href":"https:\/\/www.europesays.com\/lv\/wp-json\/wp\/v2\/media\/115129"}],"wp:attachment":[{"href":"https:\/\/www.europesays.com\/lv\/wp-json\/wp\/v2\/media?parent=115128"}],"wp:term":[{"taxonomy":"category","embeddable":true,"href":"https:\/\/www.europesays.com\/lv\/wp-json\/wp\/v2\/categories?post=115128"},{"taxonomy":"post_tag","embeddable":true,"href":"https:\/\/www.europesays.com\/lv\/wp-json\/wp\/v2\/tags?post=115128"}],"curies":[{"name":"wp","href":"https:\/\/api.w.org\/{rel}","templated":true}]}}