{"id":115137,"date":"2026-01-27T16:04:03","date_gmt":"2026-01-27T16:04:03","guid":{"rendered":"https:\/\/www.europesays.com\/lv\/115137\/"},"modified":"2026-01-27T16:04:03","modified_gmt":"2026-01-27T16:04:03","slug":"latvijas-valsts-celi-aicina-tresdienas-rita-ieplanot-ilgaku-laiku-celam","status":"publish","type":"post","link":"https:\/\/www.europesays.com\/lv\/115137\/","title":{"rendered":"&#8220;Latvijas valsts ce\u013ci&#8221; aicina tre\u0161dienas r\u012bt\u0101 iepl\u0101not ilg\u0101ku laiku ce\u013cam"},"content":{"rendered":"<p>Balstoties uz Latvijas Vides, \u0123eolo\u0123ijas un meteorolo\u0123ijas centra prognoz\u0113m, LVC nor\u0101da, ka otrdienas vakar\u0101 Latvijas dienvidu rajonos stipri snigs un putin\u0101s.<\/p>\n<p>\u0160\u0101dos laikapst\u0101k\u013cos uz autoce\u013ciem var veidoties sniega k\u0101rta un aizputin\u0101jumi, k\u0101 ar\u012b brauk\u0161anas apst\u0101k\u013ci var b\u016bt stipri apgr\u016btin\u0101ti, \u012bpa\u0161i uz re\u0123ion\u0101lajiem un viet\u0113jiem autoce\u013ciem ar nelielu satiksmes intensit\u0101ti.<\/p>\n<p>T\u0101d\u0113j\u0101di LVC autovad\u012bt\u0101jus aicina tre\u0161dienas r\u012bt\u0101 iepl\u0101not papildu laiku ce\u013cam un sekot l\u012bdzi laika prognozei un inform\u0101cijai par brauk\u0161anas apst\u0101k\u013ciem.<\/p>\n<p>LVC skaidro, ka ziem\u0101 uztur\u0113\u0161anas darbi uz autoce\u013ciem tiek veikti priorit\u0101r\u0101 sec\u012bb\u0101, liel\u0101ko uzman\u012bbu piev\u0113r\u0161ot autoce\u013ciem, kurus lieto liel\u0101kais lietot\u0101ju skaits. J\u0101r\u0113\u0137in\u0101s, ka ar uztur\u0113\u0161anas darbiem iesp\u0113ju robe\u017e\u0101s brauk\u0161anas apst\u0101k\u013ci tiek uzlaboti, ta\u010du tie nevar piln\u012bb\u0101 nov\u0113rst ziemas un main\u012bgo laika apst\u0101k\u013cu ietekmi uz autoce\u013ciem.<\/p>\n<p>Ce\u013cus t\u012bra un kaisa ar\u012b snig\u0161anas laik\u0101, tom\u0113r sniega k\u0101rta veidojas atk\u0101rtoti, un ce\u013ci p\u0113c apstr\u0101des ar rea\u0123entiem var apledot no jauna. Ziem\u0101 uz ce\u013ciem ir pie\u013caujama sniega k\u0101rta, savuk\u0101rt puten\u012b j\u0101r\u0113\u0137in\u0101s ar\u012b ar sniega sanesumiem, skaidro uz\u0146\u0113mum\u0101.<\/p>\n<p>Piln\u012bb\u0101 no sniega ce\u013ci tiek att\u012br\u012bti tikai p\u0113c snig\u0161anas beig\u0101m, tam atv\u0113l\u0113tais laiks ir no trim l\u012bdz 24 stund\u0101m. Priorit\u0101ri tiek t\u012br\u012bti ce\u013ci ar liel\u0101ko satiksmes intensit\u0101ti, t\u0101d\u0113j\u0101di visilg\u0101k aizputin\u0101ti var b\u016bt viet\u0113j\u0101s noz\u012bmes autoce\u013ci ar mazu satiksmes intensit\u0101ti.<\/p>\n","protected":false},"excerpt":{"rendered":"Balstoties uz Latvijas Vides, \u0123eolo\u0123ijas un meteorolo\u0123ijas centra prognoz\u0113m, LVC nor\u0101da, ka otrdienas vakar\u0101 Latvijas dienvidu rajonos stipri&hellip;\n","protected":false},"author":2,"featured_media":115138,"comment_status":"","ping_status":"","sticky":false,"template":"","format":"standard","meta":{"footnotes":""},"categories":[12],"tags":[5869,23,15085,14937,28,29,32,33,22,30,31,35,39,38,36,37,34,2857,40,20,26,27,24,25,21],"class_list":{"0":"post-115137","1":"post","2":"type-post","3":"status-publish","4":"format-standard","5":"has-post-thumbnail","7":"category-latvija","8":"tag-ziema","9":"tag-aktualitates","10":"tag-apgrutinata-brauksana","11":"tag-apledojums","12":"tag-breaking-news","13":"tag-breakingnews","14":"tag-featured-news","15":"tag-featurednews","16":"tag-headlines","17":"tag-latest-news","18":"tag-latestnews","19":"tag-latvia","20":"tag-latvian","21":"tag-latviesu","22":"tag-latviesu-valoda","23":"tag-latviesuvaloda","24":"tag-latvija","25":"tag-latvijas-valsts-celi","26":"tag-lv","27":"tag-news","28":"tag-popularakas-zinas","29":"tag-popularakaszinas","30":"tag-top-stories","31":"tag-topstories","32":"tag-zinas"},"share_on_mastodon":{"url":"https:\/\/pubeurope.com\/@lv\/115967915608220755","error":""},"_links":{"self":[{"href":"https:\/\/www.europesays.com\/lv\/wp-json\/wp\/v2\/posts\/115137","targetHints":{"allow":["GET"]}}],"collection":[{"href":"https:\/\/www.europesays.com\/lv\/wp-json\/wp\/v2\/posts"}],"about":[{"href":"https:\/\/www.europesays.com\/lv\/wp-json\/wp\/v2\/types\/post"}],"author":[{"embeddable":true,"href":"https:\/\/www.europesays.com\/lv\/wp-json\/wp\/v2\/users\/2"}],"replies":[{"embeddable":true,"href":"https:\/\/www.europesays.com\/lv\/wp-json\/wp\/v2\/comments?post=115137"}],"version-history":[{"count":0,"href":"https:\/\/www.europesays.com\/lv\/wp-json\/wp\/v2\/posts\/115137\/revisions"}],"wp:featuredmedia":[{"embeddable":true,"href":"https:\/\/www.europesays.com\/lv\/wp-json\/wp\/v2\/media\/115138"}],"wp:attachment":[{"href":"https:\/\/www.europesays.com\/lv\/wp-json\/wp\/v2\/media?parent=115137"}],"wp:term":[{"taxonomy":"category","embeddable":true,"href":"https:\/\/www.europesays.com\/lv\/wp-json\/wp\/v2\/categories?post=115137"},{"taxonomy":"post_tag","embeddable":true,"href":"https:\/\/www.europesays.com\/lv\/wp-json\/wp\/v2\/tags?post=115137"}],"curies":[{"name":"wp","href":"https:\/\/api.w.org\/{rel}","templated":true}]}}