{"id":115157,"date":"2026-01-27T16:49:06","date_gmt":"2026-01-27T16:49:06","guid":{"rendered":"https:\/\/www.europesays.com\/lv\/115157\/"},"modified":"2026-01-27T16:49:06","modified_gmt":"2026-01-27T16:49:06","slug":"olivera-solberga-vesturiska-uzvara-montekarlo-rallija-jaunakais-wrc-eras-uzvaretajs-lente-lv","status":"publish","type":"post","link":"https:\/\/www.europesays.com\/lv\/115157\/","title":{"rendered":"Olivera Solberga v\u0113sturisk\u0101 uzvara Montekarlo rallij\u0101 \u2013 jaun\u0101kais WRC \u0113ras uzvar\u0113t\u0101js\u00a0\u2014\u00a0Lente.lv"},"content":{"rendered":"<p>Solbergs triumf\u0113 Montekarlo rallij\u0101, k\u013c\u016bstot par jaun\u0101ko WRC uzvar\u0113t\u0101ju<\/p>\n<p>Zviedru pilots Olivers Solbergs ir izc\u012bn\u012bjis iespaid\u012bgu uzvaru presti\u017eaj\u0101 Montekarlo rallij\u0101, aizvadot savu pirmo pilnas sezonas WRC Rally1 automa\u0161\u012bn\u0101. \u0160is pan\u0101kums ne tikai atkl\u0101j jauno 2026. gada Pasaules rallija \u010dempion\u0101ta (WRC) sezonu, bet ar\u012b ieraksta Solbergu rallija v\u0113stures gr\u0101mat\u0101s k\u0101 jaun\u0101ko WRC \u0113ras uzvar\u0113t\u0101ju \u0161aj\u0101 ikoniskaj\u0101 posm\u0101. K\u0101 inform\u0113 Latvijas Sabiedriskie Mediji, 24 gadus vecais zviedru brauc\u0113js p\u0101rsp\u0113ja iepriek\u0161\u0113jo rekordu, ko uzst\u0101d\u012bja Sebasti\u0113ns O\u017ej\u0113rs 2009. gad\u0101. Solbergs p\u0101rst\u0101v komandu &#8220;Toyota Gazoo Racing&#8221;, un \u0161is pan\u0101kums ir ar\u012b apliecin\u0101jums komandas sp\u0113kam un automa\u0161\u012bnas veiktsp\u0113jai.<\/p>\n<p>Domin\u0113jo\u0161s sniegums sare\u017e\u0123\u012btos apst\u0101k\u013cos<\/p>\n<p>Solbergs demonstr\u0113ja apbr\u012bnojamu sniegumu vis\u0101 sacens\u012bbu ned\u0113\u013cas nogal\u0113, bie\u017ei vien vadot ralliju jau no otr\u0101 \u0101trumposma. Neskatoties uz ekstr\u0113mi sare\u017e\u0123\u012btajiem laika apst\u0101k\u013ciem, kas ietv\u0113ra sniegu, ledu, lietu un dub\u013cus, Solbergs sp\u0113ja saglab\u0101t aukstasin\u012bbu un kontroli p\u0101r savu &#8220;GR Yaris Rally1&#8221;. Lai gan vi\u0146am sestdien uz br\u012bdi bija izsl\u012bd\u0113\u0161ana no ce\u013ca, un sv\u0113tdien no r\u012bta rad\u0101s nelieli momenti, kur tika zaud\u0113ts laiks, vi\u0146\u0161 prata atg\u016bties un nodro\u0161in\u0101t p\u0101rliecino\u0161u uzvaru. Vi\u0146a sp\u0113ja piel\u0101goties main\u012bgaj\u0101m un bie\u017ei vien neprognoz\u0113jamaj\u0101m trases virsm\u0101m bija iz\u0161\u0137iro\u0161a. Vi\u0146\u0161 uzvar\u0113ja ar 51,8 sekun\u017eu p\u0101rsvaru p\u0101r savu komandas biedru.<\/p>\n<p>Toyota Gazoo Racing pan\u0101kumu pilna ned\u0113\u013cas nogale<\/p>\n<p>Montekarlo rallijs \u0161ogad izv\u0113rt\u0101s \u012bpa\u0161i veiksm\u012bgs &#8220;Toyota Gazoo Racing&#8221; komandai, kas ne tikai svin\u0113ja Olivera Solberga uzvaru, bet ar\u012b nodro\u0161in\u0101ja piln\u012bgu pjedest\u0101lu. Otraj\u0101 viet\u0101 ierindoj\u0101s Elfins Evanss ar st\u016brmani Skotu M\u0101rtinu, bet tre\u0161ais bija devi\u0146k\u0101rt\u0113jais pasaules \u010dempions Sebasti\u0113ns O\u017ej\u0113rs ar st\u016brmani Vinsentu Lendeisu. \u0160\u0101ds rezult\u0101ts ir pirmais ra\u017eot\u0101ja goda pjedest\u0101ls Montekarlo rallij\u0101 kop\u0161 2015. gada un pirmais, ko sasniegusi &#8220;Toyota&#8221;. Solberga uzvara ir sept\u012bt\u0101, ko guvusi automa\u0161\u012bna ar &#8220;Toyota&#8221; marku.<\/p>\n<p>Solberga ce\u013c\u0161 uz virsotni<\/p>\n<p>Olivera Solberga karjera ir bijusi strauja un iespaid\u012bga. Vi\u0146a t\u0113vs ir 2003. gada pasaules \u010dempions Peters Solbergs, t\u0101d\u0113j\u0101di rallijs ir dzi\u013ci iesak\u0146ojies vi\u0146a \u0123imenes v\u0113stur\u0113. Pirms p\u0101rcel\u0161an\u0101s uz Rally1 klasi, Solbergs ir guvis pan\u0101kumus cit\u0101s kategorij\u0101s, tostarp uzvarot Latvijas \u010dempion\u0101t\u0101 jaunie\u0161u vecum\u0101 un izc\u012bnot WRC2 titulu 2025. gad\u0101. Vi\u0146a pirm\u0101 uzvara WRC absol\u016btaj\u0101 v\u0113rt\u0113jum\u0101 pag\u0101ju\u0161aj\u0101 gad\u0101 Rally Estonia lika dom\u0101t, ka vi\u0146\u0161 ir gatavs spert n\u0101kamo soli. \u0160\u012b uzvara Montekarlo rallij\u0101 ir apliecin\u0101jums vi\u0146a talantam, neatlaid\u012bbai un sp\u0113jai konkur\u0113t pa\u0161\u0101 augst\u0101kaj\u0101 l\u012bmen\u012b.<\/p>\n<p>N\u0101kamais izaicin\u0101jums \u2013 Zviedrijas rallijs<\/p>\n<p>P\u0113c veiksm\u012bg\u0101 starta Montekarlo rallij\u0101, Solbergs un vi\u0146a st\u016brmanis Eliots Edmensons tagad koncentr\u0113sies uz n\u0101kamo WRC sezonas posmu \u2013 Zviedrijas ralliju, kas notiks no 12. l\u012bdz 15. febru\u0101rim. Paredzams, ka sacens\u012bbas sol\u0101s b\u016bt spraigas, jo piloti turpin\u0101s c\u012b\u0146u par pasaules \u010dempionu tituliem.<\/p>\n","protected":false},"excerpt":{"rendered":"Solbergs triumf\u0113 Montekarlo rallij\u0101, k\u013c\u016bstot par jaun\u0101ko WRC uzvar\u0113t\u0101ju Zviedru pilots Olivers Solbergs ir izc\u012bn\u012bjis iespaid\u012bgu uzvaru presti\u017eaj\u0101&hellip;\n","protected":false},"author":2,"featured_media":115158,"comment_status":"","ping_status":"","sticky":false,"template":"","format":"standard","meta":{"footnotes":""},"categories":[17],"tags":[35,39,38,36,37,34,40,21722,7960,281,67,7962,5675],"class_list":{"0":"post-115157","1":"post","2":"type-post","3":"status-publish","4":"format-standard","5":"has-post-thumbnail","7":"category-sports","8":"tag-latvia","9":"tag-latvian","10":"tag-latviesu","11":"tag-latviesu-valoda","12":"tag-latviesuvaloda","13":"tag-latvija","14":"tag-lv","15":"tag-montekarlo-rallijs","16":"tag-olivers-solbergs","17":"tag-rallijs","18":"tag-sports","19":"tag-toyota-gazoo-racing","20":"tag-wrc"},"share_on_mastodon":{"url":"https:\/\/pubeurope.com\/@lv\/115968092579746847","error":""},"_links":{"self":[{"href":"https:\/\/www.europesays.com\/lv\/wp-json\/wp\/v2\/posts\/115157","targetHints":{"allow":["GET"]}}],"collection":[{"href":"https:\/\/www.europesays.com\/lv\/wp-json\/wp\/v2\/posts"}],"about":[{"href":"https:\/\/www.europesays.com\/lv\/wp-json\/wp\/v2\/types\/post"}],"author":[{"embeddable":true,"href":"https:\/\/www.europesays.com\/lv\/wp-json\/wp\/v2\/users\/2"}],"replies":[{"embeddable":true,"href":"https:\/\/www.europesays.com\/lv\/wp-json\/wp\/v2\/comments?post=115157"}],"version-history":[{"count":0,"href":"https:\/\/www.europesays.com\/lv\/wp-json\/wp\/v2\/posts\/115157\/revisions"}],"wp:featuredmedia":[{"embeddable":true,"href":"https:\/\/www.europesays.com\/lv\/wp-json\/wp\/v2\/media\/115158"}],"wp:attachment":[{"href":"https:\/\/www.europesays.com\/lv\/wp-json\/wp\/v2\/media?parent=115157"}],"wp:term":[{"taxonomy":"category","embeddable":true,"href":"https:\/\/www.europesays.com\/lv\/wp-json\/wp\/v2\/categories?post=115157"},{"taxonomy":"post_tag","embeddable":true,"href":"https:\/\/www.europesays.com\/lv\/wp-json\/wp\/v2\/tags?post=115157"}],"curies":[{"name":"wp","href":"https:\/\/api.w.org\/{rel}","templated":true}]}}