{"id":115171,"date":"2026-01-27T17:11:08","date_gmt":"2026-01-27T17:11:08","guid":{"rendered":"https:\/\/www.europesays.com\/lv\/115171\/"},"modified":"2026-01-27T17:11:08","modified_gmt":"2026-01-27T17:11:08","slug":"krizes-vadibas-sede-apspriestas-valsts-materialas-rezerves","status":"publish","type":"post","link":"https:\/\/www.europesays.com\/lv\/115171\/","title":{"rendered":"Kr\u012bzes vad\u012bbas s\u0113d\u0113 apspriestas valsts materi\u0101l\u0101s rezerves"},"content":{"rendered":"<p>&#8220;Possessor&#8221; privatiz\u0113 un p\u0101rdod nekustamos \u012bpa\u0161umus, administr\u0113 privatiz\u0101cijas sertifik\u0101tu apriti, p\u0101rvalda kapit\u0101la da\u013cas, pilda centr\u0101l\u0101s kr\u0101jumu uztur\u0113\u0161anas strukt\u016bras uzdevumus, uzrauga zemas \u012bres m\u0101jok\u013cu b\u016bvniec\u012bbas programmu un nodro\u0161ina iedz\u012bvot\u0101jus ar pirm\u0101s nepiecie\u0161am\u012bbas prec\u0113m valsts apdraud\u0113juma gad\u012bjum\u0101.<\/p>\n<p>Uz\u0146\u0113mums re\u0123istr\u0113ts 1994. gad\u0101, un t\u0101 pamatkapit\u0101ls ir 446,065 miljoni eiro. Koncern\u0101 ietilpst meitassabiedr\u012bbas likvid\u0113jam\u0101 AS &#8220;Reverta&#8221;, SIA &#8220;REAP&#8221; un likvid\u0113jam\u0101 SIA &#8220;FeLM&#8221;. &#8220;Possessor&#8221; akciju tur\u0113t\u0101js ir Ekonomikas ministrija.<\/p>\n<p>T\u0101pat s\u0113d\u0113 nolemts virz\u012bties uz Nacion\u0101l\u0101 dronu ekselences centra izveidi, preses br\u012bfing\u0101 p\u0113c s\u0113des \u017eurn\u0101listiem pazi\u0146oja Ministru prezidente Evika Sili\u0146a (JV).<\/p>\n<p>Sili\u0146a nor\u0101d\u012bja, ka \u0161im centram b\u016bs b\u016btiska loma milit\u0101r\u0101s kapacit\u0101tes stiprin\u0101\u0161an\u0101, k\u0101 ar\u012b konsultat\u012bvs pien\u0101kums civilaj\u0101m strukt\u016br\u0101m, \u012bpa\u0161i kritisk\u0101s infrastrukt\u016bras aizsardz\u012bb\u0101.<\/p>\n<p>&#8220;Galven\u0101 ideja ir att\u012bst\u012bt m\u016bsu milit\u0101r\u0101s sp\u0113jas, cie\u0161\u0101 sasaist\u0113 ar Latvijas milit\u0101ro industriju,&#8221; piebilda Sili\u0146a.<\/p>\n<p>Valsts kancelejas Kr\u012bzes vad\u012bbas centra vad\u012bt\u0101js Arvis Z\u012ble savuk\u0101rt past\u0101st\u012bja, ka pirm\u0101 Kr\u012b\u017eu vad\u012bbas s\u0113de netika sasaukta t\u0101d\u0113\u013c, ka valst\u012b b\u016btu izveidojusies kr\u012bzes situ\u0101cija, bet gan, lai praks\u0113 iem\u0113\u0123in\u0101tu jauno s\u0113\u017eu form\u0101tu, kas noteikts ar izmai\u0146\u0101m likumdo\u0161an\u0101. T\u0101pat ar\u012b Kr\u012b\u017eu vad\u012bbas centra person\u0101lam nepiecie\u0161ama praktiska pieredze \u0161\u0101du s\u0113\u017eu vad\u012b\u0161an\u0101.<\/p>\n","protected":false},"excerpt":{"rendered":"&#8220;Possessor&#8221; privatiz\u0113 un p\u0101rdod nekustamos \u012bpa\u0161umus, administr\u0113 privatiz\u0101cijas sertifik\u0101tu apriti, p\u0101rvalda kapit\u0101la da\u013cas, pilda centr\u0101l\u0101s kr\u0101jumu uztur\u0113\u0161anas strukt\u016bras&hellip;\n","protected":false},"author":2,"featured_media":115172,"comment_status":"","ping_status":"","sticky":false,"template":"","format":"standard","meta":{"footnotes":""},"categories":[5],"tags":[23,28,29,1249,32,33,22,26738,30,31,35,39,38,36,37,34,40,20,26,27,24,25,21],"class_list":{"0":"post-115171","1":"post","2":"type-post","3":"status-publish","4":"format-standard","5":"has-post-thumbnail","7":"category-aktualitates","8":"tag-aktualitates","9":"tag-breaking-news","10":"tag-breakingnews","11":"tag-evika-silina","12":"tag-featured-news","13":"tag-featurednews","14":"tag-headlines","15":"tag-krizes-vadibas-centrs","16":"tag-latest-news","17":"tag-latestnews","18":"tag-latvia","19":"tag-latvian","20":"tag-latviesu","21":"tag-latviesu-valoda","22":"tag-latviesuvaloda","23":"tag-latvija","24":"tag-lv","25":"tag-news","26":"tag-popularakas-zinas","27":"tag-popularakaszinas","28":"tag-top-stories","29":"tag-topstories","30":"tag-zinas"},"share_on_mastodon":{"url":"https:\/\/pubeurope.com\/@lv\/115968179084037833","error":""},"_links":{"self":[{"href":"https:\/\/www.europesays.com\/lv\/wp-json\/wp\/v2\/posts\/115171","targetHints":{"allow":["GET"]}}],"collection":[{"href":"https:\/\/www.europesays.com\/lv\/wp-json\/wp\/v2\/posts"}],"about":[{"href":"https:\/\/www.europesays.com\/lv\/wp-json\/wp\/v2\/types\/post"}],"author":[{"embeddable":true,"href":"https:\/\/www.europesays.com\/lv\/wp-json\/wp\/v2\/users\/2"}],"replies":[{"embeddable":true,"href":"https:\/\/www.europesays.com\/lv\/wp-json\/wp\/v2\/comments?post=115171"}],"version-history":[{"count":0,"href":"https:\/\/www.europesays.com\/lv\/wp-json\/wp\/v2\/posts\/115171\/revisions"}],"wp:featuredmedia":[{"embeddable":true,"href":"https:\/\/www.europesays.com\/lv\/wp-json\/wp\/v2\/media\/115172"}],"wp:attachment":[{"href":"https:\/\/www.europesays.com\/lv\/wp-json\/wp\/v2\/media?parent=115171"}],"wp:term":[{"taxonomy":"category","embeddable":true,"href":"https:\/\/www.europesays.com\/lv\/wp-json\/wp\/v2\/categories?post=115171"},{"taxonomy":"post_tag","embeddable":true,"href":"https:\/\/www.europesays.com\/lv\/wp-json\/wp\/v2\/tags?post=115171"}],"curies":[{"name":"wp","href":"https:\/\/api.w.org\/{rel}","templated":true}]}}