{"id":115227,"date":"2026-01-27T18:15:07","date_gmt":"2026-01-27T18:15:07","guid":{"rendered":"https:\/\/www.europesays.com\/lv\/115227\/"},"modified":"2026-01-27T18:15:07","modified_gmt":"2026-01-27T18:15:07","slug":"latvija-349-miljardus-eiro-no-safe-plano-teret-brunutehnikai-un-pretgaisa-sistemam","status":"publish","type":"post","link":"https:\/\/www.europesays.com\/lv\/115227\/","title":{"rendered":"Latvija 3,49 miljardus eiro no SAFE pl\u0101no t\u0113r\u0113t bru\u0146utehnikai un pretgaisa sist\u0113m\u0101m"},"content":{"rendered":"<p>Eiropas Komisija (EK) ir devusi za\u013co gaismu otrajai valstu aizsardz\u012bbas pl\u0101nu grupai SAFE ietvaros, sperot v\u0113l vienu noz\u012bm\u012bgu soli Eiropas Savien\u012bbas (ES) dro\u0161\u012bbas stiprin\u0101\u0161an\u0101. EK ir iesniegusi ES Padomei priek\u0161likumu apstiprin\u0101t finansi\u0101lo aizdevumu aptuveni 74 miljardu eiro apm\u0113r\u0101 kopum\u0101 asto\u0146\u0101m valst\u012bm &#8211; Latvijai, Igaunijai, Lietuvai, Polijai, Somijai, Grie\u0137ijai, It\u0101lijai un Slov\u0101kijai, a\u0123ent\u016bru LETA inform\u0113ja Aizsardz\u012bbas ministrijas (AM) Preses noda\u013c\u0101.<\/p>\n<p>\u0160is l\u0113mums pie\u0146emts p\u0113c r\u016bp\u012bgas valstu nacion\u0101lo aizsardz\u012bbas invest\u012bciju pl\u0101nu izv\u0113rt\u0113\u0161anas. Komisija paver ce\u013cu pirmajam zemu izmaksu ilgtermi\u0146a aizdevumu posmam, kas \u013caus \u0161\u012bm valst\u012bm steidzami palielin\u0101t milit\u0101ro gatav\u012bbu un ieg\u0101d\u0101ties m\u016bsdien\u012bgu aizsardz\u012bbas apr\u012bkojumu. Vienlaikus \u0161is regul\u0113jums padzi\u013cina Ukrainas integr\u0101ciju ES dro\u0161\u012bbas ekosist\u0113m\u0101, nodro\u0161inot, ka Eiropas atbalsts ir gan operat\u012bvs, gan ilgtsp\u0113j\u012bgs.<\/p>\n<p>Finans\u0113juma apjoms katrai valstij provizoriski tika noteikts p\u0113rn\u0101 gada septembr\u012b, pamatojoties uz solidarit\u0101tes un caursp\u012bd\u012bguma principiem. P\u0113c aizdevuma l\u012bgumu parakst\u012b\u0161anas \u0161\u012bm asto\u0146\u0101m dal\u012bbvalst\u012bm kopum\u0101 b\u016bs pieejami aptuveni 74 miljardi eiro, no kuriem Latvijai potenci\u0101li pie\u0161\u0137irti 3,49 miljardi eiro. \u0160ie l\u012bdzek\u013ci sniegs b\u016btisku ieguld\u012bjumu strat\u0113\u0123isko sp\u0113ju stiprin\u0101\u0161anai tur, kur tas ir visvair\u0101k nepiecie\u0161ams, nor\u0101da AM.<\/p>\n","protected":false},"excerpt":{"rendered":"Eiropas Komisija (EK) ir devusi za\u013co gaismu otrajai valstu aizsardz\u012bbas pl\u0101nu grupai SAFE ietvaros, sperot v\u0113l vienu noz\u012bm\u012bgu&hellip;\n","protected":false},"author":2,"featured_media":115228,"comment_status":"","ping_status":"","sticky":false,"template":"","format":"standard","meta":{"footnotes":""},"categories":[14],"tags":[23,57,28,29,334,32,33,22,30,31,35,39,38,36,37,34,40,20,26,27,24,25,54,55,56,21,58],"class_list":{"0":"post-115227","1":"post","2":"type-post","3":"status-publish","4":"format-standard","5":"has-post-thumbnail","7":"category-zinas-no-arvalstim","8":"tag-aktualitates","9":"tag-arvalstim","10":"tag-breaking-news","11":"tag-breakingnews","12":"tag-drosiba","13":"tag-featured-news","14":"tag-featurednews","15":"tag-headlines","16":"tag-latest-news","17":"tag-latestnews","18":"tag-latvia","19":"tag-latvian","20":"tag-latviesu","21":"tag-latviesu-valoda","22":"tag-latviesuvaloda","23":"tag-latvija","24":"tag-lv","25":"tag-news","26":"tag-popularakas-zinas","27":"tag-popularakaszinas","28":"tag-top-stories","29":"tag-topstories","30":"tag-world","31":"tag-world-news","32":"tag-worldnews","33":"tag-zinas","34":"tag-zinas-no-arvalstim"},"share_on_mastodon":{"url":"https:\/\/pubeurope.com\/@lv\/115968430721422138","error":""},"_links":{"self":[{"href":"https:\/\/www.europesays.com\/lv\/wp-json\/wp\/v2\/posts\/115227","targetHints":{"allow":["GET"]}}],"collection":[{"href":"https:\/\/www.europesays.com\/lv\/wp-json\/wp\/v2\/posts"}],"about":[{"href":"https:\/\/www.europesays.com\/lv\/wp-json\/wp\/v2\/types\/post"}],"author":[{"embeddable":true,"href":"https:\/\/www.europesays.com\/lv\/wp-json\/wp\/v2\/users\/2"}],"replies":[{"embeddable":true,"href":"https:\/\/www.europesays.com\/lv\/wp-json\/wp\/v2\/comments?post=115227"}],"version-history":[{"count":0,"href":"https:\/\/www.europesays.com\/lv\/wp-json\/wp\/v2\/posts\/115227\/revisions"}],"wp:featuredmedia":[{"embeddable":true,"href":"https:\/\/www.europesays.com\/lv\/wp-json\/wp\/v2\/media\/115228"}],"wp:attachment":[{"href":"https:\/\/www.europesays.com\/lv\/wp-json\/wp\/v2\/media?parent=115227"}],"wp:term":[{"taxonomy":"category","embeddable":true,"href":"https:\/\/www.europesays.com\/lv\/wp-json\/wp\/v2\/categories?post=115227"},{"taxonomy":"post_tag","embeddable":true,"href":"https:\/\/www.europesays.com\/lv\/wp-json\/wp\/v2\/tags?post=115227"}],"curies":[{"name":"wp","href":"https:\/\/api.w.org\/{rel}","templated":true}]}}