{"id":115255,"date":"2026-01-27T18:51:07","date_gmt":"2026-01-27T18:51:07","guid":{"rendered":"https:\/\/www.europesays.com\/lv\/115255\/"},"modified":"2026-01-27T18:51:07","modified_gmt":"2026-01-27T18:51:07","slug":"ledus-skulpturu-festivala-laika-jelgava-nedrikstes-kapt-uz-driksas-un-lielupes-ledus","status":"publish","type":"post","link":"https:\/\/www.europesays.com\/lv\/115255\/","title":{"rendered":"Ledus skulpt\u016bru festiv\u0101la laik\u0101 Jelgav\u0101 nedr\u012bkst\u0113s k\u0101pt uz Driksas un Lielupes ledus"},"content":{"rendered":"<p>Jau zi\u0146ots, ka \u0161ogad Starptautiskaj\u0101 ledus skulpt\u016bru festiv\u0101l\u0101 b\u016bs ar\u012b bezmaksas zona.<\/p>\n<p>Starptautiskos konkursos atz\u012bti t\u0113lnieki led\u016b atveidos savu skat\u012bjumu par t\u0113mu &#8220;Il\u016bzijas sp\u0113ks&#8221;, aicinot apmekl\u0113t\u0101jus raudz\u012bties t\u0101l\u0101k par ac\u012bm redzamo un piedz\u012bvot br\u012b\u017eus, kuros paties\u012bba savijas ar maldiem.<\/p>\n<p>V\u0113l pirms festiv\u0101la norises ski\u010du konkurs\u0101 \u017e\u016brija izv\u0113l\u0113j\u0101s \u0161\u012b gada festiv\u0101la dal\u012bbniekus. \u0160ogad konkurs\u0101 tika sa\u0146emti vair\u0101k nek\u0101 40 pieteikumi, no kuriem dal\u012bbai festiv\u0101l\u0101 atlas\u012bti 20 t\u0113lnieki no 12 valst\u012bm: Argent\u012bnas, Indon\u0113zijas, Polijas, Mongolijas, N\u012bderlandes, Ukrainas, Sp\u0101nijas, Somijas, V\u0101cijas, Igaunijas, Lietuvas un Latvijas.<\/p>\n<p>T\u0113lnieku darbos atkl\u0101sies gan m\u016bsdienu cilv\u0113ka attiec\u012bbas ar tehnolo\u0123ij\u0101m, gan dabas, gaismas un formas rad\u012bt\u0101s il\u016bzijas, k\u0101 ar\u012b skaistuma, laimes un iek\u0161\u0113j\u0101s pasaules uztveres daudzveid\u012bba, sola pas\u0101kuma r\u012bkot\u0101ji.<\/p>\n<p>Divas t\u0113lnieces rad\u012bs ledus fotoskulpt\u016bras, kas aicin\u0101s apmekl\u0113t\u0101jus pa\u0161iem k\u013c\u016bt par m\u0101kslas darba da\u013cu &#8211; iejusties karalienes, princeses vai pasakas &#8220;Kailais karalis&#8221; varo\u0146a lom\u0101. B\u016bs iesp\u0113ja iem\u016b\u017ein\u0101t sevi pie viena no pasaul\u0113 slaven\u0101kajiem cirka br\u012bnumiem &#8211; tru\u0161a par\u0101d\u012b\u0161an\u0101s no cepures, k\u0101 ar\u012b pie simboliskas fotoskulpt\u016bras, kur ka\u0137is spogu\u013catt\u0113l\u0101 sevi redz k\u0101 varenu lauvu, atkl\u0101jot il\u016bzijas un realit\u0101tes pretstatu. Festiv\u0101l\u0101 b\u016bs ar\u012b citas iespaid\u012bgas ledus fotoskulpt\u016bras, led\u016b iesald\u0113ti objekti, k\u0101 ar\u012b da\u017e\u0101das ledus atrakcijas un sp\u0113les.<\/p>\n","protected":false},"excerpt":{"rendered":"Jau zi\u0146ots, ka \u0161ogad Starptautiskaj\u0101 ledus skulpt\u016bru festiv\u0101l\u0101 b\u016bs ar\u012b bezmaksas zona. Starptautiskos konkursos atz\u012bti t\u0113lnieki led\u016b atveidos&hellip;\n","protected":false},"author":2,"featured_media":115256,"comment_status":"","ping_status":"","sticky":false,"template":"","format":"standard","meta":{"footnotes":""},"categories":[14],"tags":[23,57,28,29,32,33,1383,22,1355,30,31,35,39,38,36,37,34,10287,40,20,26,27,10461,24,25,54,55,56,21,58],"class_list":{"0":"post-115255","1":"post","2":"type-post","3":"status-publish","4":"format-standard","5":"has-post-thumbnail","7":"category-zinas-no-arvalstim","8":"tag-aktualitates","9":"tag-arvalstim","10":"tag-breaking-news","11":"tag-breakingnews","12":"tag-featured-news","13":"tag-featurednews","14":"tag-festivals","15":"tag-headlines","16":"tag-jelgava","17":"tag-latest-news","18":"tag-latestnews","19":"tag-latvia","20":"tag-latvian","21":"tag-latviesu","22":"tag-latviesu-valoda","23":"tag-latviesuvaloda","24":"tag-latvija","25":"tag-ledus","26":"tag-lv","27":"tag-news","28":"tag-popularakas-zinas","29":"tag-popularakaszinas","30":"tag-skulpturas","31":"tag-top-stories","32":"tag-topstories","33":"tag-world","34":"tag-world-news","35":"tag-worldnews","36":"tag-zinas","37":"tag-zinas-no-arvalstim"},"share_on_mastodon":{"url":"https:\/\/pubeurope.com\/@lv\/115968572292147478","error":""},"_links":{"self":[{"href":"https:\/\/www.europesays.com\/lv\/wp-json\/wp\/v2\/posts\/115255","targetHints":{"allow":["GET"]}}],"collection":[{"href":"https:\/\/www.europesays.com\/lv\/wp-json\/wp\/v2\/posts"}],"about":[{"href":"https:\/\/www.europesays.com\/lv\/wp-json\/wp\/v2\/types\/post"}],"author":[{"embeddable":true,"href":"https:\/\/www.europesays.com\/lv\/wp-json\/wp\/v2\/users\/2"}],"replies":[{"embeddable":true,"href":"https:\/\/www.europesays.com\/lv\/wp-json\/wp\/v2\/comments?post=115255"}],"version-history":[{"count":0,"href":"https:\/\/www.europesays.com\/lv\/wp-json\/wp\/v2\/posts\/115255\/revisions"}],"wp:featuredmedia":[{"embeddable":true,"href":"https:\/\/www.europesays.com\/lv\/wp-json\/wp\/v2\/media\/115256"}],"wp:attachment":[{"href":"https:\/\/www.europesays.com\/lv\/wp-json\/wp\/v2\/media?parent=115255"}],"wp:term":[{"taxonomy":"category","embeddable":true,"href":"https:\/\/www.europesays.com\/lv\/wp-json\/wp\/v2\/categories?post=115255"},{"taxonomy":"post_tag","embeddable":true,"href":"https:\/\/www.europesays.com\/lv\/wp-json\/wp\/v2\/tags?post=115255"}],"curies":[{"name":"wp","href":"https:\/\/api.w.org\/{rel}","templated":true}]}}