{"id":115290,"date":"2026-01-27T20:13:10","date_gmt":"2026-01-27T20:13:10","guid":{"rendered":"https:\/\/www.europesays.com\/lv\/115290\/"},"modified":"2026-01-27T20:13:10","modified_gmt":"2026-01-27T20:13:10","slug":"verstapens-saslid-hadzars-avare-otraja-f1-testu-diena-f1lv-blogs","status":"publish","type":"post","link":"https:\/\/www.europesays.com\/lv\/115290\/","title":{"rendered":"Verstapens sasl\u012bd, Had\u017e\u0101rs avar\u0113 otraj\u0101 F1 testu dien\u0101 : F1LV Blogs"},"content":{"rendered":"<p>Otr\u0101 F1 testu diena Barselon\u0101 izv\u0113rt\u0101s krietni mier\u012bg\u0101ka, jo tras\u0113 dev\u0101s tikai \u201cRed Bull\u201d un \u201cFerrari\u201d komandas.<\/p>\n<p>Dienas pirmaj\u0101 pus\u0113 laikapst\u0101k\u013ci bija sausi, ta\u010du v\u0113l\u0101k Barselonu piemekl\u0113ja lietus, kas saglab\u0101j\u0101s l\u012bdz pat vakaram. \u0100tr\u0101ko ap\u013ca laiku saus\u0101 tras\u0113 uzst\u0101d\u012bja Makss Verstapens (1:19.580), kur\u0161 r\u012bta sesijas s\u0101kum\u0101 gan pasp\u0113ja izrais\u012bt sarkanos karogus, iesl\u012bdot grants dro\u0161\u012bbas zon\u0101, ta\u010du v\u0113l\u0101k veiksm\u012bgi atgriez\u0101s boksos.<\/p>\n<p>Dienas vid\u016b Verstapens nodeva \u201cRB22\u201d st\u016bri \u012azakam Had\u017e\u0101ram, kuram \u0161\u012b bija p\u0113d\u0113j\u0101 sesija \u0161ajos testos. Diem\u017e\u0113l p\u0113d\u0113j\u0101 stund\u0101 komandas debitants lietus apst\u0101k\u013cos piedz\u012bvoja av\u0101riju trases p\u0113d\u0113j\u0101, 14. l\u012bkum\u0101, ietriecoties \u201cTecPro\u201d barjer\u0101s un nopietni saboj\u0101jot automa\u0161\u012bnas aizmuguri. Neskatoties uz nepat\u012bkamo incidentu, tika zi\u0146ots, ka jaunais pilots ir sveiks un vesels.<\/p>\n<blockquote class=\"twitter-tweet\">\n<p dir=\"ltr\" lang=\"es\">\ud83d\udea8 VIDEO del ACCIDENTE de HADJAR!<a href=\"https:\/\/twitter.com\/Nachez98?ref_src=twsrc%5Etfw\" rel=\"nofollow noopener\" target=\"_blank\">@Nachez98<\/a> <a href=\"https:\/\/twitter.com\/hashtag\/f1?src=hash&amp;ref_src=twsrc%5Etfw\" rel=\"nofollow noopener\" target=\"_blank\">#f1<\/a> <a href=\"https:\/\/twitter.com\/hashtag\/f1test?src=hash&amp;ref_src=twsrc%5Etfw\" rel=\"nofollow noopener\" target=\"_blank\">#f1test<\/a> <a href=\"https:\/\/twitter.com\/hashtag\/parati?src=hash&amp;ref_src=twsrc%5Etfw\" rel=\"nofollow noopener\" target=\"_blank\">#parati<\/a> <a href=\"https:\/\/t.co\/lAcskjlSMx\" rel=\"nofollow\">pic.twitter.com\/lAcskjlSMx<\/a><\/p>\n<p>\u2014 FormulaNacho (@FormulaNacho) <a href=\"https:\/\/twitter.com\/FormulaNacho\/status\/2016192796340728092?ref_src=twsrc%5Etfw\" rel=\"nofollow noopener\" target=\"_blank\">January 27, 2026<\/a><\/p>\n<\/blockquote>\n<p>\u201cFerrari\u201d nometn\u0113 r\u012bta sesij\u0101 str\u0101d\u0101ja \u0160arls Lekl\u0113rs, kur\u0161 bija otrais \u0101tr\u0101kais un veica visvair\u0101k ap\u013cu starp visiem \u010detriem pilotiem \u2013 kopum\u0101 64 reizes apbraucot Barselonas trasi. P\u0113cpusdien\u0101 vi\u0146u nomain\u012bja Luiss Hamiltons, ta\u010du lietus d\u0113\u013c uzr\u0101d\u012btie laiki bija iev\u0113rojami l\u0113n\u0101ki par r\u012bta rezult\u0101tiem.<\/p>\n<p>Barselonas F1 testu otr\u0101s dienas neofici\u0101lie rezult\u0101ti:<\/p>\n<tr>\n<td>Vieta<\/td>\n<td>Pilots<\/td>\n<td>Auto<\/td>\n<td>Ap\u013ci<\/td>\n<td>Rezult\u0101ts<\/td>\n<\/tr>\n<tr>\n<td>1.<\/td>\n<td>Max Verstappen<\/td>\n<td>Red Bull-RBPT Ford<\/td>\n<td>27<\/td>\n<td>1:19.580<\/td>\n<\/tr>\n<tr>\n<td>2.<\/td>\n<td>Charles Leclerc<\/td>\n<td>Ferrari<\/td>\n<td>64<\/td>\n<td>+1.284<\/td>\n<\/tr>\n<tr>\n<td>3.<\/td>\n<td>Isack Hadjar<\/td>\n<td>Red Bull-RBPT Ford<\/td>\n<td>51<\/td>\n<td>+12.311<\/td>\n<\/tr>\n<tr>\n<td>4.<\/td>\n<td>Lewis Hamilton<\/td>\n<td>Ferrari<\/td>\n<td>56<\/td>\n<td>+13.292<\/td>\n<\/tr>\n<p><a href=\"https:\/\/www.patreon.com\/collection\/823319\" rel=\"nofollow noopener\" target=\"_blank\"><img loading=\"lazy\" decoding=\"async\" class=\"aligncenter size-full wp-image-74708\" src=\"https:\/\/www.europesays.com\/lv\/wp-content\/uploads\/2026\/01\/Banner300x250px.jpg\" alt=\"\" width=\"300\" height=\"250\"\/><\/a><script async src=\"https:\/\/platform.twitter.com\/widgets.js\" charset=\"utf-8\"><\/script><\/p>\n","protected":false},"excerpt":{"rendered":"Otr\u0101 F1 testu diena Barselon\u0101 izv\u0113rt\u0101s krietni mier\u012bg\u0101ka, jo tras\u0113 dev\u0101s tikai \u201cRed Bull\u201d un \u201cFerrari\u201d komandas. Dienas&hellip;\n","protected":false},"author":2,"featured_media":115291,"comment_status":"","ping_status":"","sticky":false,"template":"","format":"standard","meta":{"footnotes":""},"categories":[17],"tags":[26311,8771,35,39,38,36,37,34,40,2358,4177,67],"class_list":{"0":"post-115290","1":"post","2":"type-post","3":"status-publish","4":"format-standard","5":"has-post-thumbnail","7":"category-sports","8":"tag-f1-testi","9":"tag-izaks-hadzars","10":"tag-latvia","11":"tag-latvian","12":"tag-latviesu","13":"tag-latviesu-valoda","14":"tag-latviesuvaloda","15":"tag-latvija","16":"tag-lv","17":"tag-makss-verstapens","18":"tag-red-bull","19":"tag-sports"},"share_on_mastodon":{"url":"https:\/\/pubeurope.com\/@lv\/115968894746629173","error":""},"_links":{"self":[{"href":"https:\/\/www.europesays.com\/lv\/wp-json\/wp\/v2\/posts\/115290","targetHints":{"allow":["GET"]}}],"collection":[{"href":"https:\/\/www.europesays.com\/lv\/wp-json\/wp\/v2\/posts"}],"about":[{"href":"https:\/\/www.europesays.com\/lv\/wp-json\/wp\/v2\/types\/post"}],"author":[{"embeddable":true,"href":"https:\/\/www.europesays.com\/lv\/wp-json\/wp\/v2\/users\/2"}],"replies":[{"embeddable":true,"href":"https:\/\/www.europesays.com\/lv\/wp-json\/wp\/v2\/comments?post=115290"}],"version-history":[{"count":0,"href":"https:\/\/www.europesays.com\/lv\/wp-json\/wp\/v2\/posts\/115290\/revisions"}],"wp:featuredmedia":[{"embeddable":true,"href":"https:\/\/www.europesays.com\/lv\/wp-json\/wp\/v2\/media\/115291"}],"wp:attachment":[{"href":"https:\/\/www.europesays.com\/lv\/wp-json\/wp\/v2\/media?parent=115290"}],"wp:term":[{"taxonomy":"category","embeddable":true,"href":"https:\/\/www.europesays.com\/lv\/wp-json\/wp\/v2\/categories?post=115290"},{"taxonomy":"post_tag","embeddable":true,"href":"https:\/\/www.europesays.com\/lv\/wp-json\/wp\/v2\/tags?post=115290"}],"curies":[{"name":"wp","href":"https:\/\/api.w.org\/{rel}","templated":true}]}}