{"id":115301,"date":"2026-01-27T20:47:12","date_gmt":"2026-01-27T20:47:12","guid":{"rendered":"https:\/\/www.europesays.com\/lv\/115301\/"},"modified":"2026-01-27T20:47:12","modified_gmt":"2026-01-27T20:47:12","slug":"latvijas-perles-vaditaja-veselibas-stavokla-del-vairs-nevar-vadit-uznemumu-mekle-jaunu-ipasnieku","status":"publish","type":"post","link":"https:\/\/www.europesays.com\/lv\/115301\/","title":{"rendered":"&#8220;Latvijas p\u0113rles&#8221; vad\u012bt\u0101ja vesel\u012bbas st\u0101vok\u013ca d\u0113\u013c vairs nevar vad\u012bt uz\u0146\u0113mumu \u2013 mekl\u0113 jaunu \u012bpa\u0161nieku"},"content":{"rendered":"<p>Jaunais \u012bpa\u0161nieks ieg\u016bs visus 11 veikalus ar pilnu apr\u012bkojumu, re\u0123istr\u0113tu pre\u010du z\u012bmi un z\u012bmolu &#8220;Latvijas p\u0113rles&#8221;, dom\u0113na v\u0101rdu &#8220;latvijasperles.lv&#8221; un pre\u010du kr\u0101jumus. T\u0101pat jaunais \u012bpa\u0161nieks var\u0113s ieg\u016bt jaunu \u0113ku, kura ir piln\u012bb\u0101 izremont\u0113ta un labiek\u0101rtota, ar tehnolo\u0123ij\u0101m apr\u012bkotas noliktavas, k\u0101 ar\u012b ra\u017eo\u0161anai un biroja funkcij\u0101m atbilsto\u0161u \u0113ku. Dar\u012bjums ietver ar\u012b uz\u0146\u0113muma autoparku un citus ar uz\u0146\u0113muma darb\u012bbu saist\u012btos akt\u012bvus.<\/p>\n<p>Buk\u0161a nor\u0101da, ka sarunas par uz\u0146\u0113muma p\u0101rdo\u0161anu notiks tikai ar pretendentiem, kas skaidri var\u0113s pier\u0101d\u012bt sp\u0113ju to ieg\u0101d\u0101ties.<\/p>\n<p>Inform\u0101cija &#8220;Firmas.lv&#8221; liecina, ka &#8220;Latvijas p\u0113rles&#8221; 2024. gad\u0101 str\u0101d\u0101ja ar 2,266 miljonu eiro apgroz\u012bjumu, kas ir par 19,6% vair\u0101k nek\u0101 gadu iepriek\u0161, bet uz\u0146\u0113muma pe\u013c\u0146a samazin\u0101j\u0101s 2,5 reizes un bija 61 420 eiro.<\/p>\n<p>Uz\u0146\u0113mums re\u0123istr\u0113ts 2015. gad\u0101, un t\u0101 pamatkapit\u0101ls ir 5000 eiro. &#8220;Latvijas p\u0113rles&#8221; vien\u012bg\u0101 \u012bpa\u0161niece ir Buk\u0161a.<\/p>\n","protected":false},"excerpt":{"rendered":"Jaunais \u012bpa\u0161nieks ieg\u016bs visus 11 veikalus ar pilnu apr\u012bkojumu, re\u0123istr\u0113tu pre\u010du z\u012bmi un z\u012bmolu &#8220;Latvijas p\u0113rles&#8221;, dom\u0113na v\u0101rdu&hellip;\n","protected":false},"author":2,"featured_media":115302,"comment_status":"","ping_status":"","sticky":false,"template":"","format":"standard","meta":{"footnotes":""},"categories":[5],"tags":[23,28,29,32,33,22,30,31,35,39,38,36,37,34,40,20,26,27,24,25,2883,21],"class_list":{"0":"post-115301","1":"post","2":"type-post","3":"status-publish","4":"format-standard","5":"has-post-thumbnail","7":"category-aktualitates","8":"tag-aktualitates","9":"tag-breaking-news","10":"tag-breakingnews","11":"tag-featured-news","12":"tag-featurednews","13":"tag-headlines","14":"tag-latest-news","15":"tag-latestnews","16":"tag-latvia","17":"tag-latvian","18":"tag-latviesu","19":"tag-latviesu-valoda","20":"tag-latviesuvaloda","21":"tag-latvija","22":"tag-lv","23":"tag-news","24":"tag-popularakas-zinas","25":"tag-popularakaszinas","26":"tag-top-stories","27":"tag-topstories","28":"tag-uznemums","29":"tag-zinas"},"share_on_mastodon":{"url":"https:\/\/pubeurope.com\/@lv\/115969028545146210","error":""},"_links":{"self":[{"href":"https:\/\/www.europesays.com\/lv\/wp-json\/wp\/v2\/posts\/115301","targetHints":{"allow":["GET"]}}],"collection":[{"href":"https:\/\/www.europesays.com\/lv\/wp-json\/wp\/v2\/posts"}],"about":[{"href":"https:\/\/www.europesays.com\/lv\/wp-json\/wp\/v2\/types\/post"}],"author":[{"embeddable":true,"href":"https:\/\/www.europesays.com\/lv\/wp-json\/wp\/v2\/users\/2"}],"replies":[{"embeddable":true,"href":"https:\/\/www.europesays.com\/lv\/wp-json\/wp\/v2\/comments?post=115301"}],"version-history":[{"count":0,"href":"https:\/\/www.europesays.com\/lv\/wp-json\/wp\/v2\/posts\/115301\/revisions"}],"wp:featuredmedia":[{"embeddable":true,"href":"https:\/\/www.europesays.com\/lv\/wp-json\/wp\/v2\/media\/115302"}],"wp:attachment":[{"href":"https:\/\/www.europesays.com\/lv\/wp-json\/wp\/v2\/media?parent=115301"}],"wp:term":[{"taxonomy":"category","embeddable":true,"href":"https:\/\/www.europesays.com\/lv\/wp-json\/wp\/v2\/categories?post=115301"},{"taxonomy":"post_tag","embeddable":true,"href":"https:\/\/www.europesays.com\/lv\/wp-json\/wp\/v2\/tags?post=115301"}],"curies":[{"name":"wp","href":"https:\/\/api.w.org\/{rel}","templated":true}]}}