{"id":115325,"date":"2026-01-27T22:24:07","date_gmt":"2026-01-27T22:24:07","guid":{"rendered":"https:\/\/www.europesays.com\/lv\/115325\/"},"modified":"2026-01-27T22:24:07","modified_gmt":"2026-01-27T22:24:07","slug":"nedz-damers-nedz-mensons-klat-nestav-kas-ir-amerikas-launakais-serijveida-slepkava-par-kuru-daudzi-neruna","status":"publish","type":"post","link":"https:\/\/www.europesays.com\/lv\/115325\/","title":{"rendered":"Nedz D\u0101mers, nedz Mensons kl\u0101t nest\u0101v. Kas ir Amerikas \u013caun\u0101kais s\u0113rijveida slepkava, par kuru daudzi nerun\u0101?"},"content":{"rendered":"<p class=\"western\">1970. gadu Amerik\u0101 darboj\u0101s vair\u0101ki neganti s\u0113rijveida slepkavas, piem\u0113ram, Teds Bandijs. D\u017eons Veins Geisijs un Deivids Berkovics (Sema d\u0113ls), kas savu b\u0113d\u012bgo slavu ieguva, paveicot pr\u0101tam neiedom\u0101jamus noziegumus un vie\u0161ot saltas bailes sabiedr\u012bb\u0101. Sal\u012bdzinot ar vi\u0146iem, Ri\u010darda \u010ceisa slava ir visai bl\u0101va un par vi\u0146u p\u0101r\u0101k daudz run\u0101ts netiek. Tiesa, vi\u0146a modus operandi jeb darbo\u0161an\u0101s veids krietni no\u0161\u0137ir vi\u0146u no saviem noziedz\u012bg\u0101s pasaules kol\u0113\u0123iem. Ne velti vi\u0146\u0161 tika nod\u0113v\u0113ts par vamp\u012bru&#8230;<\/p>\n","protected":false},"excerpt":{"rendered":"1970. gadu Amerik\u0101 darboj\u0101s vair\u0101ki neganti s\u0113rijveida slepkavas, piem\u0113ram, Teds Bandijs. D\u017eons Veins Geisijs un Deivids Berkovics (Sema&hellip;\n","protected":false},"author":2,"featured_media":115326,"comment_status":"","ping_status":"","sticky":false,"template":"","format":"standard","meta":{"footnotes":""},"categories":[19],"tags":[292,89,90,35,39,38,36,37,34,40,296,295,26763,26762,297,293],"class_list":{"0":"post-115325","1":"post","2":"type-post","3":"status-publish","4":"format-standard","5":"has-post-thumbnail","7":"category-izklaide","8":"tag-asv","9":"tag-entertainment","10":"tag-izklaide","11":"tag-latvia","12":"tag-latvian","13":"tag-latviesu","14":"tag-latviesu-valoda","15":"tag-latviesuvaloda","16":"tag-latvija","17":"tag-lv","18":"tag-nave","19":"tag-noziegums","20":"tag-serijveida-slepkava","21":"tag-slepkavas","22":"tag-tvnet-planeta","23":"tag-vesture"},"share_on_mastodon":{"url":"https:\/\/pubeurope.com\/@lv\/115969409889067883","error":""},"_links":{"self":[{"href":"https:\/\/www.europesays.com\/lv\/wp-json\/wp\/v2\/posts\/115325","targetHints":{"allow":["GET"]}}],"collection":[{"href":"https:\/\/www.europesays.com\/lv\/wp-json\/wp\/v2\/posts"}],"about":[{"href":"https:\/\/www.europesays.com\/lv\/wp-json\/wp\/v2\/types\/post"}],"author":[{"embeddable":true,"href":"https:\/\/www.europesays.com\/lv\/wp-json\/wp\/v2\/users\/2"}],"replies":[{"embeddable":true,"href":"https:\/\/www.europesays.com\/lv\/wp-json\/wp\/v2\/comments?post=115325"}],"version-history":[{"count":0,"href":"https:\/\/www.europesays.com\/lv\/wp-json\/wp\/v2\/posts\/115325\/revisions"}],"wp:featuredmedia":[{"embeddable":true,"href":"https:\/\/www.europesays.com\/lv\/wp-json\/wp\/v2\/media\/115326"}],"wp:attachment":[{"href":"https:\/\/www.europesays.com\/lv\/wp-json\/wp\/v2\/media?parent=115325"}],"wp:term":[{"taxonomy":"category","embeddable":true,"href":"https:\/\/www.europesays.com\/lv\/wp-json\/wp\/v2\/categories?post=115325"},{"taxonomy":"post_tag","embeddable":true,"href":"https:\/\/www.europesays.com\/lv\/wp-json\/wp\/v2\/tags?post=115325"}],"curies":[{"name":"wp","href":"https:\/\/api.w.org\/{rel}","templated":true}]}}