{"id":115332,"date":"2026-01-27T22:42:19","date_gmt":"2026-01-27T22:42:19","guid":{"rendered":"https:\/\/www.europesays.com\/lv\/115332\/"},"modified":"2026-01-27T22:42:19","modified_gmt":"2026-01-27T22:42:19","slug":"keitijas-praisas-viramate-izsakas-par-jauno-vedeklu","status":"publish","type":"post","link":"https:\/\/www.europesays.com\/lv\/115332\/","title":{"rendered":"Keitijas Praisas v\u012bram\u0101te izsak\u0101s par jauno vedeklu"},"content":{"rendered":"<p>K\u0101, atsaucoties uz aculiecinieku teikto, v\u0113sta \u201cThe Sun\u201d, realit\u0101tes \u0161ovu zvaigzne Keitija Praisa un uz\u0146\u0113m\u0113js L\u012b Endrj\u016bss Dubaij\u0101 salaul\u0101j\u0101s bez \u0123imenes un lieciniekiem.<\/p>\n<p>L\u012bdz ar k\u0101z\u0101m Praisa tikusi pie jaunas v\u012bram\u0101tes. L\u012b mamma Tri\u0161a pirmo reizi izteikusies publiski un atkl\u0101jusi, ka zin\u0101jusi par p\u0101ra pl\u0101niem prec\u0113ties.<\/p>\n<p>Notingem\u0101 dz\u012bvojo\u0161\u0101 gai\u0161re\u0123e laikrakstam \u201cThe Mirror\u201d sac\u012bja: \u201cKam\u0113r vi\u0146i ir laim\u012bgi, es ar\u012b esmu laim\u012bga.\u201d<\/p>\n<p>\u201cPar L\u012b kl\u012bst daudz apmelojumu, un tas mani \u013coti sar\u016bgtina. Vi\u0146\u0161 nav bijis prec\u0113jies divas reizes. Es vienk\u0101r\u0161i gribu aizst\u0101v\u0113t savu d\u0113lu, bet nevaru teikt neko vair\u0101k, kam\u0113r nezinu visu situ\u0101ciju.<\/p>\n<p>Vi\u0146\u0161 man pateica, ka k\u0101zas notiks. Vi\u0146\u0161 ar mani run\u0101ja, un, ja vi\u0146\u0161 ir laim\u012bgs, tad es ar\u012b \u2013 vi\u0146\u0161 ir mans d\u0113ls, un tas ir vissvar\u012bg\u0101kais,\u201d izdevumam sac\u012bja Tri\u0161a.<\/p>\n<p>            <img loading=\"lazy\" decoding=\"async\" class=\"skaties-content-image wp-image-3733157 size-full\" title=\"\" src=\"https:\/\/www.europesays.com\/lv\/wp-content\/uploads\/2026\/01\/7ee8-697863a36e65c-scaled.jpg\" alt=\"\" width=\"1500\" height=\"2000\"  \/><\/p>\n<p>                Keitijas Praisas v\u012bram\u0101te Tri\u0161a. FOTO: INSTAGRAM<\/p>\n<p>Run\u0101jot par savu jauno vedeklu, Tri\u0161a sac\u012bja: \u201cProtams, ka zinu, kas ir Keitija. Es vienm\u0113r esmu pret vi\u0146u iztur\u0113jies \u013coti neitr\u0101li. Ikvienam ir ties\u012bbas uz iesp\u0113ju, nekad nevienu dz\u012bv\u0113 nevajadz\u0113tu ties\u0101t.\u201d<\/p>\n<p>Vi\u0146a pajokoja: \u201cJ\u016bs varat pajaut\u0101t, k\u0101 ir, kad tev ir slavena vedekla, bet paties\u012bb\u0101 vi\u0146ai tagad ir slavena v\u012bram\u0101te.\u201d<\/p>\n<p>Piektdien realit\u0101tes \u0161ova zvaigzne \u201cInstagram\u201d st\u0101stos public\u0113ja virkni saderin\u0101\u0161an\u0101s fotogr\u0101fiju, kas fanus pamat\u012bgi gan saj\u016bsmin\u0101ja, gan p\u0101rsteidza. Dr\u012bz p\u0113c tam <a href=\"https:\/\/tv3.lv\/izklaide\/slavenibas\/aizjuras-slavenibas\/nedelu-pec-iepazisanas-keitija-praisa-jau-iesture-laulibas-osta\/\" rel=\"nofollow noopener\" target=\"_blank\">Keitija atkl\u0101ja, ka ir apprec\u0113jusies<\/a>.<\/p>\n<p>\u201cTas, k\u0101 es satiku L\u012b, bija gandr\u012bz ezot\u0113riski. M\u0113s iepazin\u0101mies, p\u0101rbaudot viens otru soci\u0101lajos medijos, un \u013coti \u0101tri saprat\u0101m, ka esam viens otram k\u0101 rad\u012bti,\u201d par jauno v\u012bru bijus\u012b modele past\u0101st\u012bja \u201cThe Sun\u201d. Da\u017eu dienu laik\u0101 saikne abu starp\u0101 k\u013cuvusi v\u0113l dzi\u013c\u0101ka. \u201cEs esmu tik laim\u012bga kop\u0101 ar savu cilv\u0113ku, kur\u0161 ir tikpat laim\u012bgs k\u0101 es. Tam, kas ir starp mums, v\u0113l pat nav izdom\u0101ts apz\u012bm\u0113jums,\u201d sac\u012bja Praisa.<\/p>\n<p>Keitija Praisa ar ceturto v\u012bru<\/p>\n<p>Kam\u0113r Kerija iepaz\u012b\u0161anos ar L\u012b d\u0113v\u0113 par likte\u0146a pirkstu, piecu b\u0113rnu m\u0101mi\u0146as \u0123imene par \u0161\u012bm attiec\u012bb\u0101m ir gal\u012bg\u0101 neizpratn\u0113.<\/p>\n<p>\u201cKeitija apprec\u0113j\u0101s ar L\u012b, nevienam nepazi\u0146ojot \u2013 visa \u0123imene ir piln\u012bg\u0101 \u0161ok\u0101. Viss notiek \u013coti strauji, un vi\u0146us satrauc Keitijas emocion\u0101lais st\u0101voklis. Neviens \u012bsti nezina, kas ir L\u012b un vai vi\u0146\u0161 visp\u0101r ir piem\u0113rots vi\u0146ai. \u0160obr\u012bd valda piln\u012bgs haoss, un neviens nav sapratis, kas \u012bsti notiek,\u201d k\u0101ds zin\u0101t\u0101js sac\u012bja \u201cThe Sun\u201d.<\/p>\n<p>Keitijas jaunais v\u012brs L\u012b ir uz\u0146\u0113muma \u201cAura Group Future Urban Travel 2027\u201d vad\u012bt\u0101js, k\u0101 ar\u012b \u201cSpace X Hybrid Fitness\u201d investors.<\/p>\n<p>\u0160\u012b ir ceturt\u0101 reize, kad Praisa st\u0101jas laul\u012bb\u0101. Iepriek\u0161 vi\u0146a bijusi prec\u0113jusies ar P\u012bteru Andr\u0113, Aleksu R\u012bdu un K\u012branu Heil\u0113ru.<\/p>\n<p>Jaunumi par k\u0101z\u0101m n\u0101k klaj\u0101 p\u0113c tam, kad janv\u0101ra vid\u016b Keitija atkl\u0101ja, ka vi\u0146as attiec\u012bbas ar D\u017eeid\u017eeju Sleiteru <a href=\"https:\/\/tv3.lv\/izklaide\/slavenibas\/aizjuras-slavenibas\/keitija-praisa-beidzot-apstiprina-skirsanos-vinas-sirds-atkal-briva\/\" rel=\"nofollow noopener\" target=\"_blank\">bija beigu\u0161\u0101s<\/a> jau vair\u0101kus m\u0113ne\u0161us pirms Ziemassv\u0113tkiem.<\/p>\n<p class=\"tv3-fw-500\">Zi\u0146o par k\u013c\u016bdu rakst\u0101<\/p>\n<p class=\"d-md-block d-none\">Iez\u012bm\u0113 k\u013c\u016bdaino tekstu un spied Ctrl+Enter.<\/p>\n<p class=\"d-md-none d-block\">Iez\u012bm\u0113 k\u013c\u016bdaino tekstu un zi\u0146o par to!<\/p>\n","protected":false},"excerpt":{"rendered":"K\u0101, atsaucoties uz aculiecinieku teikto, v\u0113sta \u201cThe Sun\u201d, realit\u0101tes \u0161ovu zvaigzne Keitija Praisa un uz\u0146\u0113m\u0113js L\u012b Endrj\u016bss Dubaij\u0101&hellip;\n","protected":false},"author":2,"featured_media":115333,"comment_status":"","ping_status":"","sticky":false,"template":"","format":"standard","meta":{"footnotes":""},"categories":[19],"tags":[89,90,26160,35,39,38,36,37,34,40],"class_list":{"0":"post-115332","1":"post","2":"type-post","3":"status-publish","4":"format-standard","5":"has-post-thumbnail","7":"category-izklaide","8":"tag-entertainment","9":"tag-izklaide","10":"tag-keitija-praisarealitates-sovu-zvaigzne","11":"tag-latvia","12":"tag-latvian","13":"tag-latviesu","14":"tag-latviesu-valoda","15":"tag-latviesuvaloda","16":"tag-latvija","17":"tag-lv"},"share_on_mastodon":{"url":"https:\/\/pubeurope.com\/@lv\/115969480618502597","error":""},"_links":{"self":[{"href":"https:\/\/www.europesays.com\/lv\/wp-json\/wp\/v2\/posts\/115332","targetHints":{"allow":["GET"]}}],"collection":[{"href":"https:\/\/www.europesays.com\/lv\/wp-json\/wp\/v2\/posts"}],"about":[{"href":"https:\/\/www.europesays.com\/lv\/wp-json\/wp\/v2\/types\/post"}],"author":[{"embeddable":true,"href":"https:\/\/www.europesays.com\/lv\/wp-json\/wp\/v2\/users\/2"}],"replies":[{"embeddable":true,"href":"https:\/\/www.europesays.com\/lv\/wp-json\/wp\/v2\/comments?post=115332"}],"version-history":[{"count":0,"href":"https:\/\/www.europesays.com\/lv\/wp-json\/wp\/v2\/posts\/115332\/revisions"}],"wp:featuredmedia":[{"embeddable":true,"href":"https:\/\/www.europesays.com\/lv\/wp-json\/wp\/v2\/media\/115333"}],"wp:attachment":[{"href":"https:\/\/www.europesays.com\/lv\/wp-json\/wp\/v2\/media?parent=115332"}],"wp:term":[{"taxonomy":"category","embeddable":true,"href":"https:\/\/www.europesays.com\/lv\/wp-json\/wp\/v2\/categories?post=115332"},{"taxonomy":"post_tag","embeddable":true,"href":"https:\/\/www.europesays.com\/lv\/wp-json\/wp\/v2\/tags?post=115332"}],"curies":[{"name":"wp","href":"https:\/\/api.w.org\/{rel}","templated":true}]}}