{"id":115377,"date":"2026-01-28T02:50:07","date_gmt":"2026-01-28T02:50:07","guid":{"rendered":"https:\/\/www.europesays.com\/lv\/115377\/"},"modified":"2026-01-28T02:50:07","modified_gmt":"2026-01-28T02:50:07","slug":"horoskops-tresdienai-28-janvarim","status":"publish","type":"post","link":"https:\/\/www.europesays.com\/lv\/115377\/","title":{"rendered":"Horoskops tre\u0161dienai, 28. janv\u0101rim"},"content":{"rendered":"<p>Dienas horoskops: Intu\u012bcija b\u016bs sp\u0113c\u012bga un prec\u012bza. Vari paman\u012bt nianses, kas citiem pasl\u012bd gar\u0101m. Diena piem\u0113rota koncentr\u0101cijai. Vakars b\u016bs kluss.<br \/>M\u012blest\u012bba un karjera: Attiec\u012bb\u0101s vald\u012bs patiesums un dzi\u013cums. Partneris nov\u0113rt\u0113s tavu atkl\u0101t\u012bbu. Darb\u0101 iesp\u0113jami b\u016btiski secin\u0101jumi.<\/p>\n<p>Dienas horoskops: Diena ienes\u012bs optimismu un mier\u012bgu skatu uz n\u0101kotni. Vari p\u0101rdom\u0101t savus m\u0113r\u0137us bez steigas. Vakars b\u016bs gai\u0161s un iedvesmojo\u0161s.<br \/>M\u012blest\u012bba un karjera: Attiec\u012bb\u0101s vald\u012bs atkl\u0101t\u012bba un vieglums. Partneris nov\u0113rt\u0113s tavu pozit\u012bvo attieksmi. Darb\u0101 iedvesma b\u016bs svar\u012bg\u0101ka par tempu.<\/p>\n<p>Dienas horoskops: \u0160odien b\u016bsi disciplin\u0113ts un sav\u0101kts. Laba diena, lai sak\u0101rtotu darba jaut\u0101jumus un nostiprin\u0101tu poz\u012bcijas. Vakars piem\u0113rots mier\u012bgai atelpai.<br \/>M\u012blest\u012bba un karjera: Attiec\u012bb\u0101s vald\u012bs stabilit\u0101te un uztic\u012bba. Partneris sajut\u012bs tavu atbalstu. Darb\u0101 iesp\u0113jams dro\u0161s progress.<\/p>\n<p>Dienas horoskops: Pr\u0101ts b\u016bs atv\u0113rts jaun\u0101m idej\u0101m un skat\u012bjumiem. Vari ieraudz\u012bt risin\u0101jumu neierast\u0101 veid\u0101. Vakars piem\u0113rots sarun\u0101m un domu apmai\u0146ai.<br \/>M\u012blest\u012bba un karjera: Attiec\u012bb\u0101s vald\u012bs atkl\u0101t\u012bba un autentiskums. Partneris nov\u0113rt\u0113s tavu patiesumu. Darb\u0101 pan\u0101kumi n\u0101ks ar rado\u0161u pieeju.<\/p>\n<p>Dienas horoskops: Diena b\u016bs maiga un intuit\u012bva. Vari str\u0101d\u0101t sav\u0101 temp\u0101, ieklausoties saj\u016bt\u0101s. Nepiespied sevi. Vakars b\u016bs dziedino\u0161s.<br \/>M\u012blest\u012bba un karjera: Attiec\u012bb\u0101s vald\u012bs emp\u0101tija un sirsn\u012bba. Partneris sajut\u012bs tavu sirds siltumu. Darb\u0101 seko intu\u012bcijai \u2014 t\u0101 b\u016bs dro\u0161\u0101kais ce\u013cvedis.<\/p>\n<p>Teksts rad\u012bts ar MI pal\u012bdz\u012bbu un ir redaktora p\u0101rbaud\u012bts.<\/p>\n","protected":false},"excerpt":{"rendered":"Dienas horoskops: Intu\u012bcija b\u016bs sp\u0113c\u012bga un prec\u012bza. Vari paman\u012bt nianses, kas citiem pasl\u012bd gar\u0101m. Diena piem\u0113rota koncentr\u0101cijai. Vakars&hellip;\n","protected":false},"author":2,"featured_media":115378,"comment_status":"","ping_status":"","sticky":false,"template":"","format":"standard","meta":{"footnotes":""},"categories":[19],"tags":[1323,89,562,90,35,39,38,36,37,34,40],"class_list":{"0":"post-115377","1":"post","2":"type-post","3":"status-publish","4":"format-standard","5":"has-post-thumbnail","7":"category-izklaide","8":"tag-dienas-horoskops","9":"tag-entertainment","10":"tag-horoskops","11":"tag-izklaide","12":"tag-latvia","13":"tag-latvian","14":"tag-latviesu","15":"tag-latviesu-valoda","16":"tag-latviesuvaloda","17":"tag-latvija","18":"tag-lv"},"share_on_mastodon":{"url":"https:\/\/pubeurope.com\/@lv\/115970455804967247","error":""},"_links":{"self":[{"href":"https:\/\/www.europesays.com\/lv\/wp-json\/wp\/v2\/posts\/115377","targetHints":{"allow":["GET"]}}],"collection":[{"href":"https:\/\/www.europesays.com\/lv\/wp-json\/wp\/v2\/posts"}],"about":[{"href":"https:\/\/www.europesays.com\/lv\/wp-json\/wp\/v2\/types\/post"}],"author":[{"embeddable":true,"href":"https:\/\/www.europesays.com\/lv\/wp-json\/wp\/v2\/users\/2"}],"replies":[{"embeddable":true,"href":"https:\/\/www.europesays.com\/lv\/wp-json\/wp\/v2\/comments?post=115377"}],"version-history":[{"count":0,"href":"https:\/\/www.europesays.com\/lv\/wp-json\/wp\/v2\/posts\/115377\/revisions"}],"wp:featuredmedia":[{"embeddable":true,"href":"https:\/\/www.europesays.com\/lv\/wp-json\/wp\/v2\/media\/115378"}],"wp:attachment":[{"href":"https:\/\/www.europesays.com\/lv\/wp-json\/wp\/v2\/media?parent=115377"}],"wp:term":[{"taxonomy":"category","embeddable":true,"href":"https:\/\/www.europesays.com\/lv\/wp-json\/wp\/v2\/categories?post=115377"},{"taxonomy":"post_tag","embeddable":true,"href":"https:\/\/www.europesays.com\/lv\/wp-json\/wp\/v2\/tags?post=115377"}],"curies":[{"name":"wp","href":"https:\/\/api.w.org\/{rel}","templated":true}]}}