{"id":115388,"date":"2026-01-28T04:07:08","date_gmt":"2026-01-28T04:07:08","guid":{"rendered":"https:\/\/www.europesays.com\/lv\/115388\/"},"modified":"2026-01-28T04:07:08","modified_gmt":"2026-01-28T04:07:08","slug":"zelenskis-gatavs-tikties-ar-putinu-parspriedis-divus-butiskus-jautajumus","status":"publish","type":"post","link":"https:\/\/www.europesays.com\/lv\/115388\/","title":{"rendered":"Zelenskis gatavs tikties ar Putinu; p\u0101rspried\u012bs divus b\u016btiskus jaut\u0101jumus"},"content":{"rendered":"<p>&#8220;Tie\u0161i to atrisin\u0101\u0161anai prezidents ir gatavs tikties ar Putinu un to apspriest,&#8221; sac\u012bja ministrs.<\/p>\n<p>Sibiha gan ar\u012b nor\u0101d\u012bja, ka neredz nepiecie\u0161am\u012bbu tikties ar Krievijas \u0101rlietu ministru Sergeju Lavrovu.<\/p>\n<p>&#8220;Mums nevajadz\u0113tu veidot paral\u0113lus ce\u013cus. Ir izveidotas sarunu grupas, kur\u0101s ir \u0100rlietu ministrijas p\u0101rst\u0101vji. Un papildu ce\u013cu veido\u0161ana nav aktu\u0101la, nav nepiecie\u0161ama,&#8221; sac\u012bja Sibiha.<\/p>\n<p>Sarunu grup\u0101m jau ir biju\u0161as saturiskas sarunas par pamiera parametriem, pamiera uzraudz\u012bbas jeb p\u0101rbaudes k\u0101rt\u012bbu, nor\u0101d\u012bja ministrs.<\/p>\n<p>Pirmdien Zelenskis pazi\u0146oja, ka \u0161oned\u0113\u013c tiek gatavota v\u0113l viena Ukrainas, ASV un Krievijas sarunu komandu tik\u0161an\u0101s.<\/p>\n<p>T\u0101, dom\u0101jams, var\u0113tu notikt sv\u0113tdien.<\/p>\n<p>Tr\u012bspus\u0113j\u0101s sarunas jau notika 23. un 24. janv\u0101r\u012b Ab\u016b Dab\u012b.<\/p>\n<p>\u0160\u012bs sarunas bija pirmais zin\u0101mais gad\u012bjums, kad Trampa administr\u0101cijas amatpersonas vienlaikus tiku\u0161\u0101s ar Ukrainas un Krievijas p\u0101rst\u0101vjiem, Va\u0161ingtonai turpinot centienus pan\u0101kt Krievijas s\u0101kt\u0101 kara izbeig\u0161anu.<\/p>\n<p>Iepriek\u0161 amerik\u0101\u0146u t\u012bmek\u013ca izdevums &#8220;Axios&#8221;, atsaucoties uz anon\u012bmu ASV amatpersonu, v\u0113st\u012bja, ka n\u0101kam\u0101 tik\u0161an\u0101s Ab\u016b Dab\u012b paredz\u0113ta 1. febru\u0101r\u012b.<\/p>\n","protected":false},"excerpt":{"rendered":"&#8220;Tie\u0161i to atrisin\u0101\u0161anai prezidents ir gatavs tikties ar Putinu un to apspriest,&#8221; sac\u012bja ministrs. Sibiha gan ar\u012b nor\u0101d\u012bja,&hellip;\n","protected":false},"author":2,"featured_media":83539,"comment_status":"","ping_status":"","sticky":false,"template":"","format":"standard","meta":{"footnotes":""},"categories":[5],"tags":[23,28,29,32,33,22,74,30,31,35,39,38,36,37,34,40,20,26,27,24,25,21],"class_list":{"0":"post-115388","1":"post","2":"type-post","3":"status-publish","4":"format-standard","5":"has-post-thumbnail","7":"category-aktualitates","8":"tag-aktualitates","9":"tag-breaking-news","10":"tag-breakingnews","11":"tag-featured-news","12":"tag-featurednews","13":"tag-headlines","14":"tag-krievijas-iebrukums-ukraina","15":"tag-latest-news","16":"tag-latestnews","17":"tag-latvia","18":"tag-latvian","19":"tag-latviesu","20":"tag-latviesu-valoda","21":"tag-latviesuvaloda","22":"tag-latvija","23":"tag-lv","24":"tag-news","25":"tag-popularakas-zinas","26":"tag-popularakaszinas","27":"tag-top-stories","28":"tag-topstories","29":"tag-zinas"},"share_on_mastodon":{"url":"https:\/\/pubeurope.com\/@lv\/115970758602530075","error":""},"_links":{"self":[{"href":"https:\/\/www.europesays.com\/lv\/wp-json\/wp\/v2\/posts\/115388","targetHints":{"allow":["GET"]}}],"collection":[{"href":"https:\/\/www.europesays.com\/lv\/wp-json\/wp\/v2\/posts"}],"about":[{"href":"https:\/\/www.europesays.com\/lv\/wp-json\/wp\/v2\/types\/post"}],"author":[{"embeddable":true,"href":"https:\/\/www.europesays.com\/lv\/wp-json\/wp\/v2\/users\/2"}],"replies":[{"embeddable":true,"href":"https:\/\/www.europesays.com\/lv\/wp-json\/wp\/v2\/comments?post=115388"}],"version-history":[{"count":0,"href":"https:\/\/www.europesays.com\/lv\/wp-json\/wp\/v2\/posts\/115388\/revisions"}],"wp:featuredmedia":[{"embeddable":true,"href":"https:\/\/www.europesays.com\/lv\/wp-json\/wp\/v2\/media\/83539"}],"wp:attachment":[{"href":"https:\/\/www.europesays.com\/lv\/wp-json\/wp\/v2\/media?parent=115388"}],"wp:term":[{"taxonomy":"category","embeddable":true,"href":"https:\/\/www.europesays.com\/lv\/wp-json\/wp\/v2\/categories?post=115388"},{"taxonomy":"post_tag","embeddable":true,"href":"https:\/\/www.europesays.com\/lv\/wp-json\/wp\/v2\/tags?post=115388"}],"curies":[{"name":"wp","href":"https:\/\/api.w.org\/{rel}","templated":true}]}}