{"id":115389,"date":"2026-01-28T04:13:34","date_gmt":"2026-01-28T04:13:34","guid":{"rendered":"https:\/\/www.europesays.com\/lv\/115389\/"},"modified":"2026-01-28T04:13:34","modified_gmt":"2026-01-28T04:13:34","slug":"satiksmes-ministrija-pastiprina-autotransporta-direkcijas-darbibas-uzraudzibu-lente-lv","status":"publish","type":"post","link":"https:\/\/www.europesays.com\/lv\/115389\/","title":{"rendered":"Satiksmes ministrija pastiprina Autotransporta direkcijas darb\u012bbas uzraudz\u012bbu\u00a0\u2014\u00a0Lente.lv"},"content":{"rendered":"<p>Pastiprin\u0101ta kontrole p\u0101r ATD<\/p>\n<p>Satiksmes ministrija (SM) ir uzs\u0101kusi pastiprin\u0101tu Autotransporta direkcijas (ATD) darb\u012bbas kontroli. \u0160o inform\u0101ciju soci\u0101laj\u0101 t\u012bkl\u0101 X (iepriek\u0161 Twitter) pav\u0113st\u012bjis satiksmes ministrs Ain\u0101rs \u0160vinkas.<\/p>\n<p>Iemesli un m\u0113r\u0137i<\/p>\n<p>Lai gan prec\u012bzi iemesli \u0161\u0101dam l\u0113mumam netiek detaliz\u0113ti skaidroti, ministrijas r\u012bc\u012bba liecina par nepiecie\u0161am\u012bbu nodro\u0161in\u0101t efekt\u012bv\u0101ku un caursp\u012bd\u012bg\u0101ku ATD funkciju izpildi. Pastiprin\u0101ta kontrole var\u0113tu b\u016bt saist\u012bta ar vair\u0101kiem aspektiem, tostarp ar bud\u017eeta l\u012bdzek\u013cu izlietojuma efektivit\u0101ti, pakalpojumu kvalit\u0101ti un normat\u012bvo aktu iev\u0113ro\u0161anu.<\/p>\n<p>ATD loma un funkcijas<\/p>\n<p>Autotransporta direkcija ir valsts tie\u0161\u0101s p\u0101rvaldes iest\u0101de, kas atbild par autotransporta nozares uzraudz\u012bbu un att\u012bst\u012bbu Latvij\u0101. T\u0101s galvenie uzdevumi ietver pasa\u017eieru un kravu p\u0101rvad\u0101jumu licenc\u0113\u0161anu un uzraudz\u012bbu, sabiedrisk\u0101 transporta mar\u0161rutu pl\u0101no\u0161anu un organiz\u0113\u0161anu, k\u0101 ar\u012b autotransporta nozares politikas veido\u0161anu un \u012bsteno\u0161anu.<\/p>\n<p>Turpm\u0101k\u0101s perspekt\u012bvas<\/p>\n<p>\u0160obr\u012bd nav zin\u0101ms, k\u0101das konkr\u0113tas izmai\u0146as vai pas\u0101kumi tiks veikti ATD darb\u012bbas uzlabo\u0161anai, ta\u010du ir skaidrs, ka ministrija v\u0113las g\u016bt liel\u0101ku p\u0101rliec\u012bbu par direkcijas sp\u0113ju efekt\u012bvi pild\u012bt savus uzdevumus. \u0160\u0101da pastiprin\u0101ta kontrole var\u0113tu novest pie procesu optimiz\u0101cijas, jaunu vad\u012bbas principu ievie\u0161anas vai person\u0101la izmai\u0146\u0101m, ja tiks konstat\u0113ti b\u016btiski tr\u016bkumi.<\/p>\n","protected":false},"excerpt":{"rendered":"Pastiprin\u0101ta kontrole p\u0101r ATD Satiksmes ministrija (SM) ir uzs\u0101kusi pastiprin\u0101tu Autotransporta direkcijas (ATD) darb\u012bbas kontroli. \u0160o inform\u0101ciju soci\u0101laj\u0101&hellip;\n","protected":false},"author":2,"featured_media":115390,"comment_status":"","ping_status":"","sticky":false,"template":"","format":"standard","meta":{"footnotes":""},"categories":[12],"tags":[26775,23,26774,1953,28,29,32,33,22,30,31,35,39,38,36,37,34,40,20,26,27,1954,956,24,25,21],"class_list":{"0":"post-115389","1":"post","2":"type-post","3":"status-publish","4":"format-standard","5":"has-post-thumbnail","7":"category-latvija","8":"tag-ainars-svinkas","9":"tag-aktualitates","10":"tag-atd-kontrole","11":"tag-autotransporta-direkcija","12":"tag-breaking-news","13":"tag-breakingnews","14":"tag-featured-news","15":"tag-featurednews","16":"tag-headlines","17":"tag-latest-news","18":"tag-latestnews","19":"tag-latvia","20":"tag-latvian","21":"tag-latviesu","22":"tag-latviesu-valoda","23":"tag-latviesuvaloda","24":"tag-latvija","25":"tag-lv","26":"tag-news","27":"tag-popularakas-zinas","28":"tag-popularakaszinas","29":"tag-sabiedriskais-transports","30":"tag-satiksmes-ministrija","31":"tag-top-stories","32":"tag-topstories","33":"tag-zinas"},"share_on_mastodon":{"url":"https:\/\/pubeurope.com\/@lv\/115970782180053190","error":""},"_links":{"self":[{"href":"https:\/\/www.europesays.com\/lv\/wp-json\/wp\/v2\/posts\/115389","targetHints":{"allow":["GET"]}}],"collection":[{"href":"https:\/\/www.europesays.com\/lv\/wp-json\/wp\/v2\/posts"}],"about":[{"href":"https:\/\/www.europesays.com\/lv\/wp-json\/wp\/v2\/types\/post"}],"author":[{"embeddable":true,"href":"https:\/\/www.europesays.com\/lv\/wp-json\/wp\/v2\/users\/2"}],"replies":[{"embeddable":true,"href":"https:\/\/www.europesays.com\/lv\/wp-json\/wp\/v2\/comments?post=115389"}],"version-history":[{"count":0,"href":"https:\/\/www.europesays.com\/lv\/wp-json\/wp\/v2\/posts\/115389\/revisions"}],"wp:featuredmedia":[{"embeddable":true,"href":"https:\/\/www.europesays.com\/lv\/wp-json\/wp\/v2\/media\/115390"}],"wp:attachment":[{"href":"https:\/\/www.europesays.com\/lv\/wp-json\/wp\/v2\/media?parent=115389"}],"wp:term":[{"taxonomy":"category","embeddable":true,"href":"https:\/\/www.europesays.com\/lv\/wp-json\/wp\/v2\/categories?post=115389"},{"taxonomy":"post_tag","embeddable":true,"href":"https:\/\/www.europesays.com\/lv\/wp-json\/wp\/v2\/tags?post=115389"}],"curies":[{"name":"wp","href":"https:\/\/api.w.org\/{rel}","templated":true}]}}