{"id":115407,"date":"2026-01-28T04:59:06","date_gmt":"2026-01-28T04:59:06","guid":{"rendered":"https:\/\/www.europesays.com\/lv\/115407\/"},"modified":"2026-01-28T04:59:06","modified_gmt":"2026-01-28T04:59:06","slug":"maksatnespeju-skaits-turpinajis-sarukt-dienas-bizness","status":"publish","type":"post","link":"https:\/\/www.europesays.com\/lv\/115407\/","title":{"rendered":"Maks\u0101tnesp\u0113ju skaits turpin\u0101jis sarukt :: Dienas Bizness"},"content":{"rendered":"<p class=\"text-font font-size--text-xlarge margin-3--bottom font-weight--bold padding-1--top\">Maks\u0101tnesp\u0113jas procesu skaits Latvij\u0101 tupina sarukt, savuk\u0101rt ierosin\u0101to tiesisk\u0101s aizsardz\u012bbas procesu skaits saglab\u0101jas l\u012bdz\u012bg\u0101 l\u012bmen\u012b ar neliel\u0101m sv\u0101rst\u012bb\u0101m.<\/p>\n<p class=\"text-font font-size--text-xlarge margin-3--bottom\">To liecina SIA Lursoft IT p\u0113t\u012bjums. Proti, p\u0113rn pasludin\u0101ti 562 maks\u0101tnesp\u0113jas procesi juridisk\u0101m person\u0101m, kam\u0113r 2024. gad\u0101 t\u0101du bija 735, savuk\u0101rt fiziskaj\u0101m person\u0101m 274, kam\u0113r aizp\u0113rn &#8211; 299. Dati r\u0101da, ka strauj\u0101ks maks\u0101tnesp\u0113jas procesu skaita samazin\u0101jums v\u0113rojams no 2020. gada, kad Covid-19 pand\u0113mijas laik\u0101 ieviestie valsts atbalsta pas\u0101kumi, nodok\u013cu atmaksas termi\u0146a pagarin\u0101jumi \u013c\u0101va da\u013cai uz\u0146\u0113mumu p\u0101rvar\u0113t \u012bstermi\u0146a likvidit\u0101tes probl\u0113mas, izvairoties no maks\u0101tnesp\u0113jas. Ar\u012b n\u0101kamajos gados, neraugoties uz energoresursu cenu pieaugumu, augsto infl\u0101ciju un \u0123eopolitisko risku pieaugumu, maks\u0101tnesp\u0113jas procesu skaits nav atgriezies iepriek\u0161 pieredz\u0113t\u0101 l\u012bmen\u012b.<\/p>\n<p class=\"text-font font-size--text-xlarge margin-3--bottom\">Procesu izmanto tikai maza da\u013ca<\/p>\n<p class=\"text-font font-size--text-xlarge margin-3--bottom\">\u201ePasludin\u0101to juridisko personu maks\u0101tnesp\u0113jas procesu skaits 2025.gad\u0101 ir bijis tikai nedaudz maz\u0101ks nek\u0101 iepriek\u0161\u0113j\u0101 gad\u0101, ta\u010du tendence ir palikusi nemain\u012bga &#8211; maks\u0101tnesp\u0113jas proces\u0101 nok\u013c\u016bst tikai niec\u012bga da\u013ca no uz\u0146\u0113mumiem, kuri ir faktiski p\u0101rtrauku\u0161i savu darb\u012bbu un nav sp\u0113j\u012bgi segt par\u0101dus. To ietekm\u0113 divi galvenie faktori &#8211; lielas procesa izmaksas un t.s. vienk\u0101r\u0161ot\u0101s likvid\u0101cijas process, ar kura pal\u012bdz\u012bbu p\u0113d\u0113jos gados Valsts ie\u0146\u0113mumu dienests un Uz\u0146\u0113mumu re\u0123istrs ir likvid\u0113ju\u0161i desmitiem t\u016bksto\u0161u neakt\u012bvu uz\u0146\u0113mumu,\u201d kop\u0113jo maks\u0101tnesp\u0113jas procesu ainu v\u0113rt\u0113 maks\u0101tnesp\u0113jas eksperts Helmuts Jauja. Vi\u0146\u0161 uzsver, ka vienk\u0101r\u0161ot\u0101 likvid\u0101cija jau ir k\u013cuvusi par \u0113rtu l\u012bdzekli, k\u0101 pa\u0161i uz\u0146\u0113m\u0113ji m\u0113\u0123ina atbr\u012bvoties no nevajadz\u012bga uz\u0146\u0113muma un reiz\u0113m ar\u012b no atbild\u012bbas par veiktajiem dar\u012bjumiem.<\/p>\n<p class=\"text-font font-size--text-xlarge margin-3--bottom\">\u201eUz\u0146\u0113mumi tiek pamesti, lai valsts tos izsl\u0113gtu no komercre\u0123istra vienk\u0101r\u0161ot\u0101 veid\u0101. \u0160\u0101da prakse tom\u0113r nav v\u0113lama, jo veicina tiesisko nihilismu un da\u017ek\u0101rt aizskar uz\u0146\u0113muma darbinieku intereses. T\u0101p\u0113c j\u0101cer, ka likumdev\u0113js veiks nepiecie\u0161am\u0101s korekcijas, lai saglab\u0101tu \u0113rtu l\u012bdzekli neakt\u012bvu uz\u0146\u0113mumu likvid\u0113\u0161anai, bet vienlaikus ne\u013cautu tik viegli izsl\u012bd\u0113t uz\u0146\u0113mumiem, kuru darb\u012bba var\u0113tu b\u016bt rad\u012bjusi uz\u0146\u0113muma vad\u012bt\u0101jiem un \u012bpa\u0161niekiem ne\u0113rtus jaut\u0101jumus,\u201d t\u0101 H. Jauja. Vi\u0146\u0161 v\u0113r\u0161 uzman\u012bbu, ka 2025. gad\u0101, t\u0101pat k\u0101 iepriek\u0161\u0113jos gados, pasludin\u0101to juridisk\u0101s personas maks\u0101tnesp\u0113jas procesu skaits ir vair\u0101kas reizes maz\u0101ks nek\u0101 ierosin\u0101to. \u201eMaks\u0101tnesp\u0113jas procesa pieteikumi joproj\u0101m tiek izmantoti k\u0101 piedzi\u0146as l\u012bdzeklis,\u201d pie\u013cauj H. Jauja, jo, vi\u0146apr\u0101t, visticam\u0101k liel\u0101kaj\u0101 da\u013c\u0101 gad\u012bjumu, kad tiesa nepasludin\u0101ja maks\u0101tnesp\u0113jas procesu, pieteic\u0113js bija kreditors, kuram p\u0113c pieteikuma iesnieg\u0161anas par\u0101dnieks bija samaks\u0101jis. \u201eVai pras\u012bjumi ir bijis str\u012bds un kreditors ar maks\u0101tnesp\u0113jas procesa pieteikumu centies iebied\u0113t savu \u0161\u0137ietamo par\u0101dnieku? Iesp\u0113jams, politikas veidot\u0101jiem b\u016btu v\u0113rts pap\u0113t\u012bt \u0161o praksi, vai netiek p\u0101rk\u0101ptas robe\u017eas, izmantojot maks\u0101tnesp\u0113jas procesu tam neparedz\u0113t\u0101 veid\u0101,\u201d iesaka H. Jauja.<\/p>\n<p class=\"text-font font-size--text-xlarge margin-3--bottom\">Visu rakstu lasiet 27.janv\u0101ra \u017eurn\u0101l\u0101 Dienas Bizness!<\/p>\n<p class=\"text-font font-size--text-xlarge margin-3--bottom\">Abon\u0113t ir \u0113rt\u0101k: <a href=\"https:\/\/ekiosks.lv\/\" target=\"_blank\" rel=\"nofollow noopener\">e-kiosks.lv<\/a>.<\/p>\n","protected":false},"excerpt":{"rendered":"Maks\u0101tnesp\u0113jas procesu skaits Latvij\u0101 tupina sarukt, savuk\u0101rt ierosin\u0101to tiesisk\u0101s aizsardz\u012bbas procesu skaits saglab\u0101jas l\u012bdz\u012bg\u0101 l\u012bmen\u012b ar neliel\u0101m sv\u0101rst\u012bb\u0101m.&hellip;\n","protected":false},"author":2,"featured_media":115408,"comment_status":"","ping_status":"","sticky":false,"template":"","format":"standard","meta":{"footnotes":""},"categories":[16],"tags":[869,77,870,76,867,35,39,38,36,37,34,871,868,40,21],"class_list":{"0":"post-115407","1":"post","2":"type-post","3":"status-publish","4":"format-standard","5":"has-post-thumbnail","7":"category-bizness","8":"tag-biznesa-zinas","9":"tag-bizness","10":"tag-bizness-latvija","11":"tag-business","12":"tag-dienas-zinas","13":"tag-latvia","14":"tag-latvian","15":"tag-latviesu","16":"tag-latviesu-valoda","17":"tag-latviesuvaloda","18":"tag-latvija","19":"tag-latvijas-biznesa-zinas","20":"tag-latvijas-zinas","21":"tag-lv","22":"tag-zinas"},"share_on_mastodon":{"url":"https:\/\/pubeurope.com\/@lv\/115970963050296033","error":""},"_links":{"self":[{"href":"https:\/\/www.europesays.com\/lv\/wp-json\/wp\/v2\/posts\/115407","targetHints":{"allow":["GET"]}}],"collection":[{"href":"https:\/\/www.europesays.com\/lv\/wp-json\/wp\/v2\/posts"}],"about":[{"href":"https:\/\/www.europesays.com\/lv\/wp-json\/wp\/v2\/types\/post"}],"author":[{"embeddable":true,"href":"https:\/\/www.europesays.com\/lv\/wp-json\/wp\/v2\/users\/2"}],"replies":[{"embeddable":true,"href":"https:\/\/www.europesays.com\/lv\/wp-json\/wp\/v2\/comments?post=115407"}],"version-history":[{"count":0,"href":"https:\/\/www.europesays.com\/lv\/wp-json\/wp\/v2\/posts\/115407\/revisions"}],"wp:featuredmedia":[{"embeddable":true,"href":"https:\/\/www.europesays.com\/lv\/wp-json\/wp\/v2\/media\/115408"}],"wp:attachment":[{"href":"https:\/\/www.europesays.com\/lv\/wp-json\/wp\/v2\/media?parent=115407"}],"wp:term":[{"taxonomy":"category","embeddable":true,"href":"https:\/\/www.europesays.com\/lv\/wp-json\/wp\/v2\/categories?post=115407"},{"taxonomy":"post_tag","embeddable":true,"href":"https:\/\/www.europesays.com\/lv\/wp-json\/wp\/v2\/tags?post=115407"}],"curies":[{"name":"wp","href":"https:\/\/api.w.org\/{rel}","templated":true}]}}