{"id":115415,"date":"2026-01-28T05:13:07","date_gmt":"2026-01-28T05:13:07","guid":{"rendered":"https:\/\/www.europesays.com\/lv\/115415\/"},"modified":"2026-01-28T05:13:07","modified_gmt":"2026-01-28T05:13:07","slug":"pasazieru-parvadataji-sogad-plano-rikot-plasaku-protestu-neka-pern-jekabpils-laiks-jekabpils-zinas","status":"publish","type":"post","link":"https:\/\/www.europesays.com\/lv\/115415\/","title":{"rendered":"Pasa\u017eieru p\u0101rvad\u0101t\u0101ji \u0161ogad pl\u0101no r\u012bkot pla\u0161\u0101ku protestu nek\u0101 p\u0113rn \/ J\u0113kabpils Laiks: J\u0113kabpils zi\u0146as"},"content":{"rendered":"<p>Nesadzirdot konkr\u0113tus risin\u0101jumus, re\u0123ion\u0101l\u0101 sabiedrisk\u0101 transporta pasa\u017eieru p\u0101rvad\u0101t\u0101ji neatk\u0101pjas no ieceres \u0161ogad r\u012bkot pla\u0161\u0101ku protesta akciju nek\u0101 pag\u0101ju\u0161aj\u0101 gad\u0101, p\u0113c san\u0101ksmes ar satiksmes ministru Ati \u0160vinku (P) un Autotransporta direkciju medijiem sac\u012bja Latvijas Pasa\u017eieru p\u0101rvad\u0101t\u0101ju asoci\u0101cijas prezidents Ivo O\u0161enieks.<\/p>\n<p>Vi\u0146\u0161 sac\u012bja, ka san\u0101ksm\u0113 notika konstrukt\u012bvs dialogs starp iesaist\u012btaj\u0101m pus\u0113m, tom\u0113r dialogs &#8220;nevar b\u016bt m\u016b\u017e\u012bgs&#8221;, jo ir nepiecie\u0161ami konkr\u0113ti risin\u0101jumi un l\u0113mumi.<\/p>\n<p>O\u0161enieks nor\u0101d\u012bja, ka protesta akcija ir izstr\u0101des stadij\u0101, t\u0101d\u0113\u013c pla\u0161\u0101kus koment\u0101rus par akcijas form\u0101tu var\u0113s sniegt v\u0113l\u0101k. Vienlaikus vi\u0146\u0161 piebilda, ka akcijas r\u012bko\u0161ana b\u016bs atkar\u012bga ar\u012b no n\u0101kam\u0101s san\u0101ksmes izn\u0101kuma, kas notiks 10. febru\u0101r\u012b, piem\u0113ram, attiec\u012bb\u0101 uz \u0161oferu algu jaut\u0101jumu. T\u0101pat vi\u0146\u0161 min\u0113ja, ka p\u0101rvad\u0101t\u0101ji, \u0146emot v\u0113r\u0101 radu\u0161os zaud\u0113jumus ilgtermi\u0146a l\u012bgumos, apsver v\u0113r\u0161anos ties\u0101.<\/p>\n<blockquote><p>&#13;<\/p>\n<p>&#8220;Ir iest\u0101ju\u0161ies objekt\u012bvi iemesli, kurus nevar\u0113ja paredz\u0113t ne pas\u016bt\u012bt\u0101js, ne p\u0101rvad\u0101t\u0101js, kad tika nosl\u0113gti l\u012bgumi. Iepirkumu uzraudz\u012bbas birojs ir nor\u0101d\u012bjis, ka ir iesp\u0113jams segt minim\u0101li nepiecie\u0161amos papildu resursus, lai l\u012bgums tiktu pild\u012bts, bet no Autotransporta direkcijas puses nav bijusi skaidra indik\u0101cija, ka vi\u0146i ir gatavi \u0161\u0101dam risin\u0101jumam,&#8221; nor\u0101d\u012bja O\u0161enieks.<\/p>\n<p>&#13;\n<\/p><\/blockquote>\n<p>Savuk\u0101rt Autotransporta direkcijas valdes priek\u0161s\u0113d\u0113t\u0101js J\u0101nis Lapi\u0146\u0161 nor\u0101d\u012bja, ka nozare \u0161obr\u012bd izdara \u013coti lielu spiedienu uz direkciju un politikas veidot\u0101jiem, tom\u0113r Autotransporta direkcija v\u0113las pie\u0146emt tiesisku l\u0113mumu. Vi\u0146\u0161 min\u0113ja, ka p\u0101rvad\u0101t\u0101jiem ir iesp\u0113ja pier\u0101d\u012bt zaud\u0113jumus, kas radu\u0161ies neparedz\u0113tu apst\u0101k\u013cu d\u0113\u013c, vienlaikus to pamatojumam ir j\u0101atbilst Iepirkumu uzraudz\u012bbas biroja nor\u0101d\u0113m un Publisko iepirkumu likuma norm\u0101m.<\/p>\n<p>Vi\u0146\u0161 ar\u012b min\u0113ja, ka \u0161\u012b ir neierasta situ\u0101cija, kad visi p\u0101rvad\u0101t\u0101ji kolekt\u012bvi vienojas nepild\u012bt savas l\u012bguma saist\u012bbas un rada lielu spiedienu, lai l\u0113mumi tiktu pie\u0146emti \u0101tri. Tom\u0113r, p\u0113c vi\u0146a teikt\u0101, direkcija nepie\u0146ems prettiesiskus l\u0113mumus un p\u0101rvad\u0101t\u0101ji ir aicin\u0101ti direkcijai prezent\u0113t datus par zaud\u0113jumiem, piem\u0113ram, degvielas cenu izmai\u0146as un citas komponentes.<\/p>\n<blockquote><p>&#13;<\/p>\n<p>&#8220;P\u0113c tam v\u0113rt\u0113sim, vai \u0161\u012b kompens\u0101cija ir pie\u013caujama atbilsto\u0161i likumam,&#8221; min\u0113ja Lapi\u0146\u0161.<\/p>\n<p>&#13;\n<\/p><\/blockquote>\n<p>T\u0101pat \u0160vinka uzsv\u0113ra, ka vi\u0146\u0161 attiec\u012bb\u0101 uz pasa\u017eieru p\u0101rvad\u0101t\u0101ju v\u0113lm\u0113m ir atv\u0113rts konstrukt\u012bvam dialogam, tom\u0113r ir nepiecie\u0161ams rast tiesiskus risin\u0101jumus. Vi\u0146\u0161 nor\u0101d\u012bja, ka attiec\u012bb\u0101 uz \u0161oferu atalgojumu valsts tie\u0161\u0101 veid\u0101 nesp\u0113j noteikt algas, k\u0101d\u0101m j\u0101b\u016bt priv\u0101tos uz\u0146\u0113mumos, tom\u0113r ir citi instrumenti, piem\u0113ram, jaunajos iepirkumos ir iesp\u0113jams noteikt v\u0113lamo minim\u0101lo atalgojuma slieksni, kas iepirkum\u0101 pie\u0161\u0137irtu papildu punktus, k\u0101 ar\u012b \u0161aj\u0101 jaut\u0101jum\u0101 var iesaist\u012bt arodbiedr\u012bbu.<\/p>\n<p>T\u0101pat vi\u0146\u0161 uzsv\u0113ra, ka Satiksmes ministrij\u0101 (SM) ir main\u012bta p\u0101rvald\u012bbas strukt\u016bra, lai pastiprin\u0101ti sak\u0101rtotu sabiedrisk\u0101 transporta sist\u0113mu, k\u0101 ar\u012b ministrs ir uzdevis direkcijai uzlabot komunik\u0101ciju. Vienlaikus \u0161ogad janv\u0101r\u012b ministrs uzdeva izveidot darba grupu, lai rastu efekt\u012bv\u0101kus risin\u0101jumus sabiedrisk\u0101 transporta efektiviz\u0101cijas risin\u0101jumu izv\u0113rt\u0113\u0161anai.<\/p>\n<p>San\u0101ksmes laik\u0101 \u0160vinka ar\u012b uzsv\u0113ra, ka 2023. un 2024. gad\u0101 liela da\u013ca pasa\u017eieru p\u0101rvad\u0101t\u0101ju uz\u0146\u0113mumu str\u0101d\u0101ja ar pe\u013c\u0146u, t\u0101d\u0113\u013c tiek gaid\u012bti ar\u012b 2025. gada finan\u0161u rezult\u0101ti. O\u0161enieks uzsv\u0113ra, ka, iesp\u0113jams, da\u013cai nozares uz\u0146\u0113mumu rentabilit\u0101tes r\u0101d\u012bt\u0101ji ir labi, jo ie\u0146\u0113mumi tiek ieg\u016bti no citiem avotiem, nevis sabiedrisk\u0101 transporta pakalpojumiem.<\/p>\n<p>\u0160vinka nor\u0101d\u012bja, ka tuv\u0101kaj\u0101s vald\u012bbas s\u0113d\u0113s tiks skat\u012bts SM informat\u012bvais zi\u0146ojums par aktu\u0101lo situ\u0101ciju nozar\u0113, k\u0101 ar\u012b pl\u0101nu \u0161ogad saglab\u0101t mar\u0161ruta t\u012bklu 2025. gada l\u012bmen\u012b. Vi\u0146\u0161 min\u0113ja, ka iepriek\u0161 tika virz\u012bts r\u012bkojuma projekts par devi\u0146u miljonu eiro papildu nepiecie\u0161amo finans\u0113jumu, tom\u0113r Finan\u0161u ministrija (FM) nor\u0101d\u012bjusi, ka gada s\u0101kum\u0101 ir nekorekti nor\u0101d\u012bt, k\u0101da summa b\u016bs nepiecie\u0161ama. T\u0101d\u0113\u013c, balstoties uz \u0161\u012b gada trim ceturk\u0161\u0146iem, tiks skat\u012bti aktu\u0101lie zaud\u0113jumi un nepiecie\u0161amais finans\u0113jums.<\/p>\n<p>\u0160vinka iepriek\u0161 v\u0113st\u012bja, ka SM ir s\u0101kusi pastiprin\u0101tu kontroli p\u0101r Autotransporta direkcijas darb\u012bbu.<\/p>\n<blockquote><p>&#13;<\/p>\n<p>&#8220;Redzot probl\u0113mas sabiedrisk\u0101 transporta politikas \u012bsteno\u0161an\u0101, esam main\u012bju\u0161i sabiedrisk\u0101 transporta p\u0101rvald\u012bbas strukt\u016bru SM un s\u0101ku\u0161i pastiprin\u0101tu kontroli p\u0101r Autotransporta direkcijas darb\u012bbu,&#8221; rakst\u012bja ministrs.<\/p>\n<p>&#13;\n<\/p><\/blockquote>\n<p>Vi\u0146\u0161 nor\u0101d\u012bja, ka par direkcijas darb\u012bb\u0101 konstat\u0113taj\u0101m nepiln\u012bb\u0101m b\u016bs j\u0101seko konkr\u0113tai atbild\u012bbai.<\/p>\n<p>Ministra ieskat\u0101 Autotransporta direkcija \u0161obr\u012bd nesp\u0113j pilnv\u0113rt\u012bgi tikt gal\u0101 ne ar saviem pamatuzdevumiem, ne ar komunik\u0101ciju. T\u0101d\u0113\u013c vi\u0146\u0161 ir uzdevis \u012bs\u0101kaj\u0101 laik\u0101 b\u016btiski main\u012bt attieksmi pret nozari un iedz\u012bvot\u0101jiem.<\/p>\n<blockquote><p>&#13;<\/p>\n<p>&#8220;Sabiedr\u012bbai un nozares dal\u012bbniekiem skaidr\u0101 un saprotam\u0101 veid\u0101 ir j\u0101sniedz inform\u0101cija par situ\u0101ciju pasa\u017eieru p\u0101rvad\u0101jumos, j\u0101iez\u012bm\u0113 risin\u0101jumi sas\u0101p\u0113ju\u0161ajiem jaut\u0101jumiem un skaidri j\u0101pasaka, k\u0101di b\u016bs n\u0101kamie so\u013ci,&#8221; uzsver ministrs.<\/p>\n<p>&#13;\n<\/p><\/blockquote>\n<p>Iepriek\u0161 pasa\u017eieru p\u0101rvad\u0101t\u0101ji v\u0113rsu\u0161ies pie Ministru prezidentes Evikas Sili\u0146as (JV) ar l\u016bgumu atsaukt no amata \u0160vinku, \u0146emot v\u0113r\u0101, ka SM un Autotransporta direkcija gada laik\u0101 t\u0101 ar\u012b nav sp\u0113ju\u0161as konstrukt\u012bvi risin\u0101t samilzu\u0161\u0101s probl\u0113mas pasa\u017eieru p\u0101rvad\u0101jumos re\u0123ion\u0101l\u0101s noz\u012bmes mar\u0161rutu t\u012bkl\u0101.<\/p>\n<blockquote><p>&#13;<\/p>\n<p>&#8220;M\u0113s esam kategoriski pret to, kas \u0161obr\u012bd notiek pasa\u017eieru p\u0101rvad\u0101jumu jom\u0101, un uzskat\u0101m par savu pien\u0101kumu inform\u0113t Ministru prezidenti, ka \u0161\u0101dai atbild\u012bg\u0101s ministrijas politikai ar utopiskiem risin\u0101jumiem un eksperimentiem b\u016bs katastrof\u0101la ietekme uz nozari un galvenais &#8211; no \u0161\u012bs iepl\u0101not\u0101s reformas ciet\u012bs iedz\u012bvot\u0101ji re\u0123ionos, kuriem praktiski b\u016bs j\u0101dom\u0101 pa\u0161iem, k\u0101 nok\u013c\u016bt l\u012bdz darbam, \u0101rstam un pat veikalam,&#8221; pau\u017e asoci\u0101cijas prezidents Ivo O\u0161enieks.<\/p>\n<p>&#13;\n<\/p><\/blockquote>\n<p>P\u0113rn 12. august\u0101 sabiedrisk\u0101 transporta pasa\u017eieru p\u0101rvad\u0101t\u0101ju p\u0101rst\u0101vji protesta akcij\u0101 pie Ministru kabineta aicin\u0101ja vald\u012bbu kompens\u0113t neparedzamu \u0101rk\u0101rtas apst\u0101k\u013cu d\u0113\u013c izrais\u012bto izmaksu pieaugumu. Savuk\u0101rt 16. septembr\u012b pasa\u017eieru p\u0101rvad\u0101t\u0101ji r\u012bkoja protesta akciju &#8220;<a href=\"https:\/\/www.jekabpilslaiks.lv\/lv\/zinas\/jekabpils-puse-iedzivotaji-par-pasazieru-parvadataju-protestu-nebija-bridinati\/\" target=\"_blank\" rel=\"nofollow noopener\">Viena stunda bez sabiedrisk\u0101 transporta<\/a>&#8220;, lai piev\u0113rstu uzman\u012bbu nepietiekamam finans\u0113jumam sabiedrisk\u0101 transporta nozar\u0113.<\/p>\n<p>P\u0101rvad\u0101t\u0101ji piepras\u012bja kompens\u0113t 10% p\u0101rvad\u0101t\u0101ju zaud\u0113jumus, kas radu\u0161ies ilgtermi\u0146a l\u012bgumu d\u0113\u013c \u0101rk\u0101rtas apst\u0101k\u013cu ietekm\u0113 laik\u0101 no 2022. gada 1. j\u016blija l\u012bdz 2025. gada 31. augustam.<\/p>\n<p>Inform\u0101ciju sagatavoja LETA.<\/p>\n","protected":false},"excerpt":{"rendered":"Nesadzirdot konkr\u0113tus risin\u0101jumus, re\u0123ion\u0101l\u0101 sabiedrisk\u0101 transporta pasa\u017eieru p\u0101rvad\u0101t\u0101ji neatk\u0101pjas no ieceres \u0161ogad r\u012bkot pla\u0161\u0101ku protesta akciju nek\u0101 pag\u0101ju\u0161aj\u0101&hellip;\n","protected":false},"author":2,"featured_media":115416,"comment_status":"","ping_status":"","sticky":false,"template":"","format":"standard","meta":{"footnotes":""},"categories":[12],"tags":[23,28,29,32,33,22,987,986,30,31,35,39,38,36,37,34,40,20,26,27,24,25,21],"class_list":{"0":"post-115415","1":"post","2":"type-post","3":"status-publish","4":"format-standard","5":"has-post-thumbnail","7":"category-latvija","8":"tag-aktualitates","9":"tag-breaking-news","10":"tag-breakingnews","11":"tag-featured-news","12":"tag-featurednews","13":"tag-headlines","14":"tag-jekabpils-zinas","15":"tag-jekabpilslaiks","16":"tag-latest-news","17":"tag-latestnews","18":"tag-latvia","19":"tag-latvian","20":"tag-latviesu","21":"tag-latviesu-valoda","22":"tag-latviesuvaloda","23":"tag-latvija","24":"tag-lv","25":"tag-news","26":"tag-popularakas-zinas","27":"tag-popularakaszinas","28":"tag-top-stories","29":"tag-topstories","30":"tag-zinas"},"share_on_mastodon":{"url":"https:\/\/pubeurope.com\/@lv\/115971018145622758","error":""},"_links":{"self":[{"href":"https:\/\/www.europesays.com\/lv\/wp-json\/wp\/v2\/posts\/115415","targetHints":{"allow":["GET"]}}],"collection":[{"href":"https:\/\/www.europesays.com\/lv\/wp-json\/wp\/v2\/posts"}],"about":[{"href":"https:\/\/www.europesays.com\/lv\/wp-json\/wp\/v2\/types\/post"}],"author":[{"embeddable":true,"href":"https:\/\/www.europesays.com\/lv\/wp-json\/wp\/v2\/users\/2"}],"replies":[{"embeddable":true,"href":"https:\/\/www.europesays.com\/lv\/wp-json\/wp\/v2\/comments?post=115415"}],"version-history":[{"count":0,"href":"https:\/\/www.europesays.com\/lv\/wp-json\/wp\/v2\/posts\/115415\/revisions"}],"wp:featuredmedia":[{"embeddable":true,"href":"https:\/\/www.europesays.com\/lv\/wp-json\/wp\/v2\/media\/115416"}],"wp:attachment":[{"href":"https:\/\/www.europesays.com\/lv\/wp-json\/wp\/v2\/media?parent=115415"}],"wp:term":[{"taxonomy":"category","embeddable":true,"href":"https:\/\/www.europesays.com\/lv\/wp-json\/wp\/v2\/categories?post=115415"},{"taxonomy":"post_tag","embeddable":true,"href":"https:\/\/www.europesays.com\/lv\/wp-json\/wp\/v2\/tags?post=115415"}],"curies":[{"name":"wp","href":"https:\/\/api.w.org\/{rel}","templated":true}]}}