{"id":115417,"date":"2026-01-28T05:14:08","date_gmt":"2026-01-28T05:14:08","guid":{"rendered":"https:\/\/www.europesays.com\/lv\/115417\/"},"modified":"2026-01-28T05:14:08","modified_gmt":"2026-01-28T05:14:08","slug":"saldus-apkartne-ipasi-apgrutinati-brauksanas-apstakli-dienas-bizness","status":"publish","type":"post","link":"https:\/\/www.europesays.com\/lv\/115417\/","title":{"rendered":"Saldus apk\u0101rtn\u0113 \u012bpa\u0161i apgr\u016btin\u0101ti brauk\u0161anas apst\u0101k\u013ci :: Dienas Bizness"},"content":{"rendered":"<p class=\"text-font font-size--text-xlarge margin-3--bottom font-weight--bold padding-1--top\">\u0160or\u012bt apgr\u016btin\u0101ti brauk\u0161anas apst\u0101k\u013ci ir teju vis\u0101 Latvij\u0101, bet Saldus apk\u0101rtn\u0113 tie pat ir \u012bpa\u0161i apgr\u016btin\u0101ti, inform\u0113 &#8220;Latvijas valsts ce\u013ci&#8221;.<\/p>\n<p class=\"text-font font-size--text-xlarge margin-3--bottom\">P\u0113c stipr\u0101s snig\u0161anas Saldus apk\u0101rtn\u0113 \u012bpa\u0161i apgr\u016btin\u0101ti brauk\u0161anas apst\u0101k\u013ci izveidoju\u0161ies Liep\u0101jas \u0161osejas posm\u0101 no Mazbl\u012bdenes l\u012bdz Ciecerei un Kuld\u012bgas &#8211; Saldus \u0161osejas posm\u0101 Saldus novada teritorij\u0101.<\/p>\n<p class=\"text-font font-size--text-xlarge margin-3--bottom\">Savuk\u0101rt apgr\u016btin\u0101ti brauk\u0161anas apst\u0101k\u013ci tre\u0161dienas r\u012bt\u0101 ir pa Tallinas \u0161oseju, Vidzemes \u0161osejas posm\u0101 no R\u012bgas l\u012bdz Vanga\u017eiem, Valmieras \u0161osejas posm\u0101 no Murj\u0101\u0146iem l\u012bdz Braslas tiltam, pa R\u012bgas apvedce\u013cu, Ventspils \u0161osejas posm\u0101 no R\u012bgas l\u012bdz Usmai, pa Bauskas, Jelgavas un Liep\u0101jas \u0161osej\u0101m, k\u0101 ar\u012b pa ce\u013cu Liep\u0101ja- Rucava.<\/p>\n<p class=\"text-font font-size--text-xlarge margin-3--bottom\">T\u0101pat apgr\u016btin\u0101ti brauk\u0161anas apst\u0101k\u013ci ir pa Daugavpils \u0161oseju vis\u0101 t\u0101s garum\u0101, pa Kokneses \u0161oseju, pa R\u0113zeknes \u0161oseju, pa ce\u013cu Greb\u0146eva &#8211; R\u0113zekne &#8211; Daugavpils &#8211; Lietuvas robe\u017ea, k\u0101 ar\u012b pa Daugavpils un R\u0113zeknes apvedce\u013ciem.<\/p>\n<p class=\"text-font font-size--text-xlarge margin-3--bottom\">Pa re\u0123ion\u0101lajiem autoce\u013ciem apgr\u016btin\u0101ta brauk\u0161ana ir vis\u0101 Latvij\u0101, iz\u0146emot Valmieras, C\u0113su, Valkas, Al\u016bksnes un Limba\u017eu apk\u0101rtnes.<\/p>\n<p class=\"text-font font-size--text-xlarge margin-3--bottom\">Ar\u012b R\u012bgas ielas agr\u0101s r\u012bta stund\u0101s bija t\u0101 piesniegu\u0161as, ka pat Br\u012bv\u012bbas iel\u0101 bija gr\u016bti iz\u0161\u0137irt transporta kust\u012bbas joslas.<\/p>\n<p class=\"text-font font-size--text-xlarge margin-3--bottom\">Ce\u013cu uztur\u0113t\u0101ji aicina pl\u0101not papildu laiku ce\u013cam un r\u0113\u0137in\u0101ties, ka maz\u0101ks noz\u012bmes autoce\u013ci patlaban var b\u016bt gr\u016bti izbraucami. Lai uzlabotu brauk\u0161anas apst\u0101k\u013cus, ce\u013cu uztur\u0113\u0161anas darbos iesaist\u012btas 134 ziemas dienesta tehnikas vien\u012bbas.<\/p>\n","protected":false},"excerpt":{"rendered":"\u0160or\u012bt apgr\u016btin\u0101ti brauk\u0161anas apst\u0101k\u013ci ir teju vis\u0101 Latvij\u0101, bet Saldus apk\u0101rtn\u0113 tie pat ir \u012bpa\u0161i apgr\u016btin\u0101ti, inform\u0113 &#8220;Latvijas&hellip;\n","protected":false},"author":2,"featured_media":115418,"comment_status":"","ping_status":"","sticky":false,"template":"","format":"standard","meta":{"footnotes":""},"categories":[5],"tags":[23,869,77,870,28,29,867,32,33,22,30,31,35,39,38,36,37,34,871,868,40,20,26,27,24,25,21],"class_list":{"0":"post-115417","1":"post","2":"type-post","3":"status-publish","4":"format-standard","5":"has-post-thumbnail","7":"category-aktualitates","8":"tag-aktualitates","9":"tag-biznesa-zinas","10":"tag-bizness","11":"tag-bizness-latvija","12":"tag-breaking-news","13":"tag-breakingnews","14":"tag-dienas-zinas","15":"tag-featured-news","16":"tag-featurednews","17":"tag-headlines","18":"tag-latest-news","19":"tag-latestnews","20":"tag-latvia","21":"tag-latvian","22":"tag-latviesu","23":"tag-latviesu-valoda","24":"tag-latviesuvaloda","25":"tag-latvija","26":"tag-latvijas-biznesa-zinas","27":"tag-latvijas-zinas","28":"tag-lv","29":"tag-news","30":"tag-popularakas-zinas","31":"tag-popularakaszinas","32":"tag-top-stories","33":"tag-topstories","34":"tag-zinas"},"share_on_mastodon":{"url":"https:\/\/pubeurope.com\/@lv\/115971022050935051","error":""},"_links":{"self":[{"href":"https:\/\/www.europesays.com\/lv\/wp-json\/wp\/v2\/posts\/115417","targetHints":{"allow":["GET"]}}],"collection":[{"href":"https:\/\/www.europesays.com\/lv\/wp-json\/wp\/v2\/posts"}],"about":[{"href":"https:\/\/www.europesays.com\/lv\/wp-json\/wp\/v2\/types\/post"}],"author":[{"embeddable":true,"href":"https:\/\/www.europesays.com\/lv\/wp-json\/wp\/v2\/users\/2"}],"replies":[{"embeddable":true,"href":"https:\/\/www.europesays.com\/lv\/wp-json\/wp\/v2\/comments?post=115417"}],"version-history":[{"count":0,"href":"https:\/\/www.europesays.com\/lv\/wp-json\/wp\/v2\/posts\/115417\/revisions"}],"wp:featuredmedia":[{"embeddable":true,"href":"https:\/\/www.europesays.com\/lv\/wp-json\/wp\/v2\/media\/115418"}],"wp:attachment":[{"href":"https:\/\/www.europesays.com\/lv\/wp-json\/wp\/v2\/media?parent=115417"}],"wp:term":[{"taxonomy":"category","embeddable":true,"href":"https:\/\/www.europesays.com\/lv\/wp-json\/wp\/v2\/categories?post=115417"},{"taxonomy":"post_tag","embeddable":true,"href":"https:\/\/www.europesays.com\/lv\/wp-json\/wp\/v2\/tags?post=115417"}],"curies":[{"name":"wp","href":"https:\/\/api.w.org\/{rel}","templated":true}]}}