{"id":115421,"date":"2026-01-28T05:20:09","date_gmt":"2026-01-28T05:20:09","guid":{"rendered":"https:\/\/www.europesays.com\/lv\/115421\/"},"modified":"2026-01-28T05:20:09","modified_gmt":"2026-01-28T05:20:09","slug":"tuvojas-bargs-sals-ko-darit-lai-nakamaja-diena-varetu-savu-automasinu-pielaist","status":"publish","type":"post","link":"https:\/\/www.europesays.com\/lv\/115421\/","title":{"rendered":"Tuvojas bargs sals \u2013 ko dar\u012bt, lai n\u0101kamaj\u0101 dien\u0101 var\u0113tu savu automa\u0161\u012bnu &#8220;pielaist&#8221;?"},"content":{"rendered":"<p>\u0160aj\u0101 ned\u0113\u013cas nogal\u0113 un n\u0101kam\u0101s ned\u0113\u013cas s\u0101kum\u0101 Latvij\u0101 gaid\u0101ms liel\u0101kais sals \u0161aj\u0101 ziem\u0101. Tas var sag\u0101d\u0101t pamat\u012bgas galvass\u0101pes autovad\u012bt\u0101jiem, t\u0101p\u0113c apkopoj\u0101m da\u017eus v\u0113rt\u012bgus padomus, lai savu sp\u0113kratu sagatavotu salam un brauk\u0161ana b\u016btu dro\u0161a!<\/p>\n<p>Jo zem\u0101ka \u0101ra temperat\u016bra un gar\u0101ka ned\u0113\u013cas nogale, jo vair\u0101k probl\u0113mu transportl\u012bdzek\u013cu \u012bpa\u0161niekiem. <a href=\"https:\/\/www.tvnet.lv\/term\/558111\/sals\" class=\"topicLink\" target=\"_blank\" rel=\"nofollow noopener\">Sals<\/a> ietekm\u0113 ne tikai brauk\u0161anas, bet ar\u012b transportl\u012bdzek\u013ca motora un elektronikas kvalit\u0101ti.<\/p>\n","protected":false},"excerpt":{"rendered":"\u0160aj\u0101 ned\u0113\u013cas nogal\u0113 un n\u0101kam\u0101s ned\u0113\u013cas s\u0101kum\u0101 Latvij\u0101 gaid\u0101ms liel\u0101kais sals \u0161aj\u0101 ziem\u0101. Tas var sag\u0101d\u0101t pamat\u012bgas galvass\u0101pes&hellip;\n","protected":false},"author":2,"featured_media":115422,"comment_status":"","ping_status":"","sticky":false,"template":"","format":"standard","meta":{"footnotes":""},"categories":[5],"tags":[5869,23,1494,28,29,32,33,22,30,31,35,39,38,36,37,34,14455,40,20,26,27,16895,24,25,6074,21],"class_list":{"0":"post-115421","1":"post","2":"type-post","3":"status-publish","4":"format-standard","5":"has-post-thumbnail","7":"category-aktualitates","8":"tag-ziema","9":"tag-aktualitates","10":"tag-automasinas","11":"tag-breaking-news","12":"tag-breakingnews","13":"tag-featured-news","14":"tag-featurednews","15":"tag-headlines","16":"tag-latest-news","17":"tag-latestnews","18":"tag-latvia","19":"tag-latvian","20":"tag-latviesu","21":"tag-latviesu-valoda","22":"tag-latviesuvaloda","23":"tag-latvija","24":"tag-lietotas-automasinas","25":"tag-lv","26":"tag-news","27":"tag-popularakas-zinas","28":"tag-popularakaszinas","29":"tag-sals","30":"tag-top-stories","31":"tag-topstories","32":"tag-tvnet-auto","33":"tag-zinas"},"share_on_mastodon":{"url":"https:\/\/pubeurope.com\/@lv\/115971045636828604","error":""},"_links":{"self":[{"href":"https:\/\/www.europesays.com\/lv\/wp-json\/wp\/v2\/posts\/115421","targetHints":{"allow":["GET"]}}],"collection":[{"href":"https:\/\/www.europesays.com\/lv\/wp-json\/wp\/v2\/posts"}],"about":[{"href":"https:\/\/www.europesays.com\/lv\/wp-json\/wp\/v2\/types\/post"}],"author":[{"embeddable":true,"href":"https:\/\/www.europesays.com\/lv\/wp-json\/wp\/v2\/users\/2"}],"replies":[{"embeddable":true,"href":"https:\/\/www.europesays.com\/lv\/wp-json\/wp\/v2\/comments?post=115421"}],"version-history":[{"count":0,"href":"https:\/\/www.europesays.com\/lv\/wp-json\/wp\/v2\/posts\/115421\/revisions"}],"wp:featuredmedia":[{"embeddable":true,"href":"https:\/\/www.europesays.com\/lv\/wp-json\/wp\/v2\/media\/115422"}],"wp:attachment":[{"href":"https:\/\/www.europesays.com\/lv\/wp-json\/wp\/v2\/media?parent=115421"}],"wp:term":[{"taxonomy":"category","embeddable":true,"href":"https:\/\/www.europesays.com\/lv\/wp-json\/wp\/v2\/categories?post=115421"},{"taxonomy":"post_tag","embeddable":true,"href":"https:\/\/www.europesays.com\/lv\/wp-json\/wp\/v2\/tags?post=115421"}],"curies":[{"name":"wp","href":"https:\/\/api.w.org\/{rel}","templated":true}]}}