{"id":115424,"date":"2026-01-28T05:26:05","date_gmt":"2026-01-28T05:26:05","guid":{"rendered":"https:\/\/www.europesays.com\/lv\/115424\/"},"modified":"2026-01-28T05:26:05","modified_gmt":"2026-01-28T05:26:05","slug":"tresdien-specigak-snigs-latgale-selija-un-zemgales-dienvidos-tvnet-laika-zinas","status":"publish","type":"post","link":"https:\/\/www.europesays.com\/lv\/115424\/","title":{"rendered":"Tre\u0161dien sp\u0113c\u012bg\u0101k snigs Latgal\u0113, S\u0113lij\u0101 un Zemgales dienvidos &#8211; TVNET &#8211; Laika zi\u0146as"},"content":{"rendered":"<ol>\n<li><a href=\"https:\/\/news.google.com\/rss\/articles\/CBMimAFBVV95cUxQR0FZelhKTzBVN19XUHJCckx4WGNIeGs5aHc0NU15ZS1XREZrR3RKeUtKREswU09WMDZUNGgxTWdOaXFHOUdfSHEzczlkT2JSVXhJRVFwWHRQQjE1V19rZWVtem44X2ZIRmJEQmxraDdYNGRmOWxxcmdlbTFUUmRkdW12clQyUU0zbUk5UWYzOVFfNE5aZGJVbQ?oc=5\" target=\"_blank\" rel=\"nofollow noopener\">Tre\u0161dien sp\u0113c\u012bg\u0101k snigs Latgal\u0113, S\u0113lij\u0101 un Zemgales dienvidos<\/a>&nbsp;&nbsp;TVNET &#8211; Laika zi\u0146as<\/li>\n<li><a href=\"https:\/\/news.google.com\/rss\/articles\/CBMi6wFBVV95cUxQZU9fYk5Qd1hkSlRDN3NIOVpDRTJSemIxTDhoMldYOHRtazJBeUF3ZnZqV2h4bmZQbG9CUFlma1F5MXVDcUh5ZGhXUjFnTTd6dExBSV9JWm9xeHBaVEgzaGRDQnFrdmRldXVWcW1jbWNDLTlCVWUzZkVhYWd4dkJOdV90SHllNmJWTUpDTFpYRDA5UzlPYzlDX2hINmF0V1BQUElaM2dMWndmMl90NzEzWkpBTG5wSGFhSGNHVTZfZXgteU13SmNYUmxDY0dmWmNYcFFwOTJFX1YzWEkzMnBwUTNlbE4zTjNNelNv?oc=5\" target=\"_blank\" rel=\"nofollow noopener\">Dzeltenais br\u012bdin\u0101jums \u2013 Latvijas dienvidu da\u013c\u0101 stipri putin\u0101s; LVC aicina pl\u0101not papildu laiku ce\u013c\u0101<\/a>&nbsp;&nbsp;Delfi<\/li>\n<li><a href=\"https:\/\/news.google.com\/rss\/articles\/CBMimwFBVV95cUxPeDdJNU1sZ1RDcEpDbGdCNDc0UENLYXRuUU1fbWJid1JrWEN6bGNwVW9BQUloZFQ3M0wzc1owZW5iUmh4TTZwekJ1aVZmbW9DSDBwcVB0OFVBRG85bGQ5VUwyamVVMkxxajg0UGJpT1A1elYzRFlCTXd1dDdCSUhZdnVxODZWdzl3eFNHZlZlbHdQRVg0NkhzNFpjbw?oc=5\" target=\"_blank\" rel=\"nofollow noopener\">Tre\u0161dienas r\u012bt\u0101 autovad\u012bt\u0101jiem j\u0101iepl\u0101no papildus brauk\u0161anas laiks<\/a>&nbsp;&nbsp;TVNET<\/li>\n<li><a href=\"https:\/\/news.google.com\/rss\/articles\/CBMicEFVX3lxTFBoZ1lNa2IwczhXTHMzYy05VklqMHhobEExaTUzNTZaZ1RQVklZNzBZREpwNUdoTzdEcHJpdGZBNmNtTkxZMDAyLXd3TkVEU3o3YjkyZ3pFWGRNMmk3djNzVUd6VHdxMm1vZE40NzlXaUo?oc=5\" target=\"_blank\" rel=\"nofollow noopener\">Izsludin\u0101ts dzelten\u0101 l\u012bme\u0146a br\u012bdin\u0101jums: gaid\u0101ma stipra snig\u0161ana un putenis<\/a>&nbsp;&nbsp;NRA<\/li>\n<li><a href=\"https:\/\/news.google.com\/rss\/articles\/CBMilAFBVV95cUxOQW1sSmdBZW5UOGtLWlp6SW1HaGJvNjB1REVFbzY0Qlg3X0RNTFRITVB0T0drRl9XQWhqTm9QX3k5Ry1yZ1hNZGhiT2JUTVhpQm9YblZydmt0R19JQXFvM0lWV05fbWdIRGNHWXBTTFFxQThZSUxwaWNabEtfeTdvcVdDejJFcVVYdEJPOV80Z0tLbEZC?oc=5\" target=\"_blank\" rel=\"nofollow noopener\">Ned\u0113\u013cas pirmaj\u0101 pus\u0113 viet\u0101m var uzsnigt 20 centimetri sniega<\/a>&nbsp;&nbsp;Apollo.lv<\/li>\n<\/ol>\n","protected":false},"excerpt":{"rendered":"Tre\u0161dien sp\u0113c\u012bg\u0101k snigs Latgal\u0113, S\u0113lij\u0101 un Zemgales dienvidos&nbsp;&nbsp;TVNET &#8211; Laika zi\u0146as Dzeltenais br\u012bdin\u0101jums \u2013 Latvijas dienvidu da\u013c\u0101 stipri&hellip;\n","protected":false},"author":2,"featured_media":115425,"comment_status":"","ping_status":"","sticky":false,"template":"","format":"standard","meta":{"footnotes":""},"categories":[5],"tags":[5869,23,28,29,32,33,22,396,397,30,31,35,39,38,36,37,34,40,20,26,27,24,25,21],"class_list":{"0":"post-115424","1":"post","2":"type-post","3":"status-publish","4":"format-standard","5":"has-post-thumbnail","7":"category-aktualitates","8":"tag-ziema","9":"tag-aktualitates","10":"tag-breaking-news","11":"tag-breakingnews","12":"tag-featured-news","13":"tag-featurednews","14":"tag-headlines","15":"tag-laika-zinas","16":"tag-laikapstakli","17":"tag-latest-news","18":"tag-latestnews","19":"tag-latvia","20":"tag-latvian","21":"tag-latviesu","22":"tag-latviesu-valoda","23":"tag-latviesuvaloda","24":"tag-latvija","25":"tag-lv","26":"tag-news","27":"tag-popularakas-zinas","28":"tag-popularakaszinas","29":"tag-top-stories","30":"tag-topstories","31":"tag-zinas"},"share_on_mastodon":{"url":"https:\/\/pubeurope.com\/@lv\/115971069216198223","error":""},"_links":{"self":[{"href":"https:\/\/www.europesays.com\/lv\/wp-json\/wp\/v2\/posts\/115424","targetHints":{"allow":["GET"]}}],"collection":[{"href":"https:\/\/www.europesays.com\/lv\/wp-json\/wp\/v2\/posts"}],"about":[{"href":"https:\/\/www.europesays.com\/lv\/wp-json\/wp\/v2\/types\/post"}],"author":[{"embeddable":true,"href":"https:\/\/www.europesays.com\/lv\/wp-json\/wp\/v2\/users\/2"}],"replies":[{"embeddable":true,"href":"https:\/\/www.europesays.com\/lv\/wp-json\/wp\/v2\/comments?post=115424"}],"version-history":[{"count":0,"href":"https:\/\/www.europesays.com\/lv\/wp-json\/wp\/v2\/posts\/115424\/revisions"}],"wp:featuredmedia":[{"embeddable":true,"href":"https:\/\/www.europesays.com\/lv\/wp-json\/wp\/v2\/media\/115425"}],"wp:attachment":[{"href":"https:\/\/www.europesays.com\/lv\/wp-json\/wp\/v2\/media?parent=115424"}],"wp:term":[{"taxonomy":"category","embeddable":true,"href":"https:\/\/www.europesays.com\/lv\/wp-json\/wp\/v2\/categories?post=115424"},{"taxonomy":"post_tag","embeddable":true,"href":"https:\/\/www.europesays.com\/lv\/wp-json\/wp\/v2\/tags?post=115424"}],"curies":[{"name":"wp","href":"https:\/\/api.w.org\/{rel}","templated":true}]}}