{"id":115444,"date":"2026-01-28T05:54:07","date_gmt":"2026-01-28T05:54:07","guid":{"rendered":"https:\/\/www.europesays.com\/lv\/115444\/"},"modified":"2026-01-28T05:54:07","modified_gmt":"2026-01-28T05:54:07","slug":"foto-%e2%9f%a9-liela-dala-kijivas-ziemas-spelgoni-palikusi-bez-elektroapgades-tvnet","status":"publish","type":"post","link":"https:\/\/www.europesays.com\/lv\/115444\/","title":{"rendered":"FOTO \u27e9 Liela da\u013ca Kijivas ziemas spelgon\u012b palikusi bez elektroapg\u0101des &#8211; TVNET"},"content":{"rendered":"<ol>\n<li><a href=\"https:\/\/news.google.com\/rss\/articles\/CBMinAFBVV95cUxOUVRxZ0dwcmpmUnlFbzhUNWtGMi1VZ3h2QVNuemZocXZ1bDhNb1haU0FXYXhES0pvLUhvR3ZiQkxPNzlicm10blBNbWdTNGoydThJaXR1VlcwX2gwLWc5VkZnekoydkhUMlpaZlpHSTJLY3d0cTlWTXUtOEZDSkZkNUJGbzk4aXJpbjRDakp0RHpPTDI5YUk1bk1kQ3M?oc=5\" target=\"_blank\" rel=\"nofollow noopener\">FOTO \u27e9 Liela da\u013ca Kijivas ziemas spelgon\u012b palikusi bez elektroapg\u0101des<\/a>&nbsp;&nbsp;TVNET<\/li>\n<li><a href=\"https:\/\/news.google.com\/rss\/articles\/CBMi-gFBVV95cUxOQ2tpTTdNRW1xMXlzdkFESGtJelh5SU45bkNNNUdVS1hzcFA4WUYwdmhucGFYX3hfUjJ1NVdPdFVFVFdTajMtcEdNUGNvMGZqLTVtOVloU2ltZWxmR3Nua3NJZkc1b0hKVlZncnRJOHNVeXpMOEs4ZHQtOW5wN3dreHhJVDk1RTktLVhSOFNHU1F1UlRJTWhicHRrY1RDTUlfeXVSVFpVSERqOHhJdlpEbDBvclo0N1c5V1dUZXhSdzJxX3luVTctdzRQbW5KNnhKbmxTbWtMLTV3V0x0bG50U3NTMi1sVGxvNFo4ME90dGE0VllsMTNSTmVR?oc=5\" target=\"_blank\" rel=\"nofollow noopener\">Krievijas dronu triecien\u0101 Odes\u0101 nogalin\u0101ti tr\u012bs cilv\u0113ki; vair\u0101k\u0101s viet\u0101s Ukrain\u0101 trauc\u0113ta elektr\u012bbas padeve<\/a>&nbsp;&nbsp;LSM<\/li>\n<li><a href=\"https:\/\/news.google.com\/rss\/articles\/CBMiqwFBVV95cUxQT3JldnVZdE80VDFob3RIWmx3Szd6dzQ1aGEwd2ppSnMxSGlUSVJITmlpMjB3ZlI3YzhZbUVmZTNsQTMtVS03X3ZJXzBJeHkxZ2ZBMG9CaWR2U2hSemdNaHNlQmZIaE55dVY4ZDZvdkdnQnBfUG1zUzF1Rm45U3RmbFFMd01ZNWE2d2JFaUpYdVRfSGZwTmFaSjh5NVpUNExRS1NEcmV6SG5NMVk?oc=5\" target=\"_blank\" rel=\"nofollow noopener\">Okupantu uzbrukumu rezult\u0101t\u0101 80% Harkivas apgabala paliku\u0161i bez elektroapg\u0101des<\/a>&nbsp;&nbsp;Apollo.lv<\/li>\n<li><a href=\"https:\/\/news.google.com\/rss\/articles\/CBMiugFBVV95cUxOWk1FWkQ1QW8yZUpNcE1MTlpFOEJlUW1XbmliR1dPS3M2WWxHaHF4THlFNGZiaFV4Y2RleVFDdjByMmVQOC1OM3RQRlQyZ2lqeTludWtiRERaUWg5c01yZGRqZHdIRkhmOUtjeHBDc1VRLU40T18xTjlGZ0Voc0RCM0Qxd0ZsUVczWkxyZlE0MThmMFdSdFFURXJmVkVqQ1MzZ2pkT0s2VEtzWGRzdWdlYjA2Uk12dlJJTEE?oc=5\" target=\"_blank\" rel=\"nofollow noopener\">&#8220;Tas ir labi!&#8221; Krievijas jaun\u0101kais uzbrukums Ukrainai ir atkl\u0101jis t\u0101s v\u0101j\u0101s vietas<\/a>&nbsp;&nbsp;Jauns.lv<\/li>\n<li><a href=\"https:\/\/news.google.com\/rss\/articles\/CBMijwFBVV95cUxPWFl4TUg4UnF2UC1DUFpxRXh6SmhPd2lGX1dlbFJiZmh0ZjlzNnZWSkhBeEVHM1dMa0tpVE96cUo1VVZmUlk5a3liUUZqanFaVDlZakhPZk1KR3BLZG1JcldOa1M0bTNIX01EelZoYXp0UGlkcm5ZUEI3WGV4alNHNTJCVmhDS1VYaFVuTl9GMA?oc=5\" target=\"_blank\" rel=\"nofollow noopener\">Ukrainas pils\u0113tas aicina ziedot energoapr\u012bkojumu<\/a>&nbsp;&nbsp;European Committee of the Regions<\/li>\n<\/ol>\n","protected":false},"excerpt":{"rendered":"FOTO \u27e9 Liela da\u013ca Kijivas ziemas spelgon\u012b palikusi bez elektroapg\u0101des&nbsp;&nbsp;TVNET Krievijas dronu triecien\u0101 Odes\u0101 nogalin\u0101ti tr\u012bs cilv\u0113ki; vair\u0101k\u0101s&hellip;\n","protected":false},"author":2,"featured_media":115445,"comment_status":"","ping_status":"","sticky":false,"template":"","format":"standard","meta":{"footnotes":""},"categories":[14],"tags":[23,57,3700,28,29,32,33,22,234,74,30,31,35,39,38,36,37,34,40,20,26,27,24,25,276,54,55,56,21,58],"class_list":{"0":"post-115444","1":"post","2":"type-post","3":"status-publish","4":"format-standard","5":"has-post-thumbnail","7":"category-zinas-no-arvalstim","8":"tag-aktualitates","9":"tag-arvalstim","10":"tag-autoritarisma-ena-par-eiropu","11":"tag-breaking-news","12":"tag-breakingnews","13":"tag-featured-news","14":"tag-featurednews","15":"tag-headlines","16":"tag-krievija","17":"tag-krievijas-iebrukums-ukraina","18":"tag-latest-news","19":"tag-latestnews","20":"tag-latvia","21":"tag-latvian","22":"tag-latviesu","23":"tag-latviesu-valoda","24":"tag-latviesuvaloda","25":"tag-latvija","26":"tag-lv","27":"tag-news","28":"tag-popularakas-zinas","29":"tag-popularakaszinas","30":"tag-top-stories","31":"tag-topstories","32":"tag-ukraina","33":"tag-world","34":"tag-world-news","35":"tag-worldnews","36":"tag-zinas","37":"tag-zinas-no-arvalstim"},"share_on_mastodon":{"url":"https:\/\/pubeurope.com\/@lv\/115971179348798843","error":""},"_links":{"self":[{"href":"https:\/\/www.europesays.com\/lv\/wp-json\/wp\/v2\/posts\/115444","targetHints":{"allow":["GET"]}}],"collection":[{"href":"https:\/\/www.europesays.com\/lv\/wp-json\/wp\/v2\/posts"}],"about":[{"href":"https:\/\/www.europesays.com\/lv\/wp-json\/wp\/v2\/types\/post"}],"author":[{"embeddable":true,"href":"https:\/\/www.europesays.com\/lv\/wp-json\/wp\/v2\/users\/2"}],"replies":[{"embeddable":true,"href":"https:\/\/www.europesays.com\/lv\/wp-json\/wp\/v2\/comments?post=115444"}],"version-history":[{"count":0,"href":"https:\/\/www.europesays.com\/lv\/wp-json\/wp\/v2\/posts\/115444\/revisions"}],"wp:featuredmedia":[{"embeddable":true,"href":"https:\/\/www.europesays.com\/lv\/wp-json\/wp\/v2\/media\/115445"}],"wp:attachment":[{"href":"https:\/\/www.europesays.com\/lv\/wp-json\/wp\/v2\/media?parent=115444"}],"wp:term":[{"taxonomy":"category","embeddable":true,"href":"https:\/\/www.europesays.com\/lv\/wp-json\/wp\/v2\/categories?post=115444"},{"taxonomy":"post_tag","embeddable":true,"href":"https:\/\/www.europesays.com\/lv\/wp-json\/wp\/v2\/tags?post=115444"}],"curies":[{"name":"wp","href":"https:\/\/api.w.org\/{rel}","templated":true}]}}