{"id":115452,"date":"2026-01-28T06:01:07","date_gmt":"2026-01-28T06:01:07","guid":{"rendered":"https:\/\/www.europesays.com\/lv\/115452\/"},"modified":"2026-01-28T06:01:07","modified_gmt":"2026-01-28T06:01:07","slug":"cesu-alus-vaditaja-valmiermuizas-alus-ir-veiksmes-stasts-un-mums-ir-atbildiba-to-turpinat-tvnet","status":"publish","type":"post","link":"https:\/\/www.europesays.com\/lv\/115452\/","title":{"rendered":"&quot;C\u0113su alus&quot; vad\u012bt\u0101ja: &quot;Valmiermui\u017eas alus&quot; ir veiksmes st\u0101sts un mums ir atbild\u012bba to turpin\u0101t &#8211; TVNET"},"content":{"rendered":"<ol>\n<li><a href=\"https:\/\/news.google.com\/rss\/articles\/CBMiugFBVV95cUxNSlU1QmxSZmtfS0NvTnJ1TDRPeXVPbVd1UHNKWjN0Zm9DZmNzYXpmVVJ5bE9ibXd0RUZhNVFJTElDWlFuZEtZZGlLQ3pSRmZiNGVVaEFuaS1JNXR0NnNBWHQ1ejlTZ2QySE9GTUhCYTgxNGU4LUFYbmJndF91M1cxeFdoVWtjeWVUTml6YmcwaHM5eWhaazJrTllncmtKeUVoNEIyaGozU2tiSzloOGhiSVlOYW5IM012Q1E?oc=5\" target=\"_blank\" rel=\"nofollow noopener\">&#8220;C\u0113su alus&#8221; vad\u012bt\u0101ja: &#8220;Valmiermui\u017eas alus&#8221; ir veiksmes st\u0101sts un mums ir atbild\u012bba to turpin\u0101t<\/a>&nbsp;&nbsp;TVNET<\/li>\n<li><a href=\"https:\/\/news.google.com\/rss\/articles\/CBMiyAFBVV95cUxPd2VpT2hXblZmQmZVcmw4TEY5VWhnWFQ2eHFsMndBXzBYOXZaeFJ2OUJtaTdYYzNYWUxWNG1FWDZ6VXMtV0FRX01hRmlOU2F4eG05ZDJ5cnhWWUxYaXhaVjBRQ0E5aHpZUkE0ZXU1QjYwM2twOUVvUk56Y2hHWDVTZ283ZzhsVGIzbmRjMmREMUlaanYzWTVmVWNRX0VXR3Z4T1ZTcnRjZE45UURVb0FsRjBPWHF0VWo3N05DWUJzWkF3cHpBdzItVQ?oc=5\" target=\"_blank\" rel=\"nofollow noopener\">Amatu atst\u0101jis l\u012bdz\u0161in\u0113jais \u00abValmiermui\u017eas alus\u00bb l\u012bdz\u012bpa\u0161nieks Ru\u0146\u0123is \/ Raksts<\/a>&nbsp;&nbsp;LSM<\/li>\n<li><a href=\"https:\/\/news.google.com\/rss\/articles\/CBMipAFBVV95cUxPTE9WR3FncEZSbWYwOGdJVm9fXzBJZWR5RU85UVNwcFQ4dER0TkJidWpybW5tcUk5aU83MEM0NkVSRW1HNG5xV2JPTzRJRV9tWU9hd2c4bk9IeTUwSTNGTGlGVWkxSVJoSmRDZG1oR2Q1VFpFd3hQOGtnZGVwWkpRT3ROZU5DR0hKTEVmTk1nRnZILWRLNlp2NTB1ejhQVjB0ZnFObw?oc=5\" target=\"_blank\" rel=\"nofollow noopener\">\u0112ras beigas: Valmiermui\u017eas alus \u0161efam p\u0113d\u0113j\u0101 darbadiena<\/a>&nbsp;&nbsp;Santa.lv<\/li>\n<li><a href=\"https:\/\/news.google.com\/rss\/articles\/CBMisAFBVV95cUxObUFYZHkydkpZSHpJaUZrbExTUkkxajI4LVVZaWh0aHlrUW5FY2FzbWR2bGs1YkRxYkNxUHBLVUpLYmFka0hXYk40SjZMTm1zbEIwRTUzUllfOXJJSlAxLXZlMllYMTBKM01CQXBJN0wxZ0lNc3c4QUFzR1NldTdISy16Yi1GcllKMklJTHY2VndfS0VWZ3EyRXl0dWF0WDBDOHcxLS1zbnFraXktdTE4Yg?oc=5\" target=\"_blank\" rel=\"nofollow noopener\">\u201cValmiermui\u017ea bija mana sirdsvieta\u2026\u201d Ru\u0146\u0123is pazi\u0146o par p\u0113d\u0113jo darba dienu dar\u012btav\u0101<\/a>&nbsp;&nbsp;tv3.lv<\/li>\n<li><a href=\"https:\/\/news.google.com\/rss\/articles\/CBMikAFBVV95cUxPeW4wTEwtbDJuQkxLcXh0ZWdQNGVPWTQ5Z3IxUWQwbVU5bnI0UGJ3SGpQMEI1eHp0ZEo0dTNLbnNWZUtDYWZvQ2RfQWg3aHBUbkM3ajg5YjcxeWRwcGIySmJhTHBMVk1XZ2J3SVUxamJRNFZLZVZic2J0N2VtUTN6T1djVzdkTFVGWlBHbllMUms?oc=5\" target=\"_blank\" rel=\"nofollow noopener\">Aigars Ru\u0146\u0123is p\u0101rtrauc darbu Valmiermui\u017eas alus dar\u012btav\u0101<\/a>&nbsp;&nbsp;Dienas Bizness<\/li>\n<\/ol>\n","protected":false},"excerpt":{"rendered":"&#8220;C\u0113su alus&#8221; vad\u012bt\u0101ja: &#8220;Valmiermui\u017eas alus&#8221; ir veiksmes st\u0101sts un mums ir atbild\u012bba to turpin\u0101t&nbsp;&nbsp;TVNET Amatu atst\u0101jis l\u012bdz\u0161in\u0113jais \u00abValmiermui\u017eas&hellip;\n","protected":false},"author":2,"featured_media":115453,"comment_status":"","ping_status":"","sticky":false,"template":"","format":"standard","meta":{"footnotes":""},"categories":[12],"tags":[23,28,29,9043,32,33,22,667,30,31,35,39,38,36,37,34,40,20,26,27,24,25,3149,9044,21],"class_list":{"0":"post-115452","1":"post","2":"type-post","3":"status-publish","4":"format-standard","5":"has-post-thumbnail","7":"category-latvija","8":"tag-aktualitates","9":"tag-breaking-news","10":"tag-breakingnews","11":"tag-cesu-alus","12":"tag-featured-news","13":"tag-featurednews","14":"tag-headlines","15":"tag-konkurences-padome","16":"tag-latest-news","17":"tag-latestnews","18":"tag-latvia","19":"tag-latvian","20":"tag-latviesu","21":"tag-latviesu-valoda","22":"tag-latviesuvaloda","23":"tag-latvija","24":"tag-lv","25":"tag-news","26":"tag-popularakas-zinas","27":"tag-popularakaszinas","28":"tag-top-stories","29":"tag-topstories","30":"tag-tvnet-bizness","31":"tag-valmiermuizas-alus","32":"tag-zinas"},"share_on_mastodon":{"url":"https:\/\/pubeurope.com\/@lv\/115971206850388885","error":""},"_links":{"self":[{"href":"https:\/\/www.europesays.com\/lv\/wp-json\/wp\/v2\/posts\/115452","targetHints":{"allow":["GET"]}}],"collection":[{"href":"https:\/\/www.europesays.com\/lv\/wp-json\/wp\/v2\/posts"}],"about":[{"href":"https:\/\/www.europesays.com\/lv\/wp-json\/wp\/v2\/types\/post"}],"author":[{"embeddable":true,"href":"https:\/\/www.europesays.com\/lv\/wp-json\/wp\/v2\/users\/2"}],"replies":[{"embeddable":true,"href":"https:\/\/www.europesays.com\/lv\/wp-json\/wp\/v2\/comments?post=115452"}],"version-history":[{"count":0,"href":"https:\/\/www.europesays.com\/lv\/wp-json\/wp\/v2\/posts\/115452\/revisions"}],"wp:featuredmedia":[{"embeddable":true,"href":"https:\/\/www.europesays.com\/lv\/wp-json\/wp\/v2\/media\/115453"}],"wp:attachment":[{"href":"https:\/\/www.europesays.com\/lv\/wp-json\/wp\/v2\/media?parent=115452"}],"wp:term":[{"taxonomy":"category","embeddable":true,"href":"https:\/\/www.europesays.com\/lv\/wp-json\/wp\/v2\/categories?post=115452"},{"taxonomy":"post_tag","embeddable":true,"href":"https:\/\/www.europesays.com\/lv\/wp-json\/wp\/v2\/tags?post=115452"}],"curies":[{"name":"wp","href":"https:\/\/api.w.org\/{rel}","templated":true}]}}