{"id":115487,"date":"2026-01-28T06:32:14","date_gmt":"2026-01-28T06:32:14","guid":{"rendered":"https:\/\/www.europesays.com\/lv\/115487\/"},"modified":"2026-01-28T06:32:14","modified_gmt":"2026-01-28T06:32:14","slug":"eiropai-ir-labs-potencials-klut-par-vienu-no-pasaules-specigajiem-speletajiem-ta-levits","status":"publish","type":"post","link":"https:\/\/www.europesays.com\/lv\/115487\/","title":{"rendered":"Eiropai ir labs potenci\u0101ls k\u013c\u016bt par vienu no pasaules sp\u0113c\u012bgajiem sp\u0113l\u0113t\u0101jiem, t\u0101 Levits &#8211;"},"content":{"rendered":"<p style=\"text-align: justify;\">Eiropai ir labs potenci\u0101ls \u0161aj\u0101 multipol\u0101raj\u0101 pasaul\u0113 k\u013c\u016bt par vienu no sp\u0113c\u012bgajiem sp\u0113l\u0113t\u0101jiem, pirmdien Latvijas \u0100rpolitikas instit\u016bta (L\u0100I) ikgad\u0113j\u0101s \u201cLatvijas \u0101r\u0113j\u0101s un dro\u0161\u012bbas politikas gadagr\u0101matas\u201d prezent\u0101cijas pas\u0101kum\u0101 pauda biju\u0161ais Valsts prezidents Egils Levits.<\/p>\n<p style=\"text-align: justify;\">K\u0101 atzina biju\u0161ais prezidents, ir p\u0101rtraukusi darboties l\u012bdz\u0161in\u0113j\u0101 noteikumos balst\u012bt\u0101 k\u0101rt\u012bba, un pa\u0161laik atrodamies sam\u0113r\u0101 \u012bs\u0101 transform\u0101cijas period\u0101 ce\u013c\u0101 uz multipol\u0101ro k\u0101rt\u012bbu. \u201cJaut\u0101jums ir, vai Eiropa k\u013c\u016bs par vienu no \u0161iem pasaules varas poliem [..] vai ar\u012b Eiropa iz\u0161\u0137\u012bd\u012bs?\u201d vaic\u0101ja Levits.<\/p>\n<p style=\"text-align: justify;\">Vi\u0146\u0161 skaidroja, ka Eiropai j\u0101k\u013c\u016bst par vienu no varas centriem pasaul\u0113, un pa\u0161laik, Levita v\u0113rt\u0113jum\u0101, ir sign\u0101li, ka tas t\u0101 var\u0113tu b\u016bt. Vi\u0146\u0161 gan uzsv\u0113ra, ka tad ir diezgan radik\u0101li j\u0101maina Eiropas \u0101rpolitika.<\/p>\n<p style=\"text-align: justify;\">Levits nor\u0101d\u012bja, ka pa\u0161laik j\u0101run\u0101 par demokr\u0101tijas iztur\u0113tsp\u0113ju brut\u0101l\u0101k\u0101 pasaul\u0113 \u2013 to, vai demokr\u0101tijai nav struktur\u0101las probl\u0113mas st\u0101v\u0113t pret\u012b agres\u012bviem, autokr\u0101tiskiem re\u017e\u012bmiem. Vi\u0146\u0161 nor\u0101d\u012bja, ka demokr\u0101tijas struktur\u0101l\u0101s probl\u0113mas iesp\u0113jams p\u0101rvar\u0113t, ja ir attiec\u012bga politisk\u0101 griba un anal\u012bze.<\/p>\n<p style=\"text-align: justify;\">Levits pauda viedokli, ka Eiropa nav iesaist\u012bta nedz, piem\u0113ram, Ukrainas miera sarun\u0101s, nedz jaut\u0101jum\u0101 par Venecu\u0113lu, bet Eirop\u0101 vair\u0101k ir skat\u012bt\u0101ja lom\u0101.<\/p>\n<blockquote>\n<p style=\"text-align: center;\">\u0160\u012b loma ir j\u0101p\u0101rv\u0113r\u0161 par akt\u012bva sp\u0113l\u0113t\u0101ja lomu, lai Eiropa \u012bstenotu savas intereses, uzsv\u0113ra Levits.<\/p>\n<\/blockquote>\n<p>Latvijas Universit\u0101tes profesore Inna \u0160teinbuka pauda, ka pa\u0161laik Eirop\u0101 dz\u012bvoj\u0101m milz\u012bg\u0101 nenoteikt\u012bb\u0101 ar\u012b ekonomikas jom\u0101, jo gandr\u012bz katrs ASV prezidenta Donalda Trampa pazi\u0146ojums izraisa nestabilit\u0101ti finan\u0161u tirgos, kas \u201cvar\u0113tu beigties slikti\u201d.<\/p>\n<p style=\"text-align: justify;\">Vi\u0146a min\u0113ja, ka Eiropas ekonomika stipri atpaliek gan no ASV, gan \u0136\u012bnas \u2013 gan tehnolo\u0123iju progresa jom\u0101, gan konkur\u0113tsp\u0113jas jom\u0101. T\u0101pat \u201cklibojot\u201d izaugsme, un ar\u012b ener\u0123\u0113tika ir j\u0101att\u012bsta cit\u0101d\u0101k, \u0146emot v\u0113r\u0101 jauno realit\u0101ti, vi\u0146a sprieda.<\/p>\n<p style=\"text-align: justify;\">NATO Strat\u0113\u0123isk\u0101s komunik\u0101cijas izcil\u012bbas centra direktors J\u0101nis S\u0101rts atzina, ka pasaule nebr\u016bk, bet t\u0101 \u013coti strauji main\u0101s. S\u0101rts nor\u0101d\u012bja, ka \u0161ajos apst\u0101k\u013cos ir j\u0101atmet v\u0113lmju dom\u0101\u0161ana, bet j\u0101redz lietas t\u0101das, k\u0101das t\u0101s ir. Vi\u0146\u0161 v\u0113rt\u0113ja, ka \u0161ajos apst\u0101k\u013cos \u013coti b\u016btisks ir milit\u0101rs sp\u0113ks, tehnolo\u0123isk\u0101 inov\u0101cija un ekonomisk\u0101 veiktsp\u0113ja.<\/p>\n<p style=\"text-align: justify;\">T\u0101pat S\u0101rts uzsv\u0113ra, ka pirmk\u0101rt nepiecie\u0161ams nevis s\u0101kum\u0101 dom\u0101t par Eiropu, bet dom\u0101t par sevi. K\u0101 nor\u0101d\u012bja S\u0101rts, Latvijas aizst\u0101v\u012bba ir Latvijas pamatatbild\u012bba.<\/p>\n<p style=\"text-align: justify;\">L\u012bdztekus vi\u0146\u0161 akcent\u0113ja, ka j\u0101str\u0101d\u0101 pie t\u0101, lai Eiropa tur\u0113tos kop\u0101 un transatlantisk\u0101 saite str\u0101d\u0101tu.<\/p>\n<p style=\"text-align: justify;\"><a style=\"color: #800000;\" href=\"https:\/\/bnn.lv\/bnn-fokusa-taupibas-rezims-uz-papira-premijas-dzive-politologs-par-valsts-dubultstandartiem-69835\" rel=\"nofollow noopener\" target=\"_blank\">Lasiet ar\u012b: BNN fokus\u0101 | Taup\u012bbas re\u017e\u012bms uz pap\u012bra, pr\u0113mijas dz\u012bv\u0113 \u2013 politologs par valsts dubultstandartiem<\/a><\/p>\n<p>Seko mums ar\u012b\u00a0<a href=\"https:\/\/www.facebook.com\/bnnlv\" rel=\"nofollow noopener\" target=\"_blank\">Facebook<\/a>,\u00a0<a href=\"https:\/\/www.draugiem.lv\/bnn.lv\/\" rel=\"nofollow noopener\" target=\"_blank\">Draugiem<\/a>\u00a0un\u00a0<a href=\"https:\/\/twitter.com\/home\" rel=\"nofollow noopener\" target=\"_blank\">X<\/a>!<\/p>\n<p><script async src=\"https:\/\/platform.twitter.com\/widgets.js\" charset=\"utf-8\"><\/script><\/p>\n","protected":false},"excerpt":{"rendered":"Eiropai ir labs potenci\u0101ls \u0161aj\u0101 multipol\u0101raj\u0101 pasaul\u0113 k\u013c\u016bt par vienu no sp\u0113c\u012bgajiem sp\u0113l\u0113t\u0101jiem, pirmdien Latvijas \u0100rpolitikas instit\u016bta (L\u0100I)&hellip;\n","protected":false},"author":2,"featured_media":115488,"comment_status":"","ping_status":"","sticky":false,"template":"","format":"standard","meta":{"footnotes":""},"categories":[12],"tags":[23,28,29,26789,2760,26790,26791,4644,26792,514,32,33,23305,22,30,31,35,39,38,36,37,34,26728,40,26793,71,20,26,27,25884,24,25,5157,21],"class_list":{"0":"post-115487","1":"post","2":"type-post","3":"status-publish","4":"format-standard","5":"has-post-thumbnail","7":"category-latvija","8":"tag-aktualitates","9":"tag-breaking-news","10":"tag-breakingnews","11":"tag-demokratijas-izturetspeja","12":"tag-drosibas-politika","13":"tag-egils-levits","14":"tag-eiropas-arpolitika","15":"tag-eiropas-drosiba","16":"tag-eiropas-loma-pasaule","17":"tag-eiropas-savieniba","18":"tag-featured-news","19":"tag-featurednews","20":"tag-globala-politika","21":"tag-headlines","22":"tag-latest-news","23":"tag-latestnews","24":"tag-latvia","25":"tag-latvian","26":"tag-latviesu","27":"tag-latviesu-valoda","28":"tag-latviesuvaloda","29":"tag-latvija","30":"tag-latvijas-arpolitikas-instituts","31":"tag-lv","32":"tag-multipolara-pasaule","33":"tag-nato","34":"tag-news","35":"tag-popularakas-zinas","36":"tag-popularakaszinas","37":"tag-svarigi","38":"tag-top-stories","39":"tag-topstories","40":"tag-transatlantiskas-attiecibas","41":"tag-zinas"},"share_on_mastodon":{"url":"","error":"Validation failed: Text character limit of 500 exceeded"},"_links":{"self":[{"href":"https:\/\/www.europesays.com\/lv\/wp-json\/wp\/v2\/posts\/115487","targetHints":{"allow":["GET"]}}],"collection":[{"href":"https:\/\/www.europesays.com\/lv\/wp-json\/wp\/v2\/posts"}],"about":[{"href":"https:\/\/www.europesays.com\/lv\/wp-json\/wp\/v2\/types\/post"}],"author":[{"embeddable":true,"href":"https:\/\/www.europesays.com\/lv\/wp-json\/wp\/v2\/users\/2"}],"replies":[{"embeddable":true,"href":"https:\/\/www.europesays.com\/lv\/wp-json\/wp\/v2\/comments?post=115487"}],"version-history":[{"count":0,"href":"https:\/\/www.europesays.com\/lv\/wp-json\/wp\/v2\/posts\/115487\/revisions"}],"wp:featuredmedia":[{"embeddable":true,"href":"https:\/\/www.europesays.com\/lv\/wp-json\/wp\/v2\/media\/115488"}],"wp:attachment":[{"href":"https:\/\/www.europesays.com\/lv\/wp-json\/wp\/v2\/media?parent=115487"}],"wp:term":[{"taxonomy":"category","embeddable":true,"href":"https:\/\/www.europesays.com\/lv\/wp-json\/wp\/v2\/categories?post=115487"},{"taxonomy":"post_tag","embeddable":true,"href":"https:\/\/www.europesays.com\/lv\/wp-json\/wp\/v2\/tags?post=115487"}],"curies":[{"name":"wp","href":"https:\/\/api.w.org\/{rel}","templated":true}]}}