{"id":115511,"date":"2026-01-28T06:57:07","date_gmt":"2026-01-28T06:57:07","guid":{"rendered":"https:\/\/www.europesays.com\/lv\/115511\/"},"modified":"2026-01-28T06:57:07","modified_gmt":"2026-01-28T06:57:07","slug":"ostapenko-ar-sji-zaude-australian-open-dubultspelu-ceturtdalfinala","status":"publish","type":"post","link":"https:\/\/www.europesays.com\/lv\/115511\/","title":{"rendered":"Ostapenko ar Sji zaud\u0113 &#8220;Australian Open&#8221; dubultsp\u0113\u013cu ceturtda\u013cfin\u0101l\u0101"},"content":{"rendered":"<p>Ar tre\u0161o numuru izs\u0113t\u0101s Ostapenko un Sji c\u012b\u0146\u0101 par vietu pusfin\u0101l\u0101 ar 1-6, 6-7 (5:7) piek\u0101p\u0101s ar piekto numuru izliktaj\u0101m kan\u0101dietei Gabrielai Dabrovski un braz\u012blietei Lu\u012bzai Stefani.<\/p>\n<p>Par ceturtda\u013cfin\u0101la sasnieg\u0161anu Ostapenko nopeln\u012bja 430 <a href=\"https:\/\/sports.tvnet.lv\/term\/12994\/wta\" class=\"topicLink\" target=\"_blank\" rel=\"nofollow noopener\">WTA<\/a> dubultsp\u0113\u013cu ranga punktus.<\/p>\n<p>Jau v\u0113st\u012bts, ka dubultsp\u0113\u013cu pirmaj\u0101 k\u0101rt\u0101 Latvijas un Taiv\u0101nas duets ar 7-5, 6-2 p\u0101rsp\u0113ja Ol\u012bviju Gadeki no Austr\u0101lijas un amerik\u0101nieti Dezir\u0113 Krav\u010diku, otro k\u0101rtu p\u0101rvar\u0113ja bez c\u012b\u0146as, jo serbiete Olga Danilovi\u010da un Austrijas p\u0101rst\u0101ve Anastasija Potapova kort\u0101 neizg\u0101ja, bet tre\u0161aj\u0101 k\u0101rt\u0101 jeb astotda\u013cfin\u0101l\u0101 ar 6-3, 6-2 uzvar\u0113ja ASV tenisisti Sofiju Keninu un v\u0101cieti Lauru Z\u012bgemundu.<\/p>\n<p>K\u0101 jau zi\u0146ots, viensp\u0113l\u0113s Latvijas lab\u0101k\u0101 tenisiste Ostapenko (WTA 24.) zaud\u0113ja otraj\u0101 k\u0101rt\u0101.<\/p>\n<p>Ostapenko &#8220;Australian Open&#8221; piedal\u012bj\u0101s 11. reizi, un lab\u0101kais vi\u0146as rezult\u0101ts viensp\u0113l\u0113s ir ceturtda\u013cfin\u0101la sasnieg\u0161ana 2023. gad\u0101. P\u0113rn vi\u0146a viensp\u0113l\u0113s izst\u0101j\u0101s pirmaj\u0101 k\u0101rt\u0101, bet dubultsp\u0113l\u0113s otro gadu p\u0113c k\u0101rtas sasniedza fin\u0101lu.<\/p>\n<p>Pag\u0101ju\u0161\u0101 gada Austr\u0101lijas atkl\u0101t\u0101 tenisa \u010dempion\u0101ta sievie\u0161u dubultsp\u0113\u013cu fin\u0101l\u0101 Ostapenko\/Sji ar 2-6, 7-6 (7:4), 3-6 piek\u0101p\u0101s \u010dehietei Kater\u017einai Sinjakovai un Teilorei Taunsendai no ASV, kuras ar pirmo numuru bija izs\u0113tas ar\u012b \u0161\u012b gada turn\u012br\u0101, bet piedz\u012bvoja zaud\u0113jumu ceturtda\u013cfin\u0101l\u0101.<\/p>\n","protected":false},"excerpt":{"rendered":"Ar tre\u0161o numuru izs\u0113t\u0101s Ostapenko un Sji c\u012b\u0146\u0101 par vietu pusfin\u0101l\u0101 ar 1-6, 6-7 (5:7) piek\u0101p\u0101s ar piekto&hellip;\n","protected":false},"author":2,"featured_media":115512,"comment_status":"","ping_status":"","sticky":false,"template":"","format":"standard","meta":{"footnotes":""},"categories":[5],"tags":[23,680,2781,28,29,32,33,22,30,31,35,39,38,36,37,34,40,20,26,27,941,683,24,25,939,21],"class_list":{"0":"post-115511","1":"post","2":"type-post","3":"status-publish","4":"format-standard","5":"has-post-thumbnail","7":"category-aktualitates","8":"tag-aktualitates","9":"tag-alona-ostapenko","10":"tag-australian-open","11":"tag-breaking-news","12":"tag-breakingnews","13":"tag-featured-news","14":"tag-featurednews","15":"tag-headlines","16":"tag-latest-news","17":"tag-latestnews","18":"tag-latvia","19":"tag-latvian","20":"tag-latviesu","21":"tag-latviesu-valoda","22":"tag-latviesuvaloda","23":"tag-latvija","24":"tag-lv","25":"tag-news","26":"tag-popularakas-zinas","27":"tag-popularakaszinas","28":"tag-sieviesu-teniss","29":"tag-teniss","30":"tag-top-stories","31":"tag-topstories","32":"tag-wta","33":"tag-zinas"},"share_on_mastodon":{"url":"https:\/\/pubeurope.com\/@lv\/115971427079840406","error":""},"_links":{"self":[{"href":"https:\/\/www.europesays.com\/lv\/wp-json\/wp\/v2\/posts\/115511","targetHints":{"allow":["GET"]}}],"collection":[{"href":"https:\/\/www.europesays.com\/lv\/wp-json\/wp\/v2\/posts"}],"about":[{"href":"https:\/\/www.europesays.com\/lv\/wp-json\/wp\/v2\/types\/post"}],"author":[{"embeddable":true,"href":"https:\/\/www.europesays.com\/lv\/wp-json\/wp\/v2\/users\/2"}],"replies":[{"embeddable":true,"href":"https:\/\/www.europesays.com\/lv\/wp-json\/wp\/v2\/comments?post=115511"}],"version-history":[{"count":0,"href":"https:\/\/www.europesays.com\/lv\/wp-json\/wp\/v2\/posts\/115511\/revisions"}],"wp:featuredmedia":[{"embeddable":true,"href":"https:\/\/www.europesays.com\/lv\/wp-json\/wp\/v2\/media\/115512"}],"wp:attachment":[{"href":"https:\/\/www.europesays.com\/lv\/wp-json\/wp\/v2\/media?parent=115511"}],"wp:term":[{"taxonomy":"category","embeddable":true,"href":"https:\/\/www.europesays.com\/lv\/wp-json\/wp\/v2\/categories?post=115511"},{"taxonomy":"post_tag","embeddable":true,"href":"https:\/\/www.europesays.com\/lv\/wp-json\/wp\/v2\/tags?post=115511"}],"curies":[{"name":"wp","href":"https:\/\/api.w.org\/{rel}","templated":true}]}}