{"id":115513,"date":"2026-01-28T06:58:15","date_gmt":"2026-01-28T06:58:15","guid":{"rendered":"https:\/\/www.europesays.com\/lv\/115513\/"},"modified":"2026-01-28T06:58:15","modified_gmt":"2026-01-28T06:58:15","slug":"vef-kulturas-pils-aicina-uz-raimonda-paula-kinomuzikas-koncertu-lente-lv","status":"publish","type":"post","link":"https:\/\/www.europesays.com\/lv\/115513\/","title":{"rendered":"VEF Kult\u016bras pils aicina uz Raimonda Paula kinom\u016bzikas koncertu\u00a0\u2014\u00a0Lente.lv"},"content":{"rendered":"<p>Maestro dai\u013crade kinote\u0101tra un te\u0101tra ekr\u0101niem<\/p>\n<p>R\u012bg\u0101, VEF Kult\u016bras pil\u012b, 23. mart\u0101 pulksten 19 notiks unik\u0101ls koncerts, kas velt\u012bts le\u0123end\u0101r\u0101 komponista Raimonda Paula rad\u012btajai m\u016bzikai kinofilm\u0101m un te\u0101tra izr\u0101d\u0113m. \u0160is pas\u0101kums ir da\u013ca no jubil\u0101ra gada svin\u012bb\u0101m, godinot vi\u0146a noz\u012bm\u012bgo ieguld\u012bjumu Latvijas kult\u016br\u0101. Koncert\u0101 skan\u0113s r\u016bp\u012bgi atlas\u012bti ska\u0146darbi, kas iekaroju\u0161i skat\u012bt\u0101ju un klaus\u012bt\u0101ju sirdis gan uz lielajiem ekr\u0101niem, gan te\u0101tra skatuv\u0113m.<\/p>\n<p>Muzik\u0101ls ce\u013cojums caur kino un te\u0101tri<\/p>\n<p>Pas\u0101kuma programm\u0101 iek\u013cauta m\u016bzika no t\u0101d\u0101m paz\u012bstam\u0101m te\u0101tra izr\u0101d\u0113m k\u0101 \u201c\u0160erloks Holmss\u201d, \u201cM\u0101sa Kerija\u201d un \u201cMe\u017ea gulbji\u201d, k\u0101 ar\u012b no iem\u012b\u013cot\u0101m kinofilm\u0101m, tostarp \u201cVella kalpi\u201d un \u201cIlgais ce\u013c\u0161 k\u0101p\u0101s\u201d. Koncert\u0101 piedal\u012bsies talant\u012bgi jaunie izpild\u012bt\u0101ji \u2013 Ivo Gr\u012bsni\u0146\u0161 Gr\u012bslis, Paula Saija un Em\u012bls Kivlenieks, k\u0101 ar\u012b Jelgavas novada un pils\u0113tas jaunie\u0161u bigbends Raita A\u0161ma\u0146a vad\u012bb\u0101. Savu artavu sniegs ar\u012b muzik\u0101l\u0101 grupa un deju studija \u201cVibe\u201d, radot daudzpus\u012bgu un atrakt\u012bvu programmu.<\/p>\n<p>Raimonds Pauls \u2013 m\u016bzikas ikona<\/p>\n<p>Raimonds Pauls, kur\u0161 \u0161ogad sagaida savu jubil\u0101ra gadu, ir viens no spilgt\u0101kajiem un produkt\u012bv\u0101kajiem Latvijas komponistiem. Vi\u0146a dai\u013crade aptver pla\u0161u \u017eanru amplit\u016bdu, s\u0101kot no estr\u0101des dziesm\u0101m un klasisk\u0101s m\u016bzikas l\u012bdz pat kinom\u016bzikai un te\u0101tra muzik\u0101lajiem iestud\u0113jumiem. Vi\u0146a melodijas ir k\u013cuvu\u0161as par neat\u0146emamu Latvijas kult\u016bras mantojumu, ko iecien\u012bju\u0161as vair\u0101kas paaudzes.<\/p>\n<p>VEF Kult\u016bras pils \u2013 kult\u016bras dz\u012bves centrs<\/p>\n<p>VEF Kult\u016bras pils ir noz\u012bm\u012bga kult\u016bras un atp\u016btas iest\u0101de R\u012bg\u0101, kas pied\u0101v\u0101 daudzveid\u012bgu pas\u0101kumu kl\u0101stu gan viet\u0113jiem iedz\u012bvot\u0101jiem, gan pils\u0113tas viesiem. Pils telp\u0101s regul\u0101ri notiek koncerti, izr\u0101des, izst\u0101des un citas kult\u016bras aktivit\u0101tes, veicinot sabiedr\u012bbas integr\u0101ciju un rado\u0161o iniciat\u012bvu att\u012bst\u012bbu. \u0160is kinom\u016bzikas koncerts ir k\u0101rt\u0113jais apliecin\u0101jums pils centieniem bag\u0101tin\u0101t R\u012bgas kult\u016bras dz\u012bvi ar augstv\u0113rt\u012bgiem un aizraujo\u0161iem notikumiem.<\/p>\n","protected":false},"excerpt":{"rendered":"Maestro dai\u013crade kinote\u0101tra un te\u0101tra ekr\u0101niem R\u012bg\u0101, VEF Kult\u016bras pil\u012b, 23. mart\u0101 pulksten 19 notiks unik\u0101ls koncerts, kas&hellip;\n","protected":false},"author":2,"featured_media":115514,"comment_status":"","ping_status":"","sticky":false,"template":"","format":"standard","meta":{"footnotes":""},"categories":[19],"tags":[89,90,18128,202,35,39,38,36,37,34,355,40,2672,431],"class_list":{"0":"post-115513","1":"post","2":"type-post","3":"status-publish","4":"format-standard","5":"has-post-thumbnail","7":"category-izklaide","8":"tag-entertainment","9":"tag-izklaide","10":"tag-kinomuzika","11":"tag-koncerts","12":"tag-latvia","13":"tag-latvian","14":"tag-latviesu","15":"tag-latviesu-valoda","16":"tag-latviesuvaloda","17":"tag-latvija","18":"tag-latvijas-muzika","19":"tag-lv","20":"tag-raimonds-pauls","21":"tag-vef-kulturas-pils"},"share_on_mastodon":{"url":"https:\/\/pubeurope.com\/@lv\/115971431058727551","error":""},"_links":{"self":[{"href":"https:\/\/www.europesays.com\/lv\/wp-json\/wp\/v2\/posts\/115513","targetHints":{"allow":["GET"]}}],"collection":[{"href":"https:\/\/www.europesays.com\/lv\/wp-json\/wp\/v2\/posts"}],"about":[{"href":"https:\/\/www.europesays.com\/lv\/wp-json\/wp\/v2\/types\/post"}],"author":[{"embeddable":true,"href":"https:\/\/www.europesays.com\/lv\/wp-json\/wp\/v2\/users\/2"}],"replies":[{"embeddable":true,"href":"https:\/\/www.europesays.com\/lv\/wp-json\/wp\/v2\/comments?post=115513"}],"version-history":[{"count":0,"href":"https:\/\/www.europesays.com\/lv\/wp-json\/wp\/v2\/posts\/115513\/revisions"}],"wp:featuredmedia":[{"embeddable":true,"href":"https:\/\/www.europesays.com\/lv\/wp-json\/wp\/v2\/media\/115514"}],"wp:attachment":[{"href":"https:\/\/www.europesays.com\/lv\/wp-json\/wp\/v2\/media?parent=115513"}],"wp:term":[{"taxonomy":"category","embeddable":true,"href":"https:\/\/www.europesays.com\/lv\/wp-json\/wp\/v2\/categories?post=115513"},{"taxonomy":"post_tag","embeddable":true,"href":"https:\/\/www.europesays.com\/lv\/wp-json\/wp\/v2\/tags?post=115513"}],"curies":[{"name":"wp","href":"https:\/\/api.w.org\/{rel}","templated":true}]}}