{"id":115533,"date":"2026-01-28T07:23:08","date_gmt":"2026-01-28T07:23:08","guid":{"rendered":"https:\/\/www.europesays.com\/lv\/115533\/"},"modified":"2026-01-28T07:23:08","modified_gmt":"2026-01-28T07:23:08","slug":"ulbrokas-florbolisti-virsliga-atgust-liderpozicijas-uzvara-ari-kekavietem-aprinkis-lv","status":"publish","type":"post","link":"https:\/\/www.europesays.com\/lv\/115533\/","title":{"rendered":"Ulbrokas florbolisti virsl\u012bg\u0101 atg\u016bst l\u012bderpoz\u012bcijas, uzvara ar\u012b \u0137ekaviet\u0113m &#8211; aprinkis.lv"},"content":{"rendered":"<ol>\n<li><a href=\"https:\/\/news.google.com\/rss\/articles\/CBMivAFBVV95cUxNanFYSV8yMlRHSVJsWmVKR0hMV3pkVXlwRzRVNmVIaEM0WTFwYU5jZXY0alhFSDI5a3VVcWdPSFlkT0dxc09hZ2tJZzQ4RFRMaWdVSFhWQlpIU0pjc2lfbWFyS2tWcFRwZk1zX0FlY3Jnc3JoczVQQ0J1TWhURVphR3BXX3JJRGF5c2hBWXd4eDVpRldoZHZKaWhlVFg3UU1tY3lveUxnSVB0a2EzMGlUZllHVS1jZTV2OTJpZQ?oc=5\" target=\"_blank\" rel=\"nofollow noopener\">Ulbrokas florbolisti virsl\u012bg\u0101 atg\u016bst l\u012bderpoz\u012bcijas, uzvara ar\u012b \u0137ekaviet\u0113m<\/a>&nbsp;&nbsp;aprinkis.lv<\/li>\n<li><a href=\"https:\/\/news.google.com\/rss\/articles\/CBMipgFBVV95cUxPZl91MXF3bGhhbndXMGRWQzQ3bV8xcEV3Rk0yZ05LSVVtSU9qOEwwbDRHM3M1SjY2cWU5a3piaXBSUGk0RXpjekNOWFduUGFwNVNxRWlRaTNTbXdsS2ZmLXRCODg3RGZxZmhaekozLVdoSnhXYjVoZ004Q0xGeUJvX09DM25BWmRPR0ZtRmx3Nkw0aGhtTkhpRzh3dUJHcHU3aEFYLW5R?oc=5\" target=\"_blank\" rel=\"nofollow noopener\">&#8220;Masters Ulbroka\/LU&#8221; sakauj irlavniekus un atg\u016bst 1. vietu \u2013 Florbols<\/a>&nbsp;&nbsp;Sportacentrs.com<\/li>\n<li><a href=\"https:\/\/news.google.com\/rss\/articles\/CBMiuAFBVV95cUxQMGtrcWszbmh5MVo5QkpVRVBXdmREY20tZzlTa193dndZVVBVVTRXSTBUQ0FwYjgybEFGOGpidkVQMXdtSnAzU2tTRnNSZEpxY0kxVTRlam1VT1UySkoyV2Q1MFpiclR1dkZ0OC1HcUV1dTEyVGFWVzJqRlNfd2VDMkVvOERFRVZMMndGTVV3N0ItSnNreWJHeUx4dmN5TnVWSzcwRV94SmN6dW04ZkhQY2hkbllodU9h?oc=5\" target=\"_blank\" rel=\"nofollow noopener\">Ulbrokas florbolisti sagrauj virsl\u012bgas l\u012bderus, uzvara ar\u012b &#8220;S\u0100C&#8221; komandai<\/a>&nbsp;&nbsp;aprinkis.lv<\/li>\n<li><a href=\"https:\/\/news.google.com\/rss\/articles\/CBMipgFBVV95cUxQMnJmNDB5RWpYdEhFTXc0OElUSWhoV1BLVE96WE5XaDhKckpwNUpyUThvOGJIQkNadmVISlp5YXJERUxteUNMNFozNnBFampmUFAwalBlVExlRDZHcE44V2tfTnFzdUx6VXRLSGw0cTg2UXRWY3p4VmdVU3JGX1hvWVRadWh3elJUbFdWNTR2U1VacU45SGNFdUp3cmNCYjc3RW5ENG5n?oc=5\" target=\"_blank\" rel=\"nofollow noopener\">L\u012bderu divc\u012b\u0146\u0101 \u201cmasteri\u201d ar 11:0 saplosa \u201cRubeni! \u2013 Florbols<\/a>&nbsp;&nbsp;Sportacentrs.com<\/li>\n<li><a href=\"https:\/\/news.google.com\/rss\/articles\/CBMimgFBVV95cUxOYUdzbVJBRlh4RjFNS19JUDc2LVNtam9LQ3poY0U4TXR6ZDFvZWdyWVljSGZ0RnFycGZra2Y0WTNUZ1U2dGxtam1MYlZOUGcycW5hSjhBZG1mal90SjlxQ18yMWtQWW9OZ2tsd3R0ekpzMmlyQklvLXNsNW50Wll1d0VtZFUxa1A5cGRqWG1yMjM5V1B4SGQ2M0hn?oc=5\" target=\"_blank\" rel=\"nofollow noopener\">L\u012bderu duel\u012b &#8220;Masters Ulbroka\/LU&#8221; sakauj &#8220;Rubeni&#8221;<\/a>&nbsp;&nbsp;Floorball<\/li>\n<\/ol>\n","protected":false},"excerpt":{"rendered":"Ulbrokas florbolisti virsl\u012bg\u0101 atg\u016bst l\u012bderpoz\u012bcijas, uzvara ar\u012b \u0137ekaviet\u0113m&nbsp;&nbsp;aprinkis.lv &#8220;Masters Ulbroka\/LU&#8221; sakauj irlavniekus un atg\u016bst 1. vietu \u2013 Florbols&nbsp;&nbsp;Sportacentrs.com&hellip;\n","protected":false},"author":2,"featured_media":115534,"comment_status":"","ping_status":"","sticky":false,"template":"","format":"standard","meta":{"footnotes":""},"categories":[17],"tags":[118,35,39,38,36,37,34,40,443,628,67],"class_list":{"0":"post-115533","1":"post","2":"type-post","3":"status-publish","4":"format-standard","5":"has-post-thumbnail","7":"category-sports","8":"tag-kekava","9":"tag-latvia","10":"tag-latvian","11":"tag-latviesu","12":"tag-latviesu-valoda","13":"tag-latviesuvaloda","14":"tag-latvija","15":"tag-lv","16":"tag-ropazi","17":"tag-salaspils","18":"tag-sports"},"share_on_mastodon":{"url":"https:\/\/pubeurope.com\/@lv\/115971529272592318","error":""},"_links":{"self":[{"href":"https:\/\/www.europesays.com\/lv\/wp-json\/wp\/v2\/posts\/115533","targetHints":{"allow":["GET"]}}],"collection":[{"href":"https:\/\/www.europesays.com\/lv\/wp-json\/wp\/v2\/posts"}],"about":[{"href":"https:\/\/www.europesays.com\/lv\/wp-json\/wp\/v2\/types\/post"}],"author":[{"embeddable":true,"href":"https:\/\/www.europesays.com\/lv\/wp-json\/wp\/v2\/users\/2"}],"replies":[{"embeddable":true,"href":"https:\/\/www.europesays.com\/lv\/wp-json\/wp\/v2\/comments?post=115533"}],"version-history":[{"count":0,"href":"https:\/\/www.europesays.com\/lv\/wp-json\/wp\/v2\/posts\/115533\/revisions"}],"wp:featuredmedia":[{"embeddable":true,"href":"https:\/\/www.europesays.com\/lv\/wp-json\/wp\/v2\/media\/115534"}],"wp:attachment":[{"href":"https:\/\/www.europesays.com\/lv\/wp-json\/wp\/v2\/media?parent=115533"}],"wp:term":[{"taxonomy":"category","embeddable":true,"href":"https:\/\/www.europesays.com\/lv\/wp-json\/wp\/v2\/categories?post=115533"},{"taxonomy":"post_tag","embeddable":true,"href":"https:\/\/www.europesays.com\/lv\/wp-json\/wp\/v2\/tags?post=115533"}],"curies":[{"name":"wp","href":"https:\/\/api.w.org\/{rel}","templated":true}]}}