{"id":115575,"date":"2026-01-28T07:59:11","date_gmt":"2026-01-28T07:59:11","guid":{"rendered":"https:\/\/www.europesays.com\/lv\/115575\/"},"modified":"2026-01-28T07:59:11","modified_gmt":"2026-01-28T07:59:11","slug":"latvijas-delegaciju-milanas-un-kortinas-olimpiskajam-spelem-papildina-biatlonists-edgars-mise-lente-lv","status":"publish","type":"post","link":"https:\/\/www.europesays.com\/lv\/115575\/","title":{"rendered":"Latvijas deleg\u0101ciju Mil\u0101nas un Kort\u012bnas olimpiskaj\u0101m sp\u0113l\u0113m papildina biatlonists Edgars Mise\u00a0\u2014\u00a0Lente.lv"},"content":{"rendered":"<p>Latvijas deleg\u0101cija Mil\u0101nas un Kort\u012bnas olimpiskaj\u0101m sp\u0113l\u0113m papildin\u0101ta<\/p>\n<p>Latvijas Olimpisk\u0101s komitejas (LOK) l\u0113mums papildin\u0101t Latvijas deleg\u0101ciju dal\u012bbai Mil\u0101nas un Kort\u012bnas 2026. gada ziemas olimpiskaj\u0101s sp\u0113l\u0113s ir apstiprin\u0101ts, un jaun\u0101kais papildin\u0101jums ir biatlonists Edgars Mise. K\u0101 zi\u0146o av\u012bze Diena, \u0161is l\u0113mums tika pie\u0146emts p\u0113c r\u016bp\u012bgas izv\u0113rt\u0113\u0161anas, \u0146emot v\u0113r\u0101 sportista saist\u012bbu ar Krieviju. Latvijas deleg\u0101ciju kopum\u0101 veidos 68 sportisti devi\u0146os sporta veidos, kas ir liel\u0101k\u0101 Latvijas p\u0101rst\u0101vniec\u012bba ziemas olimpiskaj\u0101s sp\u0113l\u0113s v\u0113stur\u0113. Sp\u0113les notiks no 6. l\u012bdz 22. febru\u0101rim It\u0101lij\u0101.<\/p>\n<p>Edgara Mises kandidat\u016bras izv\u0113rt\u0113\u0161ana<\/p>\n<p>Biatlonista Edgara Mises kandidat\u016bra tika izv\u0113rt\u0113ta \u012bpa\u0161i, jo vi\u0146am ir saikne ar Krieviju. Tika izveidota \u012bpa\u0161a darba grupa, kas r\u016bp\u012bgi izanaliz\u0113ja visu pieejamo inform\u0101ciju par sportistu. Tika interv\u0113ts pats Mise, apkopota inform\u0101cija no biatlona feder\u0101cijas, k\u0101 ar\u012b analiz\u0113ti publiski pieejamie dati un vi\u0146a aktivit\u0101tes soci\u0101lajos t\u012bklos. Izv\u0113rt\u0113\u0161an\u0101 tika \u0146emti v\u0113r\u0101 sportista iesp\u0113jam\u0101 saikne ar Krieviju, pilson\u012bbas jaut\u0101jumi, soci\u0101lo t\u012bklu ieraksti, publicit\u0101tes riski, finans\u0113jums un politisk\u0101 nost\u0101ja. Tika konstat\u0113ts, ka Mise ir krievu taut\u012bbas un vi\u0146a vec\u0101ki joproj\u0101m dz\u012bvo Krievij\u0101, ta\u010du sportists pirms vair\u0101kiem gadiem ir atteicies no dubultpilson\u012bbas un ir tikai Latvijas Republikas pilsonis.<\/p>\n<p>Latvijas biatlona izlase un gaid\u0101m\u0101s sp\u0113les<\/p>\n<p>Mil\u0101nas un Kort\u012bnas olimpiskaj\u0101s sp\u0113l\u0113s Latviju biatlona sacens\u012bb\u0101s p\u0101rst\u0101v\u0113s asto\u0146i sportisti: Baiba Bendika, Estere Volfa, Sanita Buli\u0146a, Annija Keita Sabule, Andrejs Rastorgujevs, Ren\u0101rs Birkent\u0101ls, Rihards Lozbers un Edgars Mise. Andrejam Rastorgujevam \u0161\u012bs b\u016bs ceturt\u0101s olimpisk\u0101s sp\u0113les, bet p\u0101r\u0113jie, tostarp Edgars Mise, debit\u0113s olimpiskaj\u0101s sp\u0113l\u0113s vai dosies uz sav\u0101m pirmaj\u0101m sp\u0113l\u0113m. Latvijas biatlona izlase ir apstiprin\u0101ta un gatavojas sacens\u012bb\u0101m, kas notiks no 8. l\u012bdz 21. febru\u0101rim Antholcas tras\u0113. Biatlons ir viens no skat\u012bt\u0101ju iem\u012b\u013cot\u0101kajiem ziemas sporta veidiem, kas prasa gan sl\u0113po\u0161anas prasmes, gan \u0161au\u0161anas precizit\u0101ti.<\/p>\n<p>Liel\u0101k\u0101 Latvijas deleg\u0101cija ziemas olimpiskaj\u0101s sp\u0113l\u0113s<\/p>\n<p>Mil\u0101nas un Kort\u012bnas 2026. gada ziemas olimpisk\u0101s sp\u0113les pulc\u0113s l\u012bdz \u0161im liel\u0101ko Latvijas deleg\u0101ciju v\u0113stur\u0113 \u2013 68 sportistus, kas sacent\u012bsies devi\u0146os sporta veidos un 29 discipl\u012bn\u0101s. \u0160\u0101ds rezult\u0101ts apliecina Latvijas sporta att\u012bst\u012bbu un sportistu augsto meistar\u012bbas l\u012bmeni. Papildus sportistiem deleg\u0101cij\u0101 iek\u013cauti ar\u012b treneri, atbalsta person\u0101ls un citi speci\u0101listi. L\u012bdz\u0101s sportistiem, Latvijas deleg\u0101cij\u0101 k\u0101 goda viesi iek\u013cauti ar\u012b premjerministre Evika Sili\u0146a, Valsts prezidents Edgars Rink\u0113vi\u010ds un izgl\u012bt\u012bbas un zin\u0101tnes ministre Dace Melb\u0101rde.<\/p>\n","protected":false},"excerpt":{"rendered":"Latvijas deleg\u0101cija Mil\u0101nas un Kort\u012bnas olimpiskaj\u0101m sp\u0113l\u0113m papildin\u0101ta Latvijas Olimpisk\u0101s komitejas (LOK) l\u0113mums papildin\u0101t Latvijas deleg\u0101ciju dal\u012bbai Mil\u0101nas&hellip;\n","protected":false},"author":2,"featured_media":115576,"comment_status":"","ping_status":"","sticky":false,"template":"","format":"standard","meta":{"footnotes":""},"categories":[17],"tags":[16010,35,39,38,36,37,34,19993,40,26799,26800,67,527],"class_list":{"0":"post-115575","1":"post","2":"type-post","3":"status-publish","4":"format-standard","5":"has-post-thumbnail","7":"category-sports","8":"tag-edgars-mise","9":"tag-latvia","10":"tag-latvian","11":"tag-latviesu","12":"tag-latviesu-valoda","13":"tag-latviesuvaloda","14":"tag-latvija","15":"tag-latvijas-biatlona-izlase","16":"tag-lv","17":"tag-milanas-un-kortinas-olimpiskas-speles","18":"tag-olimpiska-delegacija","19":"tag-sports","20":"tag-ziemas-olimpiskas-speles"},"share_on_mastodon":{"url":"https:\/\/pubeurope.com\/@lv\/115971670879139049","error":""},"_links":{"self":[{"href":"https:\/\/www.europesays.com\/lv\/wp-json\/wp\/v2\/posts\/115575","targetHints":{"allow":["GET"]}}],"collection":[{"href":"https:\/\/www.europesays.com\/lv\/wp-json\/wp\/v2\/posts"}],"about":[{"href":"https:\/\/www.europesays.com\/lv\/wp-json\/wp\/v2\/types\/post"}],"author":[{"embeddable":true,"href":"https:\/\/www.europesays.com\/lv\/wp-json\/wp\/v2\/users\/2"}],"replies":[{"embeddable":true,"href":"https:\/\/www.europesays.com\/lv\/wp-json\/wp\/v2\/comments?post=115575"}],"version-history":[{"count":0,"href":"https:\/\/www.europesays.com\/lv\/wp-json\/wp\/v2\/posts\/115575\/revisions"}],"wp:featuredmedia":[{"embeddable":true,"href":"https:\/\/www.europesays.com\/lv\/wp-json\/wp\/v2\/media\/115576"}],"wp:attachment":[{"href":"https:\/\/www.europesays.com\/lv\/wp-json\/wp\/v2\/media?parent=115575"}],"wp:term":[{"taxonomy":"category","embeddable":true,"href":"https:\/\/www.europesays.com\/lv\/wp-json\/wp\/v2\/categories?post=115575"},{"taxonomy":"post_tag","embeddable":true,"href":"https:\/\/www.europesays.com\/lv\/wp-json\/wp\/v2\/tags?post=115575"}],"curies":[{"name":"wp","href":"https:\/\/api.w.org\/{rel}","templated":true}]}}