{"id":115577,"date":"2026-01-28T08:03:07","date_gmt":"2026-01-28T08:03:07","guid":{"rendered":"https:\/\/www.europesays.com\/lv\/115577\/"},"modified":"2026-01-28T08:03:07","modified_gmt":"2026-01-28T08:03:07","slug":"kuba-ir-tuvu-sabrukumam-saka-tramps","status":"publish","type":"post","link":"https:\/\/www.europesays.com\/lv\/115577\/","title":{"rendered":"Kuba ir tuvu sabrukumam, saka Tramps"},"content":{"rendered":"<p>&#8220;Kuba patie\u0161\u0101m ir valsts, kas ir \u013coti tuvu sabrukumam,&#8221; apmekl\u0113jot Aiovas \u0161tatu, sac\u012bja Tramps.<\/p>\n<p><a href=\"https:\/\/www.apollo.lv\/term\/557258\/kuba\" class=\"topicLink\" target=\"_blank\" rel=\"nofollow noopener\">Kuba<\/a> agr\u0101k sa\u0146\u0113ma naudu un naftu no Venecu\u0113las, bet vairs nesa\u0146em, nor\u0101d\u012bja <a href=\"https:\/\/www.apollo.lv\/term\/555410\/asv\" class=\"topicLink\" target=\"_blank\" rel=\"nofollow noopener\">ASV<\/a> prezidents.<\/p>\n<p>ASV p\u0113d\u0113j\u0101s ned\u0113\u013c\u0101s p\u0101r\u0146\u0113mu\u0161as kontroli p\u0101r vair\u0101kiem naftas tankku\u0123iem. Tramps iepriek\u0161 pazi\u0146oja, ka piln\u012bb\u0101 noblo\u0137\u0113s visus naftas tankku\u0123us, kuriem piem\u0113rotas sankcijas un kuri ce\u013co uz Venecu\u0113lu vai no t\u0101s.<\/p>\n<p>P\u0113c Venecu\u0113las prezidenta Nikolasa Maduro sag\u016bst\u012b\u0161anas ASV specoper\u0101cij\u0101 janv\u0101ra s\u0101kum\u0101 Trampa administr\u0101cija ir pastiprin\u0101jusi retoriku pret Kubas vald\u012bbu. Piem\u0113ram, ASV valsts sekret\u0101rs Marko Rubio vald\u012bbu Havan\u0101 nod\u0113v\u0113jis par milz\u012bgu probl\u0113mu.<\/p>\n<p>Aptuveni ned\u0113\u013cu p\u0113c Maduro sag\u016bst\u012b\u0161anas Tramps mudin\u0101ja Kubu nosl\u0113gt vieno\u0161anos, &#8220;pirms v\u0113l nav par v\u0113lu&#8221;, nepreciz\u0113jot, par k\u0101du vieno\u0161anos vi\u0146\u0161 run\u0101.<\/p>\n<p>Tramps sav\u0101 soci\u0101laj\u0101 platform\u0101 &#8220;Truth Social&#8221; ar\u012b p\u0101rpublic\u0113jis vair\u0101kas zi\u0146as, kur\u0101s lietot\u0101ji izteiku\u0161i pie\u0146\u0113mumus par iesp\u0113jamu re\u017e\u012bma mai\u0146u Kub\u0101. Vien\u0101 no zi\u0146\u0101m jokojot teikts, ka Rubio var\u0113tu k\u013c\u016bt par Kubas prezidentu. &#8220;Tas izklaus\u0101s labi!&#8221; koment\u0113ja Tramps.<\/p>\n<p>Havanas un Va\u0161ingtonas attiec\u012bbas jau sen ir sasp\u012bl\u0113tas. Pa\u0161laik Kub\u0101 ir vissmag\u0101k\u0101 ekonomisk\u0101 kr\u012bze kop\u0161 Fidela Kastro 1959. gada revol\u016bcijas.<\/p>\n<p>Lai gan Venecu\u0113las naftas pieg\u0101des p\u0113d\u0113jos gados ir samazin\u0101ju\u0161\u0101s un tiek papildin\u0101tas ar pieg\u0101d\u0113m no Krievijas un Meksikas, Kubas ekonomika var\u0113tu piln\u012bb\u0101 sabrukt, ja ASV piln\u012bb\u0101 aptur\u0113tu Venecu\u0113las naftas pieg\u0101des.<\/p>\n","protected":false},"excerpt":{"rendered":"&#8220;Kuba patie\u0161\u0101m ir valsts, kas ir \u013coti tuvu sabrukumam,&#8221; apmekl\u0113jot Aiovas \u0161tatu, sac\u012bja Tramps. Kuba agr\u0101k sa\u0146\u0113ma naudu&hellip;\n","protected":false},"author":2,"featured_media":115129,"comment_status":"","ping_status":"","sticky":false,"template":"","format":"standard","meta":{"footnotes":""},"categories":[5],"tags":[23,292,28,29,542,32,33,22,4989,30,31,35,39,38,36,37,34,40,20,26,27,24,25,21],"class_list":{"0":"post-115577","1":"post","2":"type-post","3":"status-publish","4":"format-standard","5":"has-post-thumbnail","7":"category-aktualitates","8":"tag-aktualitates","9":"tag-asv","10":"tag-breaking-news","11":"tag-breakingnews","12":"tag-donalds-tramps","13":"tag-featured-news","14":"tag-featurednews","15":"tag-headlines","16":"tag-kuba","17":"tag-latest-news","18":"tag-latestnews","19":"tag-latvia","20":"tag-latvian","21":"tag-latviesu","22":"tag-latviesu-valoda","23":"tag-latviesuvaloda","24":"tag-latvija","25":"tag-lv","26":"tag-news","27":"tag-popularakas-zinas","28":"tag-popularakaszinas","29":"tag-top-stories","30":"tag-topstories","31":"tag-zinas"},"share_on_mastodon":{"url":"https:\/\/pubeurope.com\/@lv\/115971686584068555","error":""},"_links":{"self":[{"href":"https:\/\/www.europesays.com\/lv\/wp-json\/wp\/v2\/posts\/115577","targetHints":{"allow":["GET"]}}],"collection":[{"href":"https:\/\/www.europesays.com\/lv\/wp-json\/wp\/v2\/posts"}],"about":[{"href":"https:\/\/www.europesays.com\/lv\/wp-json\/wp\/v2\/types\/post"}],"author":[{"embeddable":true,"href":"https:\/\/www.europesays.com\/lv\/wp-json\/wp\/v2\/users\/2"}],"replies":[{"embeddable":true,"href":"https:\/\/www.europesays.com\/lv\/wp-json\/wp\/v2\/comments?post=115577"}],"version-history":[{"count":0,"href":"https:\/\/www.europesays.com\/lv\/wp-json\/wp\/v2\/posts\/115577\/revisions"}],"wp:featuredmedia":[{"embeddable":true,"href":"https:\/\/www.europesays.com\/lv\/wp-json\/wp\/v2\/media\/115129"}],"wp:attachment":[{"href":"https:\/\/www.europesays.com\/lv\/wp-json\/wp\/v2\/media?parent=115577"}],"wp:term":[{"taxonomy":"category","embeddable":true,"href":"https:\/\/www.europesays.com\/lv\/wp-json\/wp\/v2\/categories?post=115577"},{"taxonomy":"post_tag","embeddable":true,"href":"https:\/\/www.europesays.com\/lv\/wp-json\/wp\/v2\/tags?post=115577"}],"curies":[{"name":"wp","href":"https:\/\/api.w.org\/{rel}","templated":true}]}}