{"id":115584,"date":"2026-01-28T08:11:07","date_gmt":"2026-01-28T08:11:07","guid":{"rendered":"https:\/\/www.europesays.com\/lv\/115584\/"},"modified":"2026-01-28T08:11:07","modified_gmt":"2026-01-28T08:11:07","slug":"balceram-un-veckaktinam-rezultativas-piespeles-sveices-cempionata-tvnet-sports","status":"publish","type":"post","link":"https:\/\/www.europesays.com\/lv\/115584\/","title":{"rendered":"Balceram un Veckakti\u0146am rezultat\u012bvas piesp\u0113les \u0160veices \u010dempion\u0101t\u0101 &#8211; TVNET Sports"},"content":{"rendered":"<ol>\n<li><a href=\"https:\/\/news.google.com\/rss\/articles\/CBMingFBVV95cUxPaGxPZWpHMl9aSjk5Ym81QkZTc29ZMFZ2b0lPQUxGcTJlN2ZDaDM1T2F3MzBHMnJ4bVpMV2VWSkVZY0ZEOWY3Y2JpZVlZSDJkREI5T25kTEVyRUFnQkdvclZMdkF3RlRQTS01dnUtU1hvMGhPeklMc3RMY1FNSUhMcWt5S1VPaDRsS0JqUzQ3M1NLb3FnYll1S3Nnam5odw?oc=5\" target=\"_blank\" rel=\"nofollow noopener\">Balceram un Veckakti\u0146am rezultat\u012bvas piesp\u0113les \u0160veices \u010dempion\u0101t\u0101<\/a>&nbsp;&nbsp;TVNET Sports<\/li>\n<li><a href=\"https:\/\/news.google.com\/rss\/articles\/CBMilwFBVV95cUxPNUZEUTlPbFE4NGtmandfRGdRRFEwOWJacmRPZ2phbnl1Ui02SXBoV1RoNll6dXJxUWtPT1V4TmpRMDBSM1d5T2t6aDhYTERDQ2lCam9XNTgwNGY0Z2I0UUhvYjV2d1BQYjFKM08wZS1aNDFCOG1RMDA4Sy1udU9LdEI0TmhFSnZOdDN2QzJVanNpZXN6dkNV?oc=5\" target=\"_blank\" rel=\"nofollow noopener\">\u0160mitam zaud\u0113jums p\u0113d\u0113j\u0101 sekund\u0113, Egle iemet, Balcers turpina rezultativit\u0101tes s\u0113riju \u2013 Hokejs<\/a>&nbsp;&nbsp;Sportacentrs.com<\/li>\n<li><a href=\"https:\/\/news.google.com\/rss\/articles\/CBMiswFBVV95cUxQaWJUWTdyaTJqVXc1NEFfSWpwcC1DbnJfTThNTDczWEoxeGtKNlZjaXVPTjhtMEV5TVJId3V2Y1hjcG83Mk1ieWYwR0J0WVFvS3UzNzgzd3psSGNnRnhOX3lnM2hRc1FobkVlRWlDX0std0MyQkZlTHNTWi1SejVJczJfVVVjcmt2ck81X3FOekxOOGpZcjZaLWoyNEhWTllROFFMZXpjbWhpckMzMEMzWU5ibw?oc=5\" target=\"_blank\" rel=\"nofollow noopener\">Balcers prec\u012bzs otraj\u0101 sp\u0113l\u0113 p\u0113c k\u0101rtas, Punnenovs netiek gal\u0101 ar vair\u0101kiem metieniem<\/a>&nbsp;&nbsp;Sportazinas.com<\/li>\n<li><a href=\"https:\/\/news.google.com\/rss\/articles\/CBMijwFBVV95cUxQMVlKQlExUEN3UER1cGRoMkFrVnVkdGpwYldIRGRRUnhMS0tBU181NkpqdmF4MHkxcXpvWC1OQ1JLZFYwblV1dTBSS29vemFNNmhlUDdVSXpUT1ZGVHVDUjNWOC16bkVkLUd2cWU0Y2NSS3BaYWF3NS1FbG1POXNWdEI4Z0QwMGxRRDBsLXJNMA?oc=5\" target=\"_blank\" rel=\"nofollow noopener\">Balcers g\u016bst v\u0101rtus, \u201cLions\u201d izc\u012bna uzvaru p\u0101r \u201cAmbri-Piotta\u201d<\/a>&nbsp;&nbsp;tv3.lv<\/li>\n<li><a href=\"https:\/\/news.google.com\/rss\/articles\/CBMilAFBVV95cUxNMXV6MmRsOE9SN2RmbWtHTFo4OTlxSlJmeU5FeG1jR3hHWUtEWFRMSDYxUTA2WnY0MWhheHhZR2tJMkxkWm9tOVZMYk1FVU9sZERRXzZmTUduTHFWXzdidXEzRTgwWk9IWTMxV1VzbUsyRDY2bGVpakN4T3BNUklTSGV2d1dsUzI3a1BsUFFsanNGNkxq?oc=5\" target=\"_blank\" rel=\"nofollow noopener\">Balcers izbraukum\u0101 g\u016bst C\u012brihes &#8220;Lions&#8221; uzvaras v\u0101rtus<\/a>&nbsp;&nbsp;Jauns.lv<\/li>\n<\/ol>\n","protected":false},"excerpt":{"rendered":"Balceram un Veckakti\u0146am rezultat\u012bvas piesp\u0113les \u0160veices \u010dempion\u0101t\u0101&nbsp;&nbsp;TVNET Sports \u0160mitam zaud\u0113jums p\u0113d\u0113j\u0101 sekund\u0113, Egle iemet, Balcers turpina rezultativit\u0101tes s\u0113riju&hellip;\n","protected":false},"author":2,"featured_media":96947,"comment_status":"","ping_status":"","sticky":false,"template":"","format":"standard","meta":{"footnotes":""},"categories":[17],"tags":[8019,15112,836,838,394,721,4355,35,39,38,36,37,34,40,15111,2717,67],"class_list":{"0":"post-115584","1":"post","2":"type-post","3":"status-publish","4":"format-standard","5":"has-post-thumbnail","7":"category-sports","8":"tag-deniss-smirnovs","9":"tag-emils-veckaktins","10":"tag-hokeja-jaunumi","11":"tag-hokejisti-arzemes","12":"tag-hokejs","13":"tag-hokejs-pasaule","14":"tag-ivars-punnenovs","15":"tag-latvia","16":"tag-latvian","17":"tag-latviesu","18":"tag-latviesu-valoda","19":"tag-latviesuvaloda","20":"tag-latvija","21":"tag-lv","22":"tag-oskars-lapinskis","23":"tag-rudolfs-balcers","24":"tag-sports"},"share_on_mastodon":{"url":"https:\/\/pubeurope.com\/@lv\/115971718115750924","error":""},"_links":{"self":[{"href":"https:\/\/www.europesays.com\/lv\/wp-json\/wp\/v2\/posts\/115584","targetHints":{"allow":["GET"]}}],"collection":[{"href":"https:\/\/www.europesays.com\/lv\/wp-json\/wp\/v2\/posts"}],"about":[{"href":"https:\/\/www.europesays.com\/lv\/wp-json\/wp\/v2\/types\/post"}],"author":[{"embeddable":true,"href":"https:\/\/www.europesays.com\/lv\/wp-json\/wp\/v2\/users\/2"}],"replies":[{"embeddable":true,"href":"https:\/\/www.europesays.com\/lv\/wp-json\/wp\/v2\/comments?post=115584"}],"version-history":[{"count":0,"href":"https:\/\/www.europesays.com\/lv\/wp-json\/wp\/v2\/posts\/115584\/revisions"}],"wp:featuredmedia":[{"embeddable":true,"href":"https:\/\/www.europesays.com\/lv\/wp-json\/wp\/v2\/media\/96947"}],"wp:attachment":[{"href":"https:\/\/www.europesays.com\/lv\/wp-json\/wp\/v2\/media?parent=115584"}],"wp:term":[{"taxonomy":"category","embeddable":true,"href":"https:\/\/www.europesays.com\/lv\/wp-json\/wp\/v2\/categories?post=115584"},{"taxonomy":"post_tag","embeddable":true,"href":"https:\/\/www.europesays.com\/lv\/wp-json\/wp\/v2\/tags?post=115584"}],"curies":[{"name":"wp","href":"https:\/\/api.w.org\/{rel}","templated":true}]}}