{"id":11561,"date":"2025-10-03T14:57:09","date_gmt":"2025-10-03T14:57:09","guid":{"rendered":"https:\/\/www.europesays.com\/lv\/11561\/"},"modified":"2025-10-03T14:57:09","modified_gmt":"2025-10-03T14:57:09","slug":"cik-reals-ir-ministra-pielavums-par-valkas-novada-pievienosanu-kaiminu-novadiem","status":"publish","type":"post","link":"https:\/\/www.europesays.com\/lv\/11561\/","title":{"rendered":"Cik re\u0101ls ir ministra pie\u013c\u0101vums par Valkas novada pievieno\u0161anu kaimi\u0146u novadiem?"},"content":{"rendered":"<p><img fetchpriority=\"high\" decoding=\"async\" width=\"1024\" height=\"638\" src=\"https:\/\/www.europesays.com\/lv\/wp-content\/uploads\/2025\/10\/Atlasitais-fotoattels-1024x638.jpeg\" alt=\"\" class=\"wp-image-976918\"  \/>Foto: Ing\u016bna Johansone<\/p>\n<p>\u201cVai tie\u0161\u0101m Valkas novadu var\u0113tu pievienot k\u0101dam kaimi\u0146u novadam?\u201d t\u0101 \u0161oned\u0113\u013c jaut\u0101jis ne viens vien novada iedz\u012bvot\u0101js, kur\u0161 dzird\u0113jis Vied\u0101s administr\u0101cijas un re\u0123ion\u0101l\u0101s att\u012bst\u012bbas ministra Raimonda \u010cudara (\u201cJaun\u0101 Vienot\u012bba\u201d) publiskos izteikumus par iesp\u0113jamo Valkas novada pievieno\u0161anu k\u0101dam no blakus eso\u0161ajiem novadiem. Ministrs gan konkr\u0113ti nenosauc, vai Valkas novadu var\u0113tu pievienot Smiltenes vai Valmieras novadam vai citas konkr\u0113t\u0101kas deta\u013cas. \u0160is pie\u013c\u0101vums izteikts dr\u012bz\u0101k k\u0101 br\u012bdin\u0101jums un var\u0113tu notikt gad\u012bjum\u0101, ja Latvij\u0101 iedz\u012bvot\u0101ju skaita zi\u0146\u0101 maz\u0101k\u0101 pa\u0161vald\u012bba nesp\u0113\u0161ot tik gal\u0101 ar bud\u017eeta situ\u0101ciju.<\/p>\n<p>Rakst\u0101, kur ministrs dal\u012bjies sav\u0101s p\u0101rdom\u0101s, izskan\u0113ja ar\u012b apgalvojums, ka VARAM ministrija esot inform\u0113ta par probl\u0113m\u0101m Valkas novad\u0101. T\u0101s esot saist\u012btas ar siltumapg\u0101des situ\u0101ciju un to, ka pa\u0161vald\u012bba uz\u0146\u0113musies b\u016btiskas finansi\u0101las saist\u012bbas pret priv\u0101tu siltuma ra\u017eot\u0101ju, kas ir rad\u012bjis b\u016btiskas naudas pl\u016bsmas probl\u0113mas.<\/p>\n<p>\u201cJa Valka ilglaic\u012bgi nevar\u0113s tikt gal\u0101 ar bud\u017eetu, tad ir jaut\u0101jums par Valkas pievieno\u0161anu vienam vai otram liel\u0101kam novadam, kas atrodas tie\u0161\u0101 tuvum\u0101,\u201d medijiem atzinis R. \u010cudars, piebilstot, ka Valka ir viens no maz\u0101kajiem novadiem un jau administrat\u012bvi teritori\u0101l\u0101s reformas laik\u0101 2021. gad\u0101 bija jaut\u0101jums par to, cik ekonomiski pamatots ir atsevi\u0161\u0137s Valkas novads, \u0146emot v\u0113r\u0101 teritorijas apjomu un iedz\u012bvot\u0101ju skaitu.<\/p>\n<p>Valkas novada pa\u0161vald\u012bbas priek\u0161s\u0113d\u0113t\u0101js Vents Armands Krau\u00adklis \u201cZieme\u013clatvijai\u201d atkl\u0101j, ka jau augusta beig\u0101s R\u012bg\u0101 da\u017e\u0101d\u0101s sarun\u0101s un tik\u0161an\u0101s reiz\u0113s no cilv\u0113kiem, kuri p\u0101rzina liel\u0101s politikas kulu\u0101rus, sa\u0146\u0113mis br\u012bdin\u0101jumus: \u201cGaidi, tev b\u016bs vair\u0101ki \u201csitieni\u201d.\u201d<\/p>\n<p>V. A. Krauklis uzskata, ka R. \u010cudara izteikumi vair\u0101k ir saist\u012bti ar 2026. gad\u0101 gaid\u0101maj\u0101m 15. Saeimas v\u0113l\u0113\u0161an\u0101m.<\/p>\n<p>\u201cMan k\u0101 Vidzemes partijas priek\u0161s\u0113d\u0113t\u0101jam biju\u0161i da\u017e\u0101di sign\u0101li no da\u017e\u0101d\u0101m partij\u0101m par sadarb\u012bbas l\u012bgumu sl\u0113g\u0161anu par kop\u012bgu startu Saeimas v\u0113l\u0113\u0161an\u0101s. Ir v\u0113lme noskaidrot, ko saist\u012bb\u0101 ar v\u0113l\u0113\u0161an\u0101m dar\u012bs Vidzemes partija. J\u0101atz\u012bst, ka \u0161ogad j\u016blij\u0101 pa\u0161vald\u012bbu v\u0113l\u0113\u0161an\u0101s Vidzemes partijai bija sal\u012bdzino\u0161i labi rezult\u0101ti. Proti, kandid\u0113jot asto\u0146\u0101s pa\u0161vald\u012bb\u0101s, se\u0161\u0101s ieguv\u0101m deput\u0101tu mand\u0101tus un div\u0101s pa\u0161vald\u012bb\u0101s mums ir pa\u0161vald\u012bbu priek\u0161s\u0113d\u0113t\u0101ji. Skaidrs, ka Vidzemes v\u0113l\u0113\u0161anu apgabal\u0101 tas var main\u012bt sp\u0113ku sam\u0113rus gaid\u0101maj\u0101s Saeimas v\u0113l\u0113\u0161an\u0101s. Ko \u0161\u0101dos gad\u012bjumos dara? K\u0101 saka \u2013 \u201csit pa galvu\u201d,\u201d sprie\u017e V. A. Krauklis.<\/p>\n<p>Vi\u0146\u0161 ar\u012b atkl\u0101j, ka ir ierosin\u0101ts v\u0113l viens krimin\u0101lprocess saist\u012bb\u0101 ar ra\u017eo\u0161anas teritoriju \u201cL\u012bdumi\u201d, kur uz\u0146\u0113m\u0113jdarb\u012bbu att\u012bsta viet\u0113j\u0101 zemnieku saimniec\u012bba \u201cJasm\u012bni\u201d. \u201cZieme\u013clatvija\u201d atg\u0101dina, ka \u0161o teritoriju un \u0113ku atkl\u0101ja 2022. gad\u0101. Ra\u017eo\u0161anas \u0113ka tiek izmantota biolo\u0123isko graudu, kaltes un biolo\u0123isk\u0101s sp\u0113kbar\u012bbas sagatavo\u0161anai, fas\u0113\u0161anai un uzglab\u0101\u0161anai. Kop\u0113j\u0101s projekta izmaksas 250 198 t\u016bksto\u0161i eiro, tai skait\u0101, attiecin\u0101m\u0101s izmaksas 233 467 eiro. 160 t\u016bksto\u0161i eiro ir ERAF finans\u0113jums, bet 8 t\u016bksto\u0161i eiro valsts bud\u017eeta dot\u0101cija, bet Valkas novada pa\u0161vald\u012bbas l\u012bdzfinans\u0113jums 82 t\u016bksto\u0161i eiro.<\/p>\n<p>\u201c\u0160aj\u0101 proces\u0101 esmu galvenais vain\u012bgais, un man ir ties\u012bbas uz aizst\u0101v\u012bbu. Pat l\u012bdz \u0161im br\u012bdim neviena instit\u016bcija man par \u0161o lietu piln\u012bgi neko nav pras\u012bjusi. Esmu sa\u0146\u0113mis br\u012bdin\u0101juma sign\u0101lus, ka dab\u016bsim ar\u012b par centr\u0101l\u0101s siltumapg\u0101des situ\u0101ciju. J\u0101, tagad tas viss notiek. Protams, v\u0113l viens faktors ir tas, ka vis\u0101s bud\u017eeta sarun\u0101s esmu nor\u0101d\u012bjis uz to, ka faktiski valsts nav izpild\u012bjusi to, ko ir sol\u012bjusi.<\/p>\n<p>Tad, kad bija Saeimas komisijas s\u0113de par teritori\u0101lo reformu, teicu \u2012 ja jau Valkas novadam ne\u013cauj b\u016bt liel\u0101kiem un novada teritorij\u0101 neiek\u013cauj blakus teritorijas, ir nepiecie\u0161ams \u012bpa\u0161s regul\u0113jums par to, ka daudzi novada iedz\u012bvot\u0101ji str\u0101d\u0101 un maks\u0101 nodok\u013cus Igaunij\u0101, bet dz\u012bvo, s\u016bta b\u0113rnus b\u0113rnud\u0101rzos un skol\u0101s Valkas novad\u0101. Tas joproj\u0101m nav izdar\u012bts. Katru gadu pa\u0161vald\u012bba uz ministrij\u0101m ir rakst\u012bjusi v\u0113stules, bet rezult\u0101ta nav nek\u0101da.<\/p>\n<p>N\u0101kamaj\u0101, 2026. gad\u0101 Valkas novadam bud\u017eeta pieaugums b\u016bs tikai viens procents. Tas ir zem\u0101kais Latvij\u0101. Protams, tas ir tikai t\u0101p\u0113c, ka vismaz 1000 novada iedz\u012bvot\u0101ji str\u0101d\u0101 Igaunij\u0101. Ar\u012b Latvijas Pa\u0161vald\u012bbu savien\u012bba pras\u012bja, lai \u0161is jaut\u0101jums beidzot tiek atrisin\u0101ts. Latgales pa\u0161vald\u012bb\u0101m valsts ir atradusi papildu finans\u0113jumu \u2013 tr\u012bs miljonus. Mums ar\u012b rad\u0101s cer\u012bba, bet p\u0113k\u0161\u0146i pateica \u2013 n\u0113, Valkai m\u0113s nedosim neko, jo, l\u016bk, pa\u0161vald\u012bbai ir probl\u0113mas ar maks\u0101jumiem par siltumu un v\u0113l kas cits.<\/p>\n<p>Tie jau ir vismaz desmit gadus seni st\u0101sti, kas \u0161odienas pa\u0161vald\u012bbas bud\u017eeta situ\u0101ciju faktiski neietekm\u0113. To zina ar\u012b VARAM, t\u0101d\u0113\u013c t\u0101da izrun\u0101\u0161an\u0101s nav korekta un tikai tracina cilv\u0113kus. God\u012bgi sakot, es ar \u010cudaru ar\u012b asi padiskut\u0113ju bud\u017eeta sarun\u0101s. Vi\u0146a izteikumi nov\u0113r\u0161 uzman\u012bbu no re\u0101l\u0101s probl\u0113mas, kas b\u016btu valstij j\u0101risina.\u201d<\/p>\n<p>Kas attiecas uz ministra R. \u010cudara p\u0101rmetumiem pa\u0161vald\u012bbai par finan\u0161u saist\u012bbu uz\u0146em\u0161anos pret priv\u0101tu siltuma ra\u017eot\u0101ju, V. A. Krauklis uzskata, ka \u0161\u012b lieta tiekot izst\u0101st\u012bta t\u0101d\u0101 manier\u0113, kas cilv\u0113kos radot \u0161aubas par pa\u0161vald\u012bbas godpr\u0101t\u012bgo r\u012bc\u012bbu.<\/p>\n<p>\u201cTas ir jau sens st\u0101sts. Tolaik, kad priv\u0101tie investori izteica v\u0113lmi invest\u0113t pa\u0161vald\u012bbai piedero\u0161aj\u0101s katlum\u0101j\u0101s un veidot ko\u0123ener\u0101cijas staciju, investoru nosac\u012bjums bija viens. Investori redz\u0113ja, kas bija noticis ar t\u0101laika Valkas pils\u0113tas pa\u0161vald\u012bbas SIA \u201cMega\u201d, jo \u0161is uz\u0146\u0113mums bankrot\u0113ja. Investori baid\u012bj\u0101s, ka iedz\u012bvot\u0101ji nesp\u0113s samaks\u0101t par sa\u0146emto siltumu. Vien\u012bgais nosac\u012bjums, k\u0101p\u0113c vi\u0146i b\u016btu gatavi ieguld\u012bt tolaik Rai\u0146a ielas katlum\u0101j\u0101, bija t\u0101ds, ka siltumu nop\u0113rk pa\u0161vald\u012bba. Investori saprata, ja pa\u0161vald\u012bba nop\u0113rk, tad ar\u012b par to samaks\u0101s.<\/p>\n<p>Tolaik tas ar\u012b iedz\u012bvot\u0101jiem n\u0101ca par labu. Pirm\u0101m k\u0101rt\u0101m \u2013 bija stabils siltuma tarifs. Faktiski pa\u0161vald\u012bba ar\u012b da\u013cu iedz\u012bvot\u0101ju, kuri tobr\u012bd nevar\u0113ja samaks\u0101t, dot\u0113ja. T\u0101 liel\u0101 paties\u012bba ir t\u0101da, ka beidzamajos gados iedz\u012bvot\u0101ju par\u0101ds par siltumu b\u016btiski nepieauga. Liel\u0101k\u0101 da\u013ca iedz\u012bvot\u0101ju par\u0101di ir vismaz ar desmit gadus senu v\u0113sturi. Pa\u0161vald\u012bba l\u0113n\u0101 gar\u0101 \u0161os par\u0101dus s\u0101ks piedz\u012bt. Ja tolaik b\u016btu to dar\u012bju\u0161i, visticam\u0101k, b\u016btu daudz br\u012bvu dz\u012bvok\u013cu. Tolaik dz\u012bvok\u013cu cena bija sal\u012bdzino\u0161i maza, t\u0101p\u0113c pa\u0161vald\u012bbas r\u012bc\u012bb\u0101 nebija instrumenta, no kura nemaks\u0101t\u0101ji baid\u012btos gad\u012bjum\u0101, ja vi\u0146us izliktu no dz\u012bvok\u013ciem. Pa\u0161laik Valk\u0101 labs dz\u012bvoklis maks\u0101 15 t\u016bksto\u0161us un vair\u0101k, t\u0101p\u0113c \u0161aj\u0101 br\u012bd\u012b pa\u0161vald\u012bba var s\u0101kt r\u012bkoties.<\/p>\n<p>Pa\u0161laik tik \u0101tri to nesp\u0113j\u0101m uzs\u0101kt, jo mums bija palicis tikai viens jurists. Savulaik darb\u0101 pie\u0146\u0113m\u0101m Danielu Minajevu tikai par\u0101du piedzi\u0146ai, bet vi\u0146u faktiski iz\u0113da no \u0161\u012b darba. Tie pa\u0161i, kas tagad domes valdo\u0161o koal\u012bciju kritiz\u0113. Protams, ja viss \u0161is iepriek\u0161\u0113jos gados b\u016btu k\u0101rt\u012bgi dar\u012bts, iedz\u012bvot\u0101ju par\u0101ds \u2013 vair\u0101k nek\u0101 miljons eiro \u2013 samazin\u0101tos,\u201d ir p\u0101rliecin\u0101ts pa\u0161vald\u012bbas vad\u012bt\u0101js.<\/p>\n<p>Novada pa\u0161vald\u012bbas domes s\u0113d\u0113, kas notika 25. septembr\u012b, deput\u0101ti l\u0113ma par izmai\u0146\u0101m siltumapg\u0101des pakalpojuma organiz\u0113\u0161anas k\u0101rt\u012bb\u0101 Valkas pils\u0113tas teritorij\u0101.<\/p>\n<p>Deput\u0101ti pie\u0146\u0113ma l\u0113mumu main\u012bt siltumapg\u0101des pakalpojuma organiz\u0113\u0161anas k\u0101rt\u012bbu Valkas pils\u0113t\u0101, lai nodro\u0161in\u0101tu efekt\u012bv\u0101ku sist\u0113mas darb\u012bbu un ilgtermi\u0146a att\u012bst\u012bbu. Galven\u0101s izmai\u0146as b\u016bs t\u0101das, ka pa\u0161vald\u012bbai piedero\u0161o katlum\u0101ju Varo\u0146u iel\u0101 39 atsavin\u0101s izsol\u0113, paredzot nosac\u012bjumus par nep\u0101rtrauktu siltumener\u0123ijas ra\u017eo\u0161anu un pieg\u0101di vismaz 20 gadu garum\u0101. Turkl\u0101t siltumener\u0123ijas p\u0101rvadi, sadali un tirdzniec\u012bbu pa\u0161vald\u012bba nodos SIA \u201cValkas Namsaimnieks\u201d p\u0101rzi\u0146\u0101, kas sl\u0113gs l\u012bgumu ar pa\u0161vald\u012bbu par sabiedrisk\u0101 pakalpojuma snieg\u0161anu. Turpm\u0101k siltumapg\u0101des tarifus izv\u0113rt\u0113s un apstiprin\u0101s Sabiedrisko pakalpojumu regul\u0113\u0161anas komisija, nodro\u0161inot neatkar\u012bgu un objekt\u012bvu tarifu kontroli.<\/p>\n<p>\u0160obr\u012bd izskan\u0113jus\u012b inform\u0101cija par Valkas novada pievieno\u0161anas iesp\u0113jam\u012bbu citam novadam ir ar\u012b cilv\u0113ku apspriest\u0101kais temats. Domas, k\u0101 alla\u017e, dal\u0101s, vieni uzskata, ka tas ir nepie\u013caujami, otri kritiz\u0113 pa\u0161vald\u012bbu un raksta, ka tas jau ir gaid\u0101ms.<\/p>\n<p>Vai j\u016bs b\u016btu gatavi savu vad\u012bto pa\u0161vald\u012bbu apvienot ar Valkas novada pa\u0161vald\u012bbu?<\/p>\n<p><img loading=\"lazy\" decoding=\"async\" width=\"567\" height=\"567\" src=\"https:\/\/www.europesays.com\/lv\/wp-content\/uploads\/2025\/10\/Ervins-Labanovskis-1.jpg\" alt=\"\" class=\"wp-image-976959\"  \/><\/p>\n<p>Ervins Labanovskis, Smiltenes novada pa\u0161vald\u012bbas priek\u0161s\u0113d\u0113t\u0101js:<\/p>\n<p>\u2013 \u0160obr\u012bd m\u0113s \u0161o jaut\u0101jumu neizskat\u0101m, t\u0101p\u0113c nav iesp\u0113jams uz to atbild\u0113t. Faktiski \u0161is viens ministra izteikums ir drauds Valkas novadam. Lai par \u0161o jaut\u0101jumu s\u0101ktu diskut\u0113t, j\u0101b\u016bt citai proced\u016brai. Ja kaut kas t\u0101ds tiek dar\u012bts, par to lemj vald\u012bba, nevis pa\u0161vald\u012bbas. Ja vald\u012bba par \u0161\u0101du apvieno\u0161anu nolemj, tad ir j\u0101skat\u0101s,<\/p>\n<p>k\u0101da ir Valkas novada infrastrukt\u016bra, kur m\u0101c\u0101s b\u0113rni, k\u0101da ir ekonomisk\u0101 kust\u012bba. Ko v\u0113las Valkas novada iedz\u012bvot\u0101ji? Ko galu gal\u0101 v\u0113las ar\u012b Smiltenes novada iedz\u012bvot\u0101ji? Tas ir apjom\u012bgs un sare\u017e\u0123\u012bts process. Ir j\u0101rod atbildes, vai \u0161\u0101da apvieno\u0161ana visp\u0101r ir iesp\u0113jama. M\u0113s neesam nek\u0101da kara\u013cvalsts, kuras uzdevums b\u016btu tikai papla\u0161in\u0101t savu teritoriju. Pa\u0161vald\u012bbai ir j\u0101nodro\u0161ina visi iesp\u0113jamie pakalpojumi, un p\u0101r\u0113jais ir tikai risin\u0101jumi, k\u0101 to lab\u0101k izdar\u012bt.<\/p>\n<p><img loading=\"lazy\" decoding=\"async\" width=\"682\" height=\"826\" src=\"https:\/\/www.europesays.com\/lv\/wp-content\/uploads\/2025\/10\/Janis-Baiks.jpg\" alt=\"\" class=\"wp-image-976920\"  \/><\/p>\n<p>J\u0101nis Baiks, Valmieras novada pa\u0161vald\u012bbas priek\u0161s\u0113d\u0113t\u0101js:<\/p>\n<p>\u2013 Pirmais ir tas, ka tam, ko raksta av\u012bz\u0113s, tikai 10 procentus ticu. \u0160o izskan\u0113ju\u0161o inform\u0101ciju neuztveru t\u0101, ka man tagad par kaut ko t\u0101du b\u016btu j\u0101dom\u0101 vai j\u0101dara. Ministrija ar mums par neko t\u0101du nav run\u0101jusi, un tas nav pat apspriests. \u0160obr\u012bd man negribas tais\u012bt nek\u0101das spekul\u0101cijas un par kaut ko t\u0101du run\u0101t. Jau pirms \u010detriem gadiem vald\u012bba uzz\u012bm\u0113ja novadu robe\u017eas un p\u0113c tam m\u016bs aizmirsa. Pa\u0161iem ar visu bija j\u0101tiek gal\u0101. Katru dienu m\u0113s dzirdam, ko k\u0101ds ministrs \u201cizsp\u013cauj\u201d. Es to ne\u0146emu v\u0113r\u0101, kam\u0113r nes\u0101k ar mums run\u0101t.<\/p>\n<p>VIEDOKLIS<\/p>\n<p><img loading=\"lazy\" decoding=\"async\" width=\"1001\" height=\"1024\" src=\"https:\/\/www.europesays.com\/lv\/wp-content\/uploads\/2025\/10\/Baiba-Karpova-Progresivie-1001x1024.jpg\" alt=\"\" class=\"wp-image-976921\"  \/><\/p>\n<p>Valkas novada pa\u0161vald\u012bbas domes opoz\u012bcijas deput\u0101te Baiba Karpova (\u201cProgres\u012bvie\u201d):<\/p>\n<p>\u2013 K\u0101 deput\u0101te dom\u0113 str\u0101d\u0101ju gadu. Ir bijusi saj\u016bta, ka var\u0113tu izskan\u0113t \u0161\u0101ds pie\u0146\u0113mums par Valkas novada pa\u0161vald\u012bbas pievieno\u0161anu k\u0101dam no kaimi\u0146u novadiem. Apgrozoties starp kol\u0113\u0123iem, kuri str\u0101d\u0101 R\u012bg\u0101 un cit\u0101s pa\u0161vald\u012bb\u0101s, un zinot to finans\u0113jumu, kas kult\u016bras nozarei pie\u0161\u0137irts vi\u0146u pa\u0161vald\u012bb\u0101s, kol\u0113\u0123i jau sen izr\u0101d\u012bja sa\u0161utumu, k\u0101 m\u0113s visp\u0101r sp\u0113jam novad\u0101 ar tik mazu iedz\u012bvot\u0101ju skaitu eksist\u0113t. Ar\u012b \u0146emot v\u0113r\u0101, cik finansi\u0101li saspringti p\u0113d\u0113jos divos gados esam dz\u012bvoju\u0161i, to var saukt tikai par izdz\u012bvo\u0161anu. Ja \u0123imen\u0113 ir j\u0101dz\u012bvo saspringtos finan\u0161u apst\u0101k\u013cos, rodas liela spriedze. \u0160\u0101da saj\u016bta man ir bijusi ilgsto\u0161i, ka t\u0101ds scen\u0101rijs var draud\u0113t, ja m\u0113s nerad\u012bsim k\u0101dus risin\u0101jumus, k\u0101 pa\u0161vald\u012bb\u0101 samazin\u0101t izdevumus, k\u0101 ar\u012b mekl\u0113t ce\u013cus, k\u0101 str\u0101d\u0101t efekt\u012bv\u0101k. Ta\u010du j\u0101atz\u012bst, ka, sal\u012bdzinot ar pa\u0161reiz\u0113jo finan\u0161u situ\u0101ciju, pa\u0161vald\u012bb\u0101 ir biju\u0161i v\u0113l slikt\u0101ki laiki. Pa\u0161vald\u012bb\u0101 str\u0101d\u0101ju jau 12 gadus, un ir biju\u0161i gadi, kad, piem\u0113ram, atva\u013cin\u0101juma nauda ir j\u0101gaida divas ned\u0113\u013cas. Pa\u0161laik \u0161\u0101das situ\u0101cijas nav. Pa\u0161vald\u012bba sp\u0113j samaks\u0101t algas saviem darbiniekiem. T\u0101 ir lab\u0101 lieta. Slikt\u0101 lieta ir t\u0101, ka finan\u0161u kr\u012bzi rad\u012bja ar\u012b kar\u0161 Ukrain\u0101. L\u012bdz ar to ar\u012b iedz\u012bvot\u0101ju pirktsp\u0113ja ir krasi kritusies. Pa\u0161vald\u012bba ir atkar\u012bga no ie\u0146\u0113mumiem un iedz\u012bvot\u0101ju sp\u0113jas samaks\u0101t par pa\u0161vald\u012bbas sniegtajiem pakalpojumiem. Tad, kad mums k\u0101 deput\u0101tiem sniedza inform\u0101ciju par iedz\u012bvot\u0101ju par\u0101diem gan pagastos, gan pils\u0113t\u0101, j\u0101atz\u012bst, par\u0101dsaist\u012bbas ir diezgan lielas. Ja man b\u016btu iesp\u0113ja izv\u0113l\u0113ties, kuram kaimi\u0146u novadam pievienoties, mana izv\u0113le b\u016btu par labu Smiltenes novadam. Ceru, ka Valkas novads b\u016bs pats par sevi, jo esam \u012bpa\u0161a teritorija. Man ir \u017e\u0113l, ka pirms \u010detriem gadiem Valkas novadam negrib\u0113ja pievienoties Stren\u010di, Nauk\u0161\u0113ni un R\u016bjiena. K\u0101das b\u016btu vi\u0146u domas \u0161obr\u012bd par to, k\u0101 vi\u0146i j\u016btas, dz\u012bvojot Valmieras novad\u0101.<\/p>\n<p>APTAUJA<\/p>\n<p>Vai Valkas novadam j\u0101dz\u012bvo patst\u0101v\u012bgi vai tas j\u0101pievieno k\u0101dam no kaimi\u0146u novadiem? #SIF_MAF2025<\/p>\n<p>#SIF_MAF2025<\/p>\n<p><a href=\"https:\/\/www.europesays.com\/lv\/wp-content\/uploads\/2025\/10\/image-8-5.png\"><img loading=\"lazy\" decoding=\"async\" width=\"400\" height=\"229\" src=\"https:\/\/www.europesays.com\/lv\/wp-content\/uploads\/2025\/10\/image-8-5.png\" alt=\"\" class=\"wp-image-973630\"  \/><\/a><\/p>\n<p>Mediju atbalsta fonda ieguld\u012bjums no Latvijas valsts bud\u017eeta l\u012bdzek\u013ciem. Par raksta saturu atbild \u201cZieme\u013clatvija\u201d.<\/p>\n<p>Nov\u0113rt\u0113 \u0161o rakstu \u201cCik re\u0101ls ir ministra pie\u013c\u0101vums par Valkas novada pievieno\u0161anu kaimi\u0146u novadiem?\u201d #SIF_MAF2025<\/p>\n","protected":false},"excerpt":{"rendered":"Foto: Ing\u016bna Johansone \u201cVai tie\u0161\u0101m Valkas novadu var\u0113tu pievienot k\u0101dam kaimi\u0146u novadam?\u201d t\u0101 \u0161oned\u0113\u013c jaut\u0101jis ne viens vien&hellip;\n","protected":false},"author":2,"featured_media":11562,"comment_status":"","ping_status":"","sticky":false,"template":"","format":"standard","meta":{"footnotes":""},"categories":[5],"tags":[23,28,29,32,33,22,30,31,35,39,38,36,37,34,40,20,26,27,4246,24,25,1007,1009,3493,21],"class_list":{"0":"post-11561","1":"post","2":"type-post","3":"status-publish","4":"format-standard","5":"has-post-thumbnail","7":"category-aktualitates","8":"tag-aktualitates","9":"tag-breaking-news","10":"tag-breakingnews","11":"tag-featured-news","12":"tag-featurednews","13":"tag-headlines","14":"tag-latest-news","15":"tag-latestnews","16":"tag-latvia","17":"tag-latvian","18":"tag-latviesu","19":"tag-latviesu-valoda","20":"tag-latviesuvaloda","21":"tag-latvija","22":"tag-lv","23":"tag-news","24":"tag-popularakas-zinas","25":"tag-popularakaszinas","26":"tag-sif_maf2025","27":"tag-top-stories","28":"tag-topstories","29":"tag-valka","30":"tag-valkasnovads","31":"tag-varam","32":"tag-zinas"},"share_on_mastodon":{"url":"","error":""},"_links":{"self":[{"href":"https:\/\/www.europesays.com\/lv\/wp-json\/wp\/v2\/posts\/11561","targetHints":{"allow":["GET"]}}],"collection":[{"href":"https:\/\/www.europesays.com\/lv\/wp-json\/wp\/v2\/posts"}],"about":[{"href":"https:\/\/www.europesays.com\/lv\/wp-json\/wp\/v2\/types\/post"}],"author":[{"embeddable":true,"href":"https:\/\/www.europesays.com\/lv\/wp-json\/wp\/v2\/users\/2"}],"replies":[{"embeddable":true,"href":"https:\/\/www.europesays.com\/lv\/wp-json\/wp\/v2\/comments?post=11561"}],"version-history":[{"count":0,"href":"https:\/\/www.europesays.com\/lv\/wp-json\/wp\/v2\/posts\/11561\/revisions"}],"wp:featuredmedia":[{"embeddable":true,"href":"https:\/\/www.europesays.com\/lv\/wp-json\/wp\/v2\/media\/11562"}],"wp:attachment":[{"href":"https:\/\/www.europesays.com\/lv\/wp-json\/wp\/v2\/media?parent=11561"}],"wp:term":[{"taxonomy":"category","embeddable":true,"href":"https:\/\/www.europesays.com\/lv\/wp-json\/wp\/v2\/categories?post=11561"},{"taxonomy":"post_tag","embeddable":true,"href":"https:\/\/www.europesays.com\/lv\/wp-json\/wp\/v2\/tags?post=11561"}],"curies":[{"name":"wp","href":"https:\/\/api.w.org\/{rel}","templated":true}]}}