{"id":115610,"date":"2026-01-28T08:38:07","date_gmt":"2026-01-28T08:38:07","guid":{"rendered":"https:\/\/www.europesays.com\/lv\/115610\/"},"modified":"2026-01-28T08:38:07","modified_gmt":"2026-01-28T08:38:07","slug":"fico-pec-tiksanas-ar-trampu-nobazijies-par-vina-garigo-stavokli","status":"publish","type":"post","link":"https:\/\/www.europesays.com\/lv\/115610\/","title":{"rendered":"Fico p\u0113c tik\u0161an\u0101s ar Trampu noba\u017e\u012bjies par vi\u0146a gar\u012bgo st\u0101vokli"},"content":{"rendered":"<p><a href=\"https:\/\/www.apollo.lv\/term\/733570\/roberts-fico\" class=\"topicLink\" target=\"_blank\" rel=\"nofollow noopener\">Roberts Fico<\/a>, viens no nedaudzajiem ES l\u012bderiem, kur\u0161 regul\u0101ri pau\u017e atbalstu Trampa politikai attiec\u012bb\u0101 pret Eiropu, izteicis ba\u017eas par <a href=\"https:\/\/www.apollo.lv\/term\/555410\/asv\" class=\"topicLink\" target=\"_blank\" rel=\"nofollow noopener\">ASV<\/a> prezidenta &#8220;psihisko st\u0101vokli&#8221;, izdevumam atkl\u0101ja divi diplom\u0101ti. Fico Trampa uzved\u012bbu vi\u0146u tik\u0161an\u0101s laik\u0101 prezidenta \u012bpa\u0161um\u0101 Maralago, Florid\u0101, 17. janv\u0101r\u012b nosaucis par &#8220;b\u012bstamu&#8221;.<\/p>\n<p>Saruna starp Fico un vi\u0146a ES kol\u0113\u0123iem notika Brisel\u0113, 22. janv\u0101r\u012b, paral\u0113li \u0101rk\u0101rtas samitam, kur\u0101 tika apspriesti Trampa draudi anekt\u0113t Grenlandi. Slov\u0101kijas premjerministrs savus koment\u0101rus izteica atsevi\u0161\u0137\u0101 neform\u0101l\u0101 san\u0101ksm\u0113 starp da\u017eiem l\u012bderiem un ES augst\u0101kaj\u0101m amatperson\u0101m, nevis ofici\u0101laj\u0101s apa\u013c\u0101 galda sarun\u0101s, teica diplom\u0101ti.<\/p>\n<blockquote class=\"quote ck-widget\" contenteditable=\"false\">\n<p>Lai gan neviens no diplom\u0101tiem, kuri run\u0101ja ar &#8220;Politico&#8221;, sarun\u0101 nepiedal\u012bj\u0101s, da\u017ei no kl\u0101teso\u0161ajiem l\u012bderiem vi\u0146iem atkl\u0101ju\u0161i sarunas saturu. Konfidencialit\u0101tes saglab\u0101\u0161anas d\u0113\u013c izdevums nav nosaucis neviena diplom\u0101ta v\u0101rdu.<\/p>\n<\/blockquote>\n<p>Fico koment\u0101ri ir \u012bpa\u0161i noz\u012bm\u012bgi, jo vi\u0146\u0161 ir viens no retajiem ES l\u012bderiem, kur\u0161 regul\u0101ri un publiski pau\u017e atbalstu Trampam un vi\u0146a politikai. Fico preses p\u0101rst\u0101vji nav atbild\u0113ju\u0161i uz vair\u0101kk\u0101rt\u0113jiem &#8220;Politico&#8221; l\u016bgumiem sniegt koment\u0101rus par notiku\u0161o.<\/p>\n<p>Balt\u0101 nama preses p\u0101rst\u0101ve Anna Kellija inform\u0101ciju nosaukusi par &#8220;viltus zi\u0146\u0101m&#8221;: &#8220;T\u0101s ir absol\u016btas viltus zi\u0146as no anon\u012bmiem Eiropas diplom\u0101tiem, kuri cen\u0161as b\u016bt noz\u012bm\u012bgi. Tik\u0161an\u0101s Maralago bija pozit\u012bva un produkt\u012bva.&#8221;<\/p>\n<p>Augsta administr\u0101cijas amatpersona, kas piedal\u012bj\u0101s Trampa un Fico san\u0101ksm\u0113, &#8220;Politico&#8221; teica, ka nevar atcer\u0113ties nek\u0101dus nepat\u012bkamus br\u012b\u017eus vai neadekv\u0101tas sarunas. Vi\u0146i teica, ka tik\u0161an\u0101s, ko bija piepras\u012bjis Fico, bija pat\u012bkama, norm\u0101la un ietv\u0113ra da\u017eas neform\u0101las sarunas, kuras iem\u016b\u017ein\u0101ja Balt\u0101 nama fotogr\u0101fs.<\/p>\n","protected":false},"excerpt":{"rendered":"Roberts Fico, viens no nedaudzajiem ES l\u012bderiem, kur\u0161 regul\u0101ri pau\u017e atbalstu Trampa politikai attiec\u012bb\u0101 pret Eiropu, izteicis ba\u017eas&hellip;\n","protected":false},"author":2,"featured_media":115611,"comment_status":"","ping_status":"","sticky":false,"template":"","format":"standard","meta":{"footnotes":""},"categories":[14],"tags":[23,57,292,28,29,542,32,33,22,30,31,35,39,38,36,37,34,40,20,26,27,19671,3008,24,25,54,55,56,21,58],"class_list":{"0":"post-115610","1":"post","2":"type-post","3":"status-publish","4":"format-standard","5":"has-post-thumbnail","7":"category-zinas-no-arvalstim","8":"tag-aktualitates","9":"tag-arvalstim","10":"tag-asv","11":"tag-breaking-news","12":"tag-breakingnews","13":"tag-donalds-tramps","14":"tag-featured-news","15":"tag-featurednews","16":"tag-headlines","17":"tag-latest-news","18":"tag-latestnews","19":"tag-latvia","20":"tag-latvian","21":"tag-latviesu","22":"tag-latviesu-valoda","23":"tag-latviesuvaloda","24":"tag-latvija","25":"tag-lv","26":"tag-news","27":"tag-popularakas-zinas","28":"tag-popularakaszinas","29":"tag-roberts-fico","30":"tag-slovakija","31":"tag-top-stories","32":"tag-topstories","33":"tag-world","34":"tag-world-news","35":"tag-worldnews","36":"tag-zinas","37":"tag-zinas-no-arvalstim"},"share_on_mastodon":{"url":"https:\/\/pubeurope.com\/@lv\/115971824268565768","error":""},"_links":{"self":[{"href":"https:\/\/www.europesays.com\/lv\/wp-json\/wp\/v2\/posts\/115610","targetHints":{"allow":["GET"]}}],"collection":[{"href":"https:\/\/www.europesays.com\/lv\/wp-json\/wp\/v2\/posts"}],"about":[{"href":"https:\/\/www.europesays.com\/lv\/wp-json\/wp\/v2\/types\/post"}],"author":[{"embeddable":true,"href":"https:\/\/www.europesays.com\/lv\/wp-json\/wp\/v2\/users\/2"}],"replies":[{"embeddable":true,"href":"https:\/\/www.europesays.com\/lv\/wp-json\/wp\/v2\/comments?post=115610"}],"version-history":[{"count":0,"href":"https:\/\/www.europesays.com\/lv\/wp-json\/wp\/v2\/posts\/115610\/revisions"}],"wp:featuredmedia":[{"embeddable":true,"href":"https:\/\/www.europesays.com\/lv\/wp-json\/wp\/v2\/media\/115611"}],"wp:attachment":[{"href":"https:\/\/www.europesays.com\/lv\/wp-json\/wp\/v2\/media?parent=115610"}],"wp:term":[{"taxonomy":"category","embeddable":true,"href":"https:\/\/www.europesays.com\/lv\/wp-json\/wp\/v2\/categories?post=115610"},{"taxonomy":"post_tag","embeddable":true,"href":"https:\/\/www.europesays.com\/lv\/wp-json\/wp\/v2\/tags?post=115610"}],"curies":[{"name":"wp","href":"https:\/\/api.w.org\/{rel}","templated":true}]}}