{"id":115619,"date":"2026-01-28T08:44:09","date_gmt":"2026-01-28T08:44:09","guid":{"rendered":"https:\/\/www.europesays.com\/lv\/115619\/"},"modified":"2026-01-28T08:44:09","modified_gmt":"2026-01-28T08:44:09","slug":"ukrainas-armija-otrdien-nogalinajusi-vai-ievainojusi-690-krievu-iebrucejus-tvnet","status":"publish","type":"post","link":"https:\/\/www.europesays.com\/lv\/115619\/","title":{"rendered":"Ukrainas armija otrdien nogalin\u0101jusi vai ievainojusi 690 krievu iebruc\u0113jus &#8211; TVNET"},"content":{"rendered":"<ol>\n<li><a href=\"https:\/\/news.google.com\/rss\/articles\/CBMipgFBVV95cUxQcWFMR0pjdV9yS0xPWHFtLTBKSHZHaEhKcVNnd21oX2w5Q2NpVlhjVVlIRWlWb0EwazR3R0JGY04yRktCc1JxUWZ3MkxjRFRtQ3IzWGRFOUtGRVRVODI0WjZodGlVdGVFMlhlNFU5eWpFZlliUlJ6ZU56cHpTak4zOW9VMjFJaGlJZ0NfMmo1VFdZNTI1X2gxbjN4LXJoeWF5V1AwQUpR?oc=5\" target=\"_blank\" rel=\"nofollow noopener\">Ukrainas armija otrdien nogalin\u0101jusi vai ievainojusi 690 krievu iebruc\u0113jus<\/a>&nbsp;&nbsp;TVNET<\/li>\n<li><a href=\"https:\/\/news.google.com\/rss\/articles\/CBMimgFBVV95cUxQd1lfOEJLMTdkbWt3VDNwNzlPNGtNbkNvajFIaHNvblliRzJmYjZwWG9Wa1BQOFB5NUtMVlBVcVVSZXQ1N3E5RjExOTQtQ1JtM25GZnU1azVYQ2l5SkdfMlNyTWQxVkI5N1YxSkthVlBmX2xjMjBpQ3lGb0NFd0JIenhwemM4dmZZY1dwbGN2Q2o2ODRsaWRGRHpn?oc=5\" target=\"_blank\" rel=\"nofollow noopener\">Rite: Decembr\u012b Ukrain\u0101 kritu\u0161i vair\u0101k nek\u0101 30 000 krievu karav\u012bru<\/a>&nbsp;&nbsp;Apollo.lv<\/li>\n<li><a href=\"https:\/\/news.google.com\/rss\/articles\/CBMirAFBVV95cUxNdjd4eXNiajdDbERNRXZRdmVSSFlMTWZIR3N5azVEcEx3NVF4NnZKWDhIWlhVM0dlLUpzRDNMLUExdGk1VEV3VUdtY3ZXb3pSTFdXTWtkM09KbjJKMl9ldENnRlhFOTl4ZGd0Mld4SFB2ck5lbWF0LW5pLW9oZHNNT2xINUdIOUVZNDFtTk04dWpMdVo2V3VTcDdieDNzNGxSUHBQTnJmVzVJYkdo0gGyAUFVX3lxTFBBVzQ0dVVDQ2xaU2hvbllGOGpqNHphV3pLQUFkMWtfYmhkYnVlUmwwd2pBOUM5clQ3UjNMY2FyR2NGOS1zQ25VQ0pIUVhfN2E5VEg4aklFM21oVHJDbm44cnM1WlZzaUxUSDhYRDJucE1fU2NTcUw5NHBVT3ZsaG9qUWZ6WVBzX05RQjd2X3J4RW9nR1ZjYmVWTm5EeUx5bkhtOXlXX2JaYl9GMEJEdVFGdUE?oc=5\" target=\"_blank\" rel=\"nofollow noopener\">Ukraina: Krievijas dz\u012bv\u0101 sp\u0113ka zaud\u0113jumi sasniedz 1 234 040<\/a>&nbsp;&nbsp;bb.lv<\/li>\n<li><a href=\"https:\/\/news.google.com\/rss\/articles\/CBMirAFBVV95cUxOVDA0ai1sNTZqYUZ0UFJKX2p5Nnp3VHJaWFozeW5EMl80OFpEUXRkSnJDbWtUckEySjZoVDc4OVZiOF9hN3JqZVc2TkxxQklPdHlwc1M5Y201N3R6UkFaYjZNd1BfNDkzNDZ1SXBhaE14LWNSTUpzNjh5eXZ5Vlk2MlhRWWkwY2tESWQ1Q3RHWUgwOVdvVjFZMU03Yk9KbWpwenQ3QzdvY2U4cFpN?oc=5\" target=\"_blank\" rel=\"nofollow noopener\">Ukrain\u0101 datiem diennakts laik\u0101 izn\u012bcin\u0101ti 1280 iebruc\u0113ji<\/a>&nbsp;&nbsp;Diena<\/li>\n<li><a href=\"https:\/\/news.google.com\/rss\/articles\/CBMiwAFBVV95cUxNdjEyaWtQeGppVi0zeERMV1k4TmpYTmxiUVRUOTVibmY5VzZfRnk3MkdfNEFyNGw5Y1dhWmk4WUhtTzV2LTl2MU5oNFI0c2RrbGc4Rjd3MDM4VmF6aHItcjQ1WHc2enRvajlLNFg4akg4N3V0MDJIdWl0V0VVZFR2OTBxLVRXcjYwek1PaGVxOUJ3cUtudm10UnZ2N2NwQTNRR254OGloY21QdkRrZzBZTVMyOHpPOEFmdVRROTgxMms?oc=5\" target=\"_blank\" rel=\"nofollow noopener\">Ukrain\u0101 nogalin\u0101ti vai ievainoti l\u012bdz 1,2 miljoniem krievu iebruc\u0113ju<\/a>&nbsp;&nbsp;liepajniekiem.lv<\/li>\n<\/ol>\n","protected":false},"excerpt":{"rendered":"Ukrainas armija otrdien nogalin\u0101jusi vai ievainojusi 690 krievu iebruc\u0113jus&nbsp;&nbsp;TVNET Rite: Decembr\u012b Ukrain\u0101 kritu\u0161i vair\u0101k nek\u0101 30 000 krievu&hellip;\n","protected":false},"author":2,"featured_media":115620,"comment_status":"","ping_status":"","sticky":false,"template":"","format":"standard","meta":{"footnotes":""},"categories":[14],"tags":[23,57,28,29,32,33,22,234,74,30,31,35,39,38,36,37,34,40,20,26,27,24,25,276,54,55,56,21,58],"class_list":{"0":"post-115619","1":"post","2":"type-post","3":"status-publish","4":"format-standard","5":"has-post-thumbnail","7":"category-zinas-no-arvalstim","8":"tag-aktualitates","9":"tag-arvalstim","10":"tag-breaking-news","11":"tag-breakingnews","12":"tag-featured-news","13":"tag-featurednews","14":"tag-headlines","15":"tag-krievija","16":"tag-krievijas-iebrukums-ukraina","17":"tag-latest-news","18":"tag-latestnews","19":"tag-latvia","20":"tag-latvian","21":"tag-latviesu","22":"tag-latviesu-valoda","23":"tag-latviesuvaloda","24":"tag-latvija","25":"tag-lv","26":"tag-news","27":"tag-popularakas-zinas","28":"tag-popularakaszinas","29":"tag-top-stories","30":"tag-topstories","31":"tag-ukraina","32":"tag-world","33":"tag-world-news","34":"tag-worldnews","35":"tag-zinas","36":"tag-zinas-no-arvalstim"},"share_on_mastodon":{"url":"https:\/\/pubeurope.com\/@lv\/115971847807417698","error":""},"_links":{"self":[{"href":"https:\/\/www.europesays.com\/lv\/wp-json\/wp\/v2\/posts\/115619","targetHints":{"allow":["GET"]}}],"collection":[{"href":"https:\/\/www.europesays.com\/lv\/wp-json\/wp\/v2\/posts"}],"about":[{"href":"https:\/\/www.europesays.com\/lv\/wp-json\/wp\/v2\/types\/post"}],"author":[{"embeddable":true,"href":"https:\/\/www.europesays.com\/lv\/wp-json\/wp\/v2\/users\/2"}],"replies":[{"embeddable":true,"href":"https:\/\/www.europesays.com\/lv\/wp-json\/wp\/v2\/comments?post=115619"}],"version-history":[{"count":0,"href":"https:\/\/www.europesays.com\/lv\/wp-json\/wp\/v2\/posts\/115619\/revisions"}],"wp:featuredmedia":[{"embeddable":true,"href":"https:\/\/www.europesays.com\/lv\/wp-json\/wp\/v2\/media\/115620"}],"wp:attachment":[{"href":"https:\/\/www.europesays.com\/lv\/wp-json\/wp\/v2\/media?parent=115619"}],"wp:term":[{"taxonomy":"category","embeddable":true,"href":"https:\/\/www.europesays.com\/lv\/wp-json\/wp\/v2\/categories?post=115619"},{"taxonomy":"post_tag","embeddable":true,"href":"https:\/\/www.europesays.com\/lv\/wp-json\/wp\/v2\/tags?post=115619"}],"curies":[{"name":"wp","href":"https:\/\/api.w.org\/{rel}","templated":true}]}}