{"id":115642,"date":"2026-01-28T09:19:06","date_gmt":"2026-01-28T09:19:06","guid":{"rendered":"https:\/\/www.europesays.com\/lv\/115642\/"},"modified":"2026-01-28T09:19:06","modified_gmt":"2026-01-28T09:19:06","slug":"food-union-tris-jaunu-lakto-protein-jogurtu-izstrade-investejis-40-000-eiro-dienas-bizness","status":"publish","type":"post","link":"https:\/\/www.europesays.com\/lv\/115642\/","title":{"rendered":"Food Union tr\u012bs jaunu Lakto Protein jogurtu izstr\u0101d\u0113 invest\u0113jis 40 000 eiro :: Dienas Bizness"},"content":{"rendered":"<p class=\"text-font font-size--text-xlarge margin-3--bottom font-weight--bold padding-1--top\">Konkurences padome (KP) at\u013c\u0101vusi starptautiskajam sald\u0113juma ra\u017eot\u0101jam &#8220;Froneri&#8221; ieg\u0101d\u0101ties piena p\u0101rstr\u0101des koncerna &#8220;Food Union&#8221; sald\u0113juma biznesu, inform\u0113 KP.<\/p>\n<p class=\"text-font font-size--text-xlarge margin-3--bottom\">KP at\u013c\u0101vusi &#8220;Froneri International Limited&#8221; ieg\u016bt vienpersonisku iz\u0161\u0137iro\u0161u ietekmi p\u0101r &#8220;Food Union Luxembourg Group&#8221;.<\/p>\n<p class=\"text-font font-size--text-xlarge margin-3--bottom\">&#8220;Froneri&#8221; ra\u017eo t\u0101du z\u012bmolu sald\u0113jumus k\u0101 &#8220;Extreme&#8221;, &#8220;Drumstick&#8221;, &#8220;Oreo&#8221;, &#8220;Milka&#8221;, &#8220;Cadbury&#8221;, &#8220;Pirulo&#8221;, &#8220;Nuii&#8221; un citus, k\u0101 ar\u012b darbojas sald\u0113tu p\u0101rtikas produktu jom\u0101, tas ir, ra\u017eo sald\u0113tas k\u016bkas.<\/p>\n<p class=\"text-font font-size--text-xlarge margin-3--bottom\">&#8220;Froneri&#8221; sald\u0113juma un sald\u0113tu k\u016bku vairumtirdzniec\u012bbu galvenok\u0101rt nodro\u0161ina ASV, V\u0101cijas, It\u0101lijas, Francijas, \u0160veices, Austr\u0101lijas teritorij\u0101s, tom\u0113r atsevi\u0161\u0137us produktus uz\u0146\u0113mums eksport\u0113 ar\u012b uz Baltijas valst\u012bm ar viet\u0113jo izplat\u012bt\u0101ju un mazumtirgot\u0101ju starpniec\u012bbu.<\/p>\n<p class=\"text-font font-size--text-xlarge margin-3--bottom\">&#8220;Food Union Luxembourg Group&#8221; ir holdingkomp\u0101nija, kuras meitasuz\u0146\u0113mumi nodarbojas ar sald\u0113juma, piena produktu, k\u0101 ar\u012b sald\u0113tu p\u0101rtikas produktu, tostarp zivju, j\u016bras vel\u0161u, ga\u013cas, d\u0101rze\u0146u, pelme\u0146u un pan\u0113tu \u0113dienu, konditorejas izstr\u0101d\u0101jumu un biezpiena batoni\u0146u ra\u017eo\u0161anu un p\u0101rdo\u0161anu galvenok\u0101rt Baltijas, Norv\u0113\u0123ijas, D\u0101nijas un Rum\u0101nijas teritorij\u0101s.<\/p>\n","protected":false},"excerpt":{"rendered":"Konkurences padome (KP) at\u013c\u0101vusi starptautiskajam sald\u0113juma ra\u017eot\u0101jam &#8220;Froneri&#8221; ieg\u0101d\u0101ties piena p\u0101rstr\u0101des koncerna &#8220;Food Union&#8221; sald\u0113juma biznesu, inform\u0113 KP.&hellip;\n","protected":false},"author":2,"featured_media":115643,"comment_status":"","ping_status":"","sticky":false,"template":"","format":"standard","meta":{"footnotes":""},"categories":[16],"tags":[869,77,870,76,867,35,39,38,36,37,34,871,868,40,21],"class_list":{"0":"post-115642","1":"post","2":"type-post","3":"status-publish","4":"format-standard","5":"has-post-thumbnail","7":"category-bizness","8":"tag-biznesa-zinas","9":"tag-bizness","10":"tag-bizness-latvija","11":"tag-business","12":"tag-dienas-zinas","13":"tag-latvia","14":"tag-latvian","15":"tag-latviesu","16":"tag-latviesu-valoda","17":"tag-latviesuvaloda","18":"tag-latvija","19":"tag-latvijas-biznesa-zinas","20":"tag-latvijas-zinas","21":"tag-lv","22":"tag-zinas"},"share_on_mastodon":{"url":"https:\/\/pubeurope.com\/@lv\/115971985472944843","error":""},"_links":{"self":[{"href":"https:\/\/www.europesays.com\/lv\/wp-json\/wp\/v2\/posts\/115642","targetHints":{"allow":["GET"]}}],"collection":[{"href":"https:\/\/www.europesays.com\/lv\/wp-json\/wp\/v2\/posts"}],"about":[{"href":"https:\/\/www.europesays.com\/lv\/wp-json\/wp\/v2\/types\/post"}],"author":[{"embeddable":true,"href":"https:\/\/www.europesays.com\/lv\/wp-json\/wp\/v2\/users\/2"}],"replies":[{"embeddable":true,"href":"https:\/\/www.europesays.com\/lv\/wp-json\/wp\/v2\/comments?post=115642"}],"version-history":[{"count":0,"href":"https:\/\/www.europesays.com\/lv\/wp-json\/wp\/v2\/posts\/115642\/revisions"}],"wp:featuredmedia":[{"embeddable":true,"href":"https:\/\/www.europesays.com\/lv\/wp-json\/wp\/v2\/media\/115643"}],"wp:attachment":[{"href":"https:\/\/www.europesays.com\/lv\/wp-json\/wp\/v2\/media?parent=115642"}],"wp:term":[{"taxonomy":"category","embeddable":true,"href":"https:\/\/www.europesays.com\/lv\/wp-json\/wp\/v2\/categories?post=115642"},{"taxonomy":"post_tag","embeddable":true,"href":"https:\/\/www.europesays.com\/lv\/wp-json\/wp\/v2\/tags?post=115642"}],"curies":[{"name":"wp","href":"https:\/\/api.w.org\/{rel}","templated":true}]}}