{"id":115688,"date":"2026-01-28T10:02:08","date_gmt":"2026-01-28T10:02:08","guid":{"rendered":"https:\/\/www.europesays.com\/lv\/115688\/"},"modified":"2026-01-28T10:02:08","modified_gmt":"2026-01-28T10:02:08","slug":"krievijas-militars-apdraudejums-nato-tuvakajos-gados-nav-ticams","status":"publish","type":"post","link":"https:\/\/www.europesays.com\/lv\/115688\/","title":{"rendered":"Krievijas milit\u0101rs apdraud\u0113jums NATO tuv\u0101kajos gados nav ticams"},"content":{"rendered":"<p>T\u0101pat Krievija v\u0113rojot, ko dara Rietumi, kuri Pud\u0101na v\u0113rt\u0113jum\u0101 k\u013cuvu\u0161i daudz sp\u0113c\u012bg\u0101ki, daudz salied\u0113t\u0101ki milit\u0101ri un daudzos jaut\u0101jumos ar\u012b politiski.<\/p>\n<p>&#8220;Ir pan\u0101kts, k\u0101 m\u0113s var\u0113tu pie\u0146emt l\u0113mumus par kop\u012bgu r\u012bc\u012bbu. Vi\u0146i jau ar\u012b redz, k\u0101di ir nosprausti m\u0113r\u0137i par bru\u0146o\u0161anos, par milit\u0101r\u0101s industrijas att\u012bst\u012bbu, un, ja valstis pie tiem pietur\u0113sies, tas samazina \u0161\u012bs iesp\u0113jas. T\u0101d\u0113\u013c ar\u012b tie gadskait\u013ci, ko tagad sauc &#8211; 2028., 2029., 2030. l\u012bdz pat 2037. gadam -, izskan, jo tad parit\u0101te, \u012bpa\u0161i milit\u0101r\u0101s industrijas jom\u0101, varb\u016bt izl\u012bdzin\u0101sies,&#8221; uzsv\u0113ra Pud\u0101ns.<\/p>\n<p>\u0145emot v\u0113r\u0101 to, armijas komandieris uzskata, ka milit\u0101rs \u0101r\u0113js apdraud\u0113jums NATO n\u0101kamajos gados nav ticams, jo Krievija to nevar\u0113tu veikt.<\/p>\n<p>Vienlaikus past\u0101vot daudz citu iesp\u0113ju, ko Krievija dr\u012bz\u0101k varot izmantot savu m\u0113r\u0137u sasnieg\u0161anai.<\/p>\n<p>Pud\u0101ns intervij\u0101 v\u0113rsa uzman\u012bbu uz Krievijas hibr\u012bdoper\u0101cij\u0101m vai pat milit\u0101r\u0101m aktivit\u0101t\u0113m, kas var\u0113tu b\u016bt pasl\u0113ptas un glu\u017ei neizskat\u012bties p\u0113c uzbrukumiem NATO telpai vai tie\u0161a uzbrukuma ar m\u0113r\u0137i kaut ko okup\u0113t.<\/p>\n","protected":false},"excerpt":{"rendered":"T\u0101pat Krievija v\u0113rojot, ko dara Rietumi, kuri Pud\u0101na v\u0113rt\u0113jum\u0101 k\u013cuvu\u0161i daudz sp\u0113c\u012bg\u0101ki, daudz salied\u0113t\u0101ki milit\u0101ri un daudzos jaut\u0101jumos&hellip;\n","protected":false},"author":2,"featured_media":115689,"comment_status":"","ping_status":"","sticky":false,"template":"","format":"standard","meta":{"footnotes":""},"categories":[14],"tags":[23,57,28,29,32,33,22,2827,234,74,30,31,35,39,38,36,37,34,40,71,20,26,27,24,25,54,55,56,21,58],"class_list":{"0":"post-115688","1":"post","2":"type-post","3":"status-publish","4":"format-standard","5":"has-post-thumbnail","7":"category-zinas-no-arvalstim","8":"tag-aktualitates","9":"tag-arvalstim","10":"tag-breaking-news","11":"tag-breakingnews","12":"tag-featured-news","13":"tag-featurednews","14":"tag-headlines","15":"tag-kaspars-pudans","16":"tag-krievija","17":"tag-krievijas-iebrukums-ukraina","18":"tag-latest-news","19":"tag-latestnews","20":"tag-latvia","21":"tag-latvian","22":"tag-latviesu","23":"tag-latviesu-valoda","24":"tag-latviesuvaloda","25":"tag-latvija","26":"tag-lv","27":"tag-nato","28":"tag-news","29":"tag-popularakas-zinas","30":"tag-popularakaszinas","31":"tag-top-stories","32":"tag-topstories","33":"tag-world","34":"tag-world-news","35":"tag-worldnews","36":"tag-zinas","37":"tag-zinas-no-arvalstim"},"share_on_mastodon":{"url":"https:\/\/pubeurope.com\/@lv\/115972154507013041","error":""},"_links":{"self":[{"href":"https:\/\/www.europesays.com\/lv\/wp-json\/wp\/v2\/posts\/115688","targetHints":{"allow":["GET"]}}],"collection":[{"href":"https:\/\/www.europesays.com\/lv\/wp-json\/wp\/v2\/posts"}],"about":[{"href":"https:\/\/www.europesays.com\/lv\/wp-json\/wp\/v2\/types\/post"}],"author":[{"embeddable":true,"href":"https:\/\/www.europesays.com\/lv\/wp-json\/wp\/v2\/users\/2"}],"replies":[{"embeddable":true,"href":"https:\/\/www.europesays.com\/lv\/wp-json\/wp\/v2\/comments?post=115688"}],"version-history":[{"count":0,"href":"https:\/\/www.europesays.com\/lv\/wp-json\/wp\/v2\/posts\/115688\/revisions"}],"wp:featuredmedia":[{"embeddable":true,"href":"https:\/\/www.europesays.com\/lv\/wp-json\/wp\/v2\/media\/115689"}],"wp:attachment":[{"href":"https:\/\/www.europesays.com\/lv\/wp-json\/wp\/v2\/media?parent=115688"}],"wp:term":[{"taxonomy":"category","embeddable":true,"href":"https:\/\/www.europesays.com\/lv\/wp-json\/wp\/v2\/categories?post=115688"},{"taxonomy":"post_tag","embeddable":true,"href":"https:\/\/www.europesays.com\/lv\/wp-json\/wp\/v2\/tags?post=115688"}],"curies":[{"name":"wp","href":"https:\/\/api.w.org\/{rel}","templated":true}]}}